{"id":267138,"date":"2022-11-16T13:10:27","date_gmt":"2022-11-16T11:10:27","guid":{"rendered":"http:\/\/107.6.182.27\/tr\/?p=267138"},"modified":"2022-11-16T13:15:05","modified_gmt":"2022-11-16T11:15:05","slug":"cumhurbaskani-esad-umman-sultanligi-disisleri-bakani-bedr-bin-hamad-el-busaidi-ve-beraberindeki-heyeti-kabul-etti","status":"publish","type":"post","link":"https:\/\/archive.sana.sy\/tr\/?p=267138","title":{"rendered":"Cumhurba\u015fkan\u0131 Esad, Umman Sultanl\u0131\u011f\u0131 D\u0131\u015fi\u015fleri Bakan\u0131 Bedr Bin Hamad el Busaidi ve Beraberindeki Heyeti Kabul Etti"},"content":{"rendered":"<p>Cumhurba\u015fkan\u0131 Esad, Umman Sultanl\u0131\u011f\u0131 D\u0131\u015fi\u015fleri Bakan\u0131 Bedr Bin Hamad el Busaidi ve beraberindeki heyeti kabul etti<\/p>\n","protected":false},"excerpt":{"rendered":"<p>Cumhurba\u015fkan\u0131 Esad, Umman Sultanl\u0131\u011f\u0131 D\u0131\u015fi\u015fleri Bakan\u0131 Bedr Bin Hamad el Busaidi ve beraberindeki heyeti kabul etti<\/p>\n","protected":false},"author":36,"featured_media":0,"comment_status":"closed","ping_status":"closed","sticky":false,"template":"","format":"standard","meta":{"footnotes":""},"categories":[1],"tags":[],"class_list":["post-267138","post","type-post","status-publish","format-standard","","category-news-not-sorted"],"_links":{"self":[{"href":"https:\/\/archive.sana.sy\/tr\/index.php?rest_route=\/wp\/v2\/posts\/267138","targetHints":{"allow":["GET"]}}],"collection":[{"href":"https:\/\/archive.sana.sy\/tr\/index.php?rest_route=\/wp\/v2\/posts"}],"about":[{"href":"https:\/\/archive.sana.sy\/tr\/index.php?rest_route=\/wp\/v2\/types\/post"}],"author":[{"embeddable":true,"href":"https:\/\/archive.sana.sy\/tr\/index.php?rest_route=\/wp\/v2\/users\/36"}],"replies":[{"embeddable":true,"href":"https:\/\/archive.sana.sy\/tr\/index.php?rest_route=%2Fwp%2Fv2%2Fcomments&post=267138"}],"version-history":[{"count":0,"href":"https:\/\/archive.sana.sy\/tr\/index.php?rest_route=\/wp\/v2\/posts\/267138\/revisions"}],"wp:attachment":[{"href":"https:\/\/archive.sana.sy\/tr\/index.php?rest_route=%2Fwp%2Fv2%2Fmedia&parent=267138"}],"wp:term":[{"taxonomy":"category","embeddable":true,"href":"https:\/\/archive.sana.sy\/tr\/index.php?rest_route=%2Fwp%2Fv2%2Fcategories&post=267138"},{"taxonomy":"post_tag","embeddable":true,"href":"https:\/\/archive.sana.sy\/tr\/index.php?rest_route=%2Fwp%2Fv2%2Ftags&post=267138"}],"curies":[{"name":"wp","href":"https:\/\/api.w.org\/{rel}","templated":true}]}}