{"id":267140,"date":"2022-11-16T13:16:12","date_gmt":"2022-11-16T11:16:12","guid":{"rendered":"http:\/\/107.6.182.27\/tr\/?p=267140"},"modified":"2022-11-16T16:14:39","modified_gmt":"2022-11-16T14:14:39","slug":"cumhurbaskani-esad-umman-sultanligi-disisleri-bakani-bedr-bin-hamad-el-busaidi-ve-beraberindeki-heyeti-kabul-etti-2","status":"publish","type":"post","link":"https:\/\/archive.sana.sy\/tr\/?p=267140","title":{"rendered":"Cumhurba\u015fkan\u0131 Esad, Umman Sultanl\u0131\u011f\u0131 D\u0131\u015fi\u015fleri Bakan\u0131 Bedir Bin Hamad El Busaidi Ve Beraberindeki Heyeti Kabul Etti"},"content":{"rendered":"<p>\u015eAM \u2013 Cumhurba\u015fkan\u0131 Be\u015far Esad bug\u00fcn, Umman Sultanl\u0131\u011f\u0131 D\u0131\u015fi\u015fleri Bakan\u0131 Bedr Bin Hamad el Busaidi ve beraberindeki heyeti kabul etti.<\/p>\n<p><span style=\"color: #0000ff;\">Devam\u0131 gelecek..<\/span><\/p>\n","protected":false},"excerpt":{"rendered":"<p>\u015eAM \u2013 Cumhurba\u015fkan\u0131 Be\u015far Esad bug\u00fcn, Umman Sultanl\u0131\u011f\u0131 D\u0131\u015fi\u015fleri Bakan\u0131 Bedr Bin Hamad el Busaidi ve beraberindeki heyeti kabul etti. Devam\u0131 gelecek..<\/p>\n","protected":false},"author":36,"featured_media":267141,"comment_status":"closed","ping_status":"closed","sticky":false,"template":"","format":"standard","meta":{"footnotes":""},"categories":[1],"tags":[],"class_list":["post-267140","post","type-post","status-publish","format-standard","has-post-thumbnail","","category-news-not-sorted"],"_links":{"self":[{"href":"https:\/\/archive.sana.sy\/tr\/index.php?rest_route=\/wp\/v2\/posts\/267140","targetHints":{"allow":["GET"]}}],"collection":[{"href":"https:\/\/archive.sana.sy\/tr\/index.php?rest_route=\/wp\/v2\/posts"}],"about":[{"href":"https:\/\/archive.sana.sy\/tr\/index.php?rest_route=\/wp\/v2\/types\/post"}],"author":[{"embeddable":true,"href":"https:\/\/archive.sana.sy\/tr\/index.php?rest_route=\/wp\/v2\/users\/36"}],"replies":[{"embeddable":true,"href":"https:\/\/archive.sana.sy\/tr\/index.php?rest_route=%2Fwp%2Fv2%2Fcomments&post=267140"}],"version-history":[{"count":0,"href":"https:\/\/archive.sana.sy\/tr\/index.php?rest_route=\/wp\/v2\/posts\/267140\/revisions"}],"wp:featuredmedia":[{"embeddable":true,"href":"https:\/\/archive.sana.sy\/tr\/index.php?rest_route=\/wp\/v2\/media\/267141"}],"wp:attachment":[{"href":"https:\/\/archive.sana.sy\/tr\/index.php?rest_route=%2Fwp%2Fv2%2Fmedia&parent=267140"}],"wp:term":[{"taxonomy":"category","embeddable":true,"href":"https:\/\/archive.sana.sy\/tr\/index.php?rest_route=%2Fwp%2Fv2%2Fcategories&post=267140"},{"taxonomy":"post_tag","embeddable":true,"href":"https:\/\/archive.sana.sy\/tr\/index.php?rest_route=%2Fwp%2Fv2%2Ftags&post=267140"}],"curies":[{"name":"wp","href":"https:\/\/api.w.org\/{rel}","templated":true}]}}