{"id":267155,"date":"2022-11-16T14:04:39","date_gmt":"2022-11-16T12:04:39","guid":{"rendered":"http:\/\/107.6.182.27\/tr\/?p=267155"},"modified":"2022-11-17T07:47:13","modified_gmt":"2022-11-17T05:47:13","slug":"huzeyim-pakistanin-samdaki-buyukelcisi-ile-ulasim-alaninda-ikili-iliskileri-gelistirmenin-yollarini-gorusuyor","status":"publish","type":"post","link":"https:\/\/archive.sana.sy\/tr\/?p=267155","title":{"rendered":"Huzeyim, Pakistan&#8217;\u0131n \u015eam&#8217;daki B\u00fcy\u00fckel\u00e7isi \u0130le Ula\u015f\u0131m Alan\u0131nda \u0130kili \u0130li\u015fkileri Geli\u015ftirmenin Yollar\u0131n\u0131 G\u00f6r\u00fc\u015ft\u00fc"},"content":{"rendered":"<p>\u015eAM \u2013 Ula\u015f\u0131m Bakan\u0131 Zuheyir Huzeyim bug\u00fcn Pakistan \u0130slam Cumhuriyeti&#8217;nin \u015eam B\u00fcy\u00fckel\u00e7isi \u015eahid Ahtar ile ula\u015f\u0131m alanlar\u0131nda ikili ili\u015fkileri g\u00fc\u00e7lendirmenin yollar\u0131n\u0131 ve bunlar\u0131 geli\u015ftirmenin \u00f6nemini g\u00f6r\u00fc\u015ft\u00fc.<\/p>\n<p>Huzeyim g\u00f6r\u00fc\u015fmede, tek tarafl\u0131 zorlay\u0131c\u0131 yatpt\u0131r\u0131mlar\u0131n Suriye halk\u0131 \u00fczerindeki yans\u0131malar\u0131n\u0131, Suriye&#8217;de ter\u00f6r nedeniyle ula\u015f\u0131m sekt\u00f6r\u00fcn\u00fcn maruz kald\u0131\u011f\u0131 y\u0131k\u0131m ve sabotajlar\u0131 ve bunu a\u015fman\u0131n yollar\u0131n\u0131 anlatt\u0131.<\/p>\n<p>\u0130ki taraf ayr\u0131ca, \u00f6zellikle hava ta\u015f\u0131mac\u0131l\u0131\u011f\u0131 alanlar\u0131nda ortak i\u015fbirli\u011finin ufkunu ve iki \u00fclke aras\u0131ndaki ticari ve ekonomik al\u0131\u015fveri\u015fin hareketini geni\u015fletmek ve art\u0131rmak i\u00e7in ula\u015f\u0131m arterlerini birbirine ba\u011flaman\u0131n \u00f6nemini masaya yat\u0131rd\u0131.<\/p>\n<p>B\u00fcy\u00fckel\u00e7i Ahtar ise, ula\u015f\u0131m kurumlar\u0131 aras\u0131ndaki ili\u015fkilerin desteklenmesi ve g\u00fc\u00e7lendirilmesi ve bunu gerektiren mevsimlerde u\u00e7u\u015flar\u0131n etkinle\u015ftirilmesi ve say\u0131s\u0131n\u0131n art\u0131r\u0131lmas\u0131 gerekti\u011fine i\u015faret ederek, \u00fclkesinin Suriye&#8217;ye destek tutumunu vurgulad\u0131.<\/p>\n<p><a class=\"x1i10hfl xjbqb8w x6umtig x1b1mbwd xaqea5y xav7gou x9f619 x1ypdohk xt0psk2 xe8uvvx xdj266r x11i5rnm xat24cr x1mh8g0r xexx8yu x4uap5 x18d9i69 xkhd6sd x16tdsg8 x1hl2dhg xggy1nq x1a2a7pz xt0b8zv x1qq9wsj xo1l8bm\" tabindex=\"0\" role=\"link\" href=\"https:\/\/www.facebook.com\/hashtag\/telegram_kanal%C4%B1m%C4%B1z?__eep__=6&amp;__cft__[0]=AZVTi2BZI1Yd6-5Wm_5Ynn-lbxzCD3u63-rxe6C7UwXi9P3l01Kvp81pWGZfh0eJak8xPWmrAuJqhTtf45151n9imdpbacJwLeFMyWGd6ndvwEDR5ndjDDmsHm3cg60skkU&amp;__tn__=*NK-R\">#Telegram_Kanal\u0131m\u0131z<\/a>:\u00a0<a class=\"x1i10hfl xjbqb8w x6umtig x1b1mbwd xaqea5y xav7gou x9f619 x1ypdohk xt0psk2 xe8uvvx xdj266r x11i5rnm xat24cr x1mh8g0r xexx8yu x4uap5 x18d9i69 xkhd6sd x16tdsg8 x1hl2dhg xggy1nq x1a2a7pz xt0b8zv x1fey0fg\" tabindex=\"0\" role=\"link\" href=\"https:\/\/t.me\/SuriyeArapHaberAjans%C4%B1?fbclid=IwAR0aS3gAp41sVMCdsooUssm_ZL7v0ROm_TxB1Pss1SpqB3tCSUkf6cmIRU8\" target=\"_blank\" rel=\"nofollow noopener\">https:\/\/t.me\/SuriyeArapHaberAjans\u0131<\/a><\/p>\n<p>&nbsp;<\/p>\n","protected":false},"excerpt":{"rendered":"<p>\u015eAM \u2013 Ula\u015f\u0131m Bakan\u0131 Zuheyir Huzeyim bug\u00fcn Pakistan \u0130slam Cumhuriyeti&#8217;nin \u015eam B\u00fcy\u00fckel\u00e7isi \u015eahid Ahtar ile ula\u015f\u0131m alanlar\u0131nda ikili ili\u015fkileri g\u00fc\u00e7lendirmenin yollar\u0131n\u0131 ve bunlar\u0131 geli\u015ftirmenin \u00f6nemini g\u00f6r\u00fc\u015ft\u00fc. Huzeyim g\u00f6r\u00fc\u015fmede, tek tarafl\u0131 zorlay\u0131c\u0131 yatpt\u0131r\u0131mlar\u0131n Suriye halk\u0131 \u00fczerindeki yans\u0131malar\u0131n\u0131, Suriye&#8217;de ter\u00f6r nedeniyle ula\u015f\u0131m sekt\u00f6r\u00fcn\u00fcn maruz kald\u0131\u011f\u0131 y\u0131k\u0131m ve sabotajlar\u0131 ve bunu a\u015fman\u0131n yollar\u0131n\u0131 anlatt\u0131. \u0130ki taraf ayr\u0131ca, \u00f6zellikle &hellip;<\/p>\n","protected":false},"author":41,"featured_media":267157,"comment_status":"closed","ping_status":"closed","sticky":false,"template":"","format":"standard","meta":{"footnotes":""},"categories":[479,17988,478],"tags":[],"class_list":["post-267155","post","type-post","status-publish","format-standard","has-post-thumbnail","","category-haberler-yerel","category-son-haberler","category-yerel"],"_links":{"self":[{"href":"https:\/\/archive.sana.sy\/tr\/index.php?rest_route=\/wp\/v2\/posts\/267155","targetHints":{"allow":["GET"]}}],"collection":[{"href":"https:\/\/archive.sana.sy\/tr\/index.php?rest_route=\/wp\/v2\/posts"}],"about":[{"href":"https:\/\/archive.sana.sy\/tr\/index.php?rest_route=\/wp\/v2\/types\/post"}],"author":[{"embeddable":true,"href":"https:\/\/archive.sana.sy\/tr\/index.php?rest_route=\/wp\/v2\/users\/41"}],"replies":[{"embeddable":true,"href":"https:\/\/archive.sana.sy\/tr\/index.php?rest_route=%2Fwp%2Fv2%2Fcomments&post=267155"}],"version-history":[{"count":0,"href":"https:\/\/archive.sana.sy\/tr\/index.php?rest_route=\/wp\/v2\/posts\/267155\/revisions"}],"wp:featuredmedia":[{"embeddable":true,"href":"https:\/\/archive.sana.sy\/tr\/index.php?rest_route=\/wp\/v2\/media\/267157"}],"wp:attachment":[{"href":"https:\/\/archive.sana.sy\/tr\/index.php?rest_route=%2Fwp%2Fv2%2Fmedia&parent=267155"}],"wp:term":[{"taxonomy":"category","embeddable":true,"href":"https:\/\/archive.sana.sy\/tr\/index.php?rest_route=%2Fwp%2Fv2%2Fcategories&post=267155"},{"taxonomy":"post_tag","embeddable":true,"href":"https:\/\/archive.sana.sy\/tr\/index.php?rest_route=%2Fwp%2Fv2%2Ftags&post=267155"}],"curies":[{"name":"wp","href":"https:\/\/api.w.org\/{rel}","templated":true}]}}