{"id":267169,"date":"2022-11-16T16:15:56","date_gmt":"2022-11-16T14:15:56","guid":{"rendered":"http:\/\/107.6.182.27\/tr\/?p=267169"},"modified":"2022-11-21T17:36:35","modified_gmt":"2022-11-21T15:36:35","slug":"cumhurbaskani-esad-umman-sultani-haysem-bin-tariktan-iki-ulke-arasindaki-ikili-iliskilere-iliskin-bir-mektup-teslim-aldi","status":"publish","type":"post","link":"https:\/\/archive.sana.sy\/tr\/?p=267169","title":{"rendered":"Cumhurba\u015fkan\u0131 Esad, Umman Sultan\u0131 Haysem Bin Tar\u0131k&#8217;tan \u0130ki \u00dclke Aras\u0131ndaki \u0130kili \u0130li\u015fkilere \u0130li\u015fkin Bir Mektup \u00a0Teslim Ald\u0131"},"content":{"rendered":"<p>\u015eAM \u2013 Cumhurba\u015fkan\u0131 Be\u015f\u015far Esad bug\u00fcn, Umman Sultanl\u0131\u011f\u0131 D\u0131\u015fi\u015fleri Bakan\u0131 Bedir Bin Hamad El Busaidi ve beraberindeki heyeti kabul etti.<\/p>\n<p>Ummanl\u0131 bakan, Cumhurba\u015fkan\u0131 Esad&#8217;a Umman Sultan\u0131 Haysem Bin Tar\u0131k&#8217;tan iki \u00fclke Aras\u0131ndaki ikili ili\u015fkilere ili\u015fkin bir mektup teslim etti.<\/p>\n<p>Cumhurba\u015fkan\u0131 Esad, konuk bakanla Suriye ve Umman aras\u0131nda pek \u00e7ok alanda artan ikili i\u015fbirli\u011finin yan\u0131 s\u0131ra b\u00f6lgesel ve uluslararas\u0131 arenadaki geli\u015fmeleri ele ald\u0131.<\/p>\n<p>Cumhurba\u015fkan\u0131 Esad ayr\u0131ca , b\u00f6lge meselelerine hizmet etmek ve b\u00f6lge halklar\u0131n\u0131n maruz kald\u0131\u011f\u0131 zorluklarla y\u00fczle\u015fmek i\u00e7in Arap d\u00fczeyinde a\u00e7\u0131k diyalogun gerekli oldu\u011funu vurgulayarak, Umman Sultanl\u0131\u011f\u0131&#8217;n\u0131 di\u011ferlerinden ay\u0131ran \u00f6zelli\u011fin, Arap kimli\u011fini ve aidiyetini korurken, politikalar\u0131n\u0131n ilkelili\u011fi ve dengesi ile pozisyonlar\u0131n\u0131n netli\u011fi ve \u015feffafl\u0131\u011f\u0131 oldu\u011funu kaydetti.<\/p>\n<p>Bakan El Busaidi ise, Suriye&#8217;nin b\u00f6lgede \u00e7ok \u00f6nemli bir \u00fclke oldu\u011funu ve Umman&#8217;\u0131n b\u00f6lgedeki durum ve ortak endi\u015fe konular\u0131 hakk\u0131nda Suriye ile isti\u015fare ve koordinasyonu s\u00fcrd\u00fcrmek istedi\u011fini vurgularken, \u00fclkesinin Umman-Suriye i\u015fbirli\u011finin iki karde\u015f halk\u0131n \u00e7\u0131karlar\u0131n\u0131 g\u00f6zeten ve onlara fayda sa\u011flayan t\u00fcm sekt\u00f6rlerde h\u00fck\u00fcmet ve halk d\u00fczeyinde geli\u015ftirilmesine \u00f6zel \u00f6nem verdi\u011fine i\u015faret etti.<\/p>\n<p><iframe loading=\"lazy\" title=\"\u0627\u0644\u0631\u0626\u064a\u0633 \u0627\u0644\u0623\u0633\u062f \u064a\u062a\u0644\u0642\u0649 \u0631\u0633\u0627\u0644\u0629 \u0645\u0646 \u0633\u0644\u0637\u0627\u0646 \u0639\u064f\u0645\u0627\u0646 \u0647\u064a\u062b\u0645 \u0628\u0646 \u0637\u0627\u0631\u0642 \u062a\u062a\u0639\u0644\u0642 \u0628\u0627\u0644\u0639\u0644\u0627\u0642\u0627\u062a \u0627\u0644\u062b\u0646\u0627\u0626\u064a\u0629 \u0628\u064a\u0646 \u0627\u0644\u0628\u0644\u062f\u064a\u0646\" width=\"618\" height=\"348\" src=\"https:\/\/www.youtube.com\/embed\/-vxHkZMULDg?feature=oembed\" frameborder=\"0\" allow=\"accelerometer; autoplay; clipboard-write; encrypted-media; gyroscope; picture-in-picture; web-share\" referrerpolicy=\"strict-origin-when-cross-origin\" allowfullscreen><\/iframe><\/p>\n<div id='gallery-1' class='gallery galleryid-267169 gallery-columns-1 gallery-size-full'><figure class='gallery-item'>\n\t\t\t<div class='gallery-icon landscape'>\n\t\t\t\t<a href='https:\/\/archive.sana.sy\/tr\/?attachment_id=267174'><img loading=\"lazy\" decoding=\"async\" width=\"1200\" height=\"606\" src=\"https:\/\/archive.sana.sy\/tr\/wp-content\/uploads\/2022\/11\/DSC04239.jpg\" class=\"attachment-full size-full\" alt=\"\" srcset=\"https:\/\/archive.sana.sy\/tr\/wp-content\/uploads\/2022\/11\/DSC04239.jpg 1200w, https:\/\/archive.sana.sy\/tr\/wp-content\/uploads\/2022\/11\/DSC04239-300x152.jpg 300w, https:\/\/archive.sana.sy\/tr\/wp-content\/uploads\/2022\/11\/DSC04239-1024x517.jpg 1024w, https:\/\/archive.sana.sy\/tr\/wp-content\/uploads\/2022\/11\/DSC04239-150x76.jpg 150w, https:\/\/archive.sana.sy\/tr\/wp-content\/uploads\/2022\/11\/DSC04239-768x388.jpg 768w\" sizes=\"auto, (max-width: 1200px) 100vw, 1200px\" \/><\/a>\n\t\t\t<\/div><\/figure><figure class='gallery-item'>\n\t\t\t<div class='gallery-icon landscape'>\n\t\t\t\t<a href='https:\/\/archive.sana.sy\/tr\/?attachment_id=267173'><img loading=\"lazy\" decoding=\"async\" width=\"1200\" height=\"783\" src=\"https:\/\/archive.sana.sy\/tr\/wp-content\/uploads\/2022\/11\/DSC06847.jpg\" class=\"attachment-full size-full\" alt=\"\" srcset=\"https:\/\/archive.sana.sy\/tr\/wp-content\/uploads\/2022\/11\/DSC06847.jpg 1200w, https:\/\/archive.sana.sy\/tr\/wp-content\/uploads\/2022\/11\/DSC06847-300x196.jpg 300w, https:\/\/archive.sana.sy\/tr\/wp-content\/uploads\/2022\/11\/DSC06847-1024x668.jpg 1024w, https:\/\/archive.sana.sy\/tr\/wp-content\/uploads\/2022\/11\/DSC06847-150x98.jpg 150w, https:\/\/archive.sana.sy\/tr\/wp-content\/uploads\/2022\/11\/DSC06847-768x501.jpg 768w\" sizes=\"auto, (max-width: 1200px) 100vw, 1200px\" \/><\/a>\n\t\t\t<\/div><\/figure>\n\t\t<\/div>\n\n<p><a class=\"x1i10hfl xjbqb8w x6umtig x1b1mbwd xaqea5y xav7gou x9f619 x1ypdohk xt0psk2 xe8uvvx xdj266r x11i5rnm xat24cr x1mh8g0r xexx8yu x4uap5 x18d9i69 xkhd6sd x16tdsg8 x1hl2dhg xggy1nq x1a2a7pz xt0b8zv x1qq9wsj xo1l8bm\" tabindex=\"0\" role=\"link\" href=\"https:\/\/www.facebook.com\/hashtag\/telegram_kanal%C4%B1m%C4%B1z?__eep__=6&amp;__cft__[0]=AZVTi2BZI1Yd6-5Wm_5Ynn-lbxzCD3u63-rxe6C7UwXi9P3l01Kvp81pWGZfh0eJak8xPWmrAuJqhTtf45151n9imdpbacJwLeFMyWGd6ndvwEDR5ndjDDmsHm3cg60skkU&amp;__tn__=*NK-R\">#Telegram_Kanal\u0131m\u0131z<\/a>:\u00a0<a class=\"x1i10hfl xjbqb8w x6umtig x1b1mbwd xaqea5y xav7gou x9f619 x1ypdohk xt0psk2 xe8uvvx xdj266r x11i5rnm xat24cr x1mh8g0r xexx8yu x4uap5 x18d9i69 xkhd6sd x16tdsg8 x1hl2dhg xggy1nq x1a2a7pz xt0b8zv x1fey0fg\" tabindex=\"0\" role=\"link\" href=\"https:\/\/t.me\/SuriyeArapHaberAjans%C4%B1?fbclid=IwAR0aS3gAp41sVMCdsooUssm_ZL7v0ROm_TxB1Pss1SpqB3tCSUkf6cmIRU8\" target=\"_blank\" rel=\"nofollow noopener\">https:\/\/t.me\/SuriyeArapHaberAjans\u0131<\/a><\/p>\n","protected":false},"excerpt":{"rendered":"<p>\u015eAM \u2013 Cumhurba\u015fkan\u0131 Be\u015f\u015far Esad bug\u00fcn, Umman Sultanl\u0131\u011f\u0131 D\u0131\u015fi\u015fleri Bakan\u0131 Bedir Bin Hamad El Busaidi ve beraberindeki heyeti kabul etti. Ummanl\u0131 bakan, Cumhurba\u015fkan\u0131 Esad&#8217;a Umman Sultan\u0131 Haysem Bin Tar\u0131k&#8217;tan iki \u00fclke Aras\u0131ndaki ikili ili\u015fkilere ili\u015fkin bir mektup teslim etti. Cumhurba\u015fkan\u0131 Esad, konuk bakanla Suriye ve Umman aras\u0131nda pek \u00e7ok alanda artan ikili i\u015fbirli\u011finin yan\u0131 s\u0131ra &hellip;<\/p>\n","protected":false},"author":41,"featured_media":267170,"comment_status":"closed","ping_status":"closed","sticky":false,"template":"","format":"standard","meta":{"footnotes":""},"categories":[608,479,605,17988,478],"tags":[],"class_list":["post-267169","post","type-post","status-publish","format-standard","has-post-thumbnail","","category-etkinlikler","category-haberler-yerel","category-sayin-cumhurbaskani","category-son-haberler","category-yerel"],"_links":{"self":[{"href":"https:\/\/archive.sana.sy\/tr\/index.php?rest_route=\/wp\/v2\/posts\/267169","targetHints":{"allow":["GET"]}}],"collection":[{"href":"https:\/\/archive.sana.sy\/tr\/index.php?rest_route=\/wp\/v2\/posts"}],"about":[{"href":"https:\/\/archive.sana.sy\/tr\/index.php?rest_route=\/wp\/v2\/types\/post"}],"author":[{"embeddable":true,"href":"https:\/\/archive.sana.sy\/tr\/index.php?rest_route=\/wp\/v2\/users\/41"}],"replies":[{"embeddable":true,"href":"https:\/\/archive.sana.sy\/tr\/index.php?rest_route=%2Fwp%2Fv2%2Fcomments&post=267169"}],"version-history":[{"count":0,"href":"https:\/\/archive.sana.sy\/tr\/index.php?rest_route=\/wp\/v2\/posts\/267169\/revisions"}],"wp:featuredmedia":[{"embeddable":true,"href":"https:\/\/archive.sana.sy\/tr\/index.php?rest_route=\/wp\/v2\/media\/267170"}],"wp:attachment":[{"href":"https:\/\/archive.sana.sy\/tr\/index.php?rest_route=%2Fwp%2Fv2%2Fmedia&parent=267169"}],"wp:term":[{"taxonomy":"category","embeddable":true,"href":"https:\/\/archive.sana.sy\/tr\/index.php?rest_route=%2Fwp%2Fv2%2Fcategories&post=267169"},{"taxonomy":"post_tag","embeddable":true,"href":"https:\/\/archive.sana.sy\/tr\/index.php?rest_route=%2Fwp%2Fv2%2Ftags&post=267169"}],"curies":[{"name":"wp","href":"https:\/\/api.w.org\/{rel}","templated":true}]}}