{"id":267186,"date":"2022-11-16T16:29:48","date_gmt":"2022-11-16T14:29:48","guid":{"rendered":"http:\/\/107.6.182.27\/tr\/?p=267186"},"modified":"2022-11-16T16:29:48","modified_gmt":"2022-11-16T14:29:48","slug":"cumhurbaskani-esad-umman-sultani-haysem-bin-tariktan-iki-ulke-arasindaki-ikili-iliskilere-iliskin-bir-mektup-teslim-aldi-3","status":"publish","type":"post","link":"https:\/\/archive.sana.sy\/tr\/?p=267186","title":{"rendered":"Cumhurba\u015fkan\u0131 Esad, Umman Sultan\u0131 Haysem Bin Tar\u0131k\u2019tan \u0130ki \u00dclke Aras\u0131ndaki \u0130kili \u0130li\u015fkilere \u0130li\u015fkin Bir Mektup  Teslim Ald\u0131"},"content":{"rendered":"<div id='gallery-1' class='gallery galleryid-267186 gallery-columns-1 gallery-size-full'><figure class='gallery-item'>\n\t\t\t<div class='gallery-icon landscape'>\n\t\t\t\t<a href='https:\/\/archive.sana.sy\/tr\/?attachment_id=267189'><img loading=\"lazy\" decoding=\"async\" width=\"1200\" height=\"606\" src=\"https:\/\/archive.sana.sy\/tr\/wp-content\/uploads\/2022\/11\/DSC04239-1.jpg\" class=\"attachment-full size-full\" alt=\"\" srcset=\"https:\/\/archive.sana.sy\/tr\/wp-content\/uploads\/2022\/11\/DSC04239-1.jpg 1200w, https:\/\/archive.sana.sy\/tr\/wp-content\/uploads\/2022\/11\/DSC04239-1-300x152.jpg 300w, https:\/\/archive.sana.sy\/tr\/wp-content\/uploads\/2022\/11\/DSC04239-1-1024x517.jpg 1024w, https:\/\/archive.sana.sy\/tr\/wp-content\/uploads\/2022\/11\/DSC04239-1-150x76.jpg 150w, https:\/\/archive.sana.sy\/tr\/wp-content\/uploads\/2022\/11\/DSC04239-1-768x388.jpg 768w\" sizes=\"auto, (max-width: 1200px) 100vw, 1200px\" \/><\/a>\n\t\t\t<\/div><\/figure><figure class='gallery-item'>\n\t\t\t<div class='gallery-icon landscape'>\n\t\t\t\t<a href='https:\/\/archive.sana.sy\/tr\/?attachment_id=267188'><img loading=\"lazy\" decoding=\"async\" width=\"1200\" height=\"783\" src=\"https:\/\/archive.sana.sy\/tr\/wp-content\/uploads\/2022\/11\/DSC06847-1.jpg\" class=\"attachment-full size-full\" alt=\"\" srcset=\"https:\/\/archive.sana.sy\/tr\/wp-content\/uploads\/2022\/11\/DSC06847-1.jpg 1200w, https:\/\/archive.sana.sy\/tr\/wp-content\/uploads\/2022\/11\/DSC06847-1-300x196.jpg 300w, https:\/\/archive.sana.sy\/tr\/wp-content\/uploads\/2022\/11\/DSC06847-1-1024x668.jpg 1024w, https:\/\/archive.sana.sy\/tr\/wp-content\/uploads\/2022\/11\/DSC06847-1-150x98.jpg 150w, https:\/\/archive.sana.sy\/tr\/wp-content\/uploads\/2022\/11\/DSC06847-1-768x501.jpg 768w\" sizes=\"auto, (max-width: 1200px) 100vw, 1200px\" \/><\/a>\n\t\t\t<\/div><\/figure>\n\t\t<\/div>\n\n","protected":false},"excerpt":{"rendered":"","protected":false},"author":41,"featured_media":267187,"comment_status":"closed","ping_status":"closed","sticky":false,"template":"","format":"standard","meta":{"footnotes":""},"categories":[6459],"tags":[],"class_list":["post-267186","post","type-post","status-publish","format-standard","has-post-thumbnail","","category-sana-fotolarl"],"_links":{"self":[{"href":"https:\/\/archive.sana.sy\/tr\/index.php?rest_route=\/wp\/v2\/posts\/267186","targetHints":{"allow":["GET"]}}],"collection":[{"href":"https:\/\/archive.sana.sy\/tr\/index.php?rest_route=\/wp\/v2\/posts"}],"about":[{"href":"https:\/\/archive.sana.sy\/tr\/index.php?rest_route=\/wp\/v2\/types\/post"}],"author":[{"embeddable":true,"href":"https:\/\/archive.sana.sy\/tr\/index.php?rest_route=\/wp\/v2\/users\/41"}],"replies":[{"embeddable":true,"href":"https:\/\/archive.sana.sy\/tr\/index.php?rest_route=%2Fwp%2Fv2%2Fcomments&post=267186"}],"version-history":[{"count":0,"href":"https:\/\/archive.sana.sy\/tr\/index.php?rest_route=\/wp\/v2\/posts\/267186\/revisions"}],"wp:featuredmedia":[{"embeddable":true,"href":"https:\/\/archive.sana.sy\/tr\/index.php?rest_route=\/wp\/v2\/media\/267187"}],"wp:attachment":[{"href":"https:\/\/archive.sana.sy\/tr\/index.php?rest_route=%2Fwp%2Fv2%2Fmedia&parent=267186"}],"wp:term":[{"taxonomy":"category","embeddable":true,"href":"https:\/\/archive.sana.sy\/tr\/index.php?rest_route=%2Fwp%2Fv2%2Fcategories&post=267186"},{"taxonomy":"post_tag","embeddable":true,"href":"https:\/\/archive.sana.sy\/tr\/index.php?rest_route=%2Fwp%2Fv2%2Ftags&post=267186"}],"curies":[{"name":"wp","href":"https:\/\/api.w.org\/{rel}","templated":true}]}}