{"id":267224,"date":"2022-11-17T10:34:26","date_gmt":"2022-11-17T08:34:26","guid":{"rendered":"http:\/\/107.6.182.27\/tr\/?p=267224"},"modified":"2022-11-19T08:21:36","modified_gmt":"2022-11-19T06:21:36","slug":"iklim-konferansi-oturum-aralarinda-cevre-alaninda-isbirligini-gelistirmek-icin-suriye-urdun-gorusmeleri","status":"publish","type":"post","link":"https:\/\/archive.sana.sy\/tr\/?p=267224","title":{"rendered":"\u0130klim Konferans\u0131 Oturum Aralar\u0131nda \u00c7evre Alan\u0131nda \u0130\u015fbirli\u011fini Geli\u015ftirmek \u0130\u00e7in Suriye-\u00dcrd\u00fcn G\u00f6r\u00fc\u015fmeleri"},"content":{"rendered":"<p>\u015eARM EL \u015eEYH \u2013 Yerel Y\u00f6netim ve \u00c7evre Bakan\u0131 M\u00fch. H\u00fcseyin Mahluf, \u00dcrd\u00fcn \u00c7evre Bakan\u0131 Dr. Muaviye El Radayda ile iklim de\u011fi\u015fikli\u011fi ve toz f\u0131rt\u0131nalar\u0131n\u0131n etkilerini azaltmak ve bu alandaki her iki taraf\u0131n deneyimlerinden yararlanmak i\u00e7in \u00e7evresel alanlarda i\u015fbirli\u011fi ve entegrasyon yollar\u0131n\u0131 g\u00f6r\u00fc\u015ft\u00fc.<\/p>\n<p>Toplant\u0131, Birle\u015fmi\u015f Milletler \u0130klim De\u011fi\u015fikli\u011fi \u00c7er\u00e7eve S\u00f6zle\u015fmesine Taraf Devletlerin 27. Konferans\u0131na kat\u0131l\u0131m \u00e7er\u00e7evesinde ger\u00e7ekle\u015fti.<\/p>\n<p>Mahluf, i\u015f birli\u011finin iklim de\u011fi\u015fikliklerinin ve b\u00f6lgeyi s\u0131k s\u0131k vurmaya ba\u015flayan ve \u00e7evre \u00fczerinde b\u00fcy\u00fck etkiler b\u0131rakan toz f\u0131rt\u0131nalar\u0131n\u0131n azalt\u0131lmas\u0131na etki edecek ortak \u00e7al\u0131\u015fma ve projelerin ortaya \u00e7\u0131kmas\u0131n\u0131 umdu\u011funu dile getirdi.<\/p>\n<p>El Radayda ise bu alanda ortak i\u015f birli\u011finin \u00f6nemine ve bu konudaki \u00e7al\u0131\u015fmalar\u0131n y\u00fcr\u00fct\u00fclmesinde kullan\u0131labilecek deneyimlerin payla\u015f\u0131lmas\u0131 gereklili\u011fine i\u015faret etti.<\/p>\n<p>Toplant\u0131ya \u00dcrd\u00fcn taraf\u0131ndan Enerji, Maden Kaynaklar\u0131, Su ve Sulama Bakanlar\u0131, Suriye taraf\u0131ndan M\u0131s\u0131r B\u00fcy\u00fckel\u00e7isi ve Yerel Y\u00f6netim ve \u00c7evre Bakan Yard\u0131mc\u0131s\u0131 kat\u0131ld\u0131.<\/p>\n<p><a class=\"x1i10hfl xjbqb8w x6umtig x1b1mbwd xaqea5y xav7gou x9f619 x1ypdohk xt0psk2 xe8uvvx xdj266r x11i5rnm xat24cr x1mh8g0r xexx8yu x4uap5 x18d9i69 xkhd6sd x16tdsg8 x1hl2dhg xggy1nq x1a2a7pz xt0b8zv x1qq9wsj xo1l8bm\" tabindex=\"0\" role=\"link\" href=\"https:\/\/www.facebook.com\/hashtag\/telegram_kanal%C4%B1m%C4%B1z?__eep__=6&amp;__cft__[0]=AZWybsbMjPH8bGXYGn7UzBeYKuoviLIZKIiETgDn9FtZH1_IzYOTqoMIWUv36j3EelzoEQAnDfz0m1eWcmgH13hDkPBaQffaYkkLoUGXiNe0XYEnrnwGThYFxtSa-0AZxWw&amp;__tn__=*NK-R\">#Telegram_Kanal\u0131m\u0131z<\/a>:\u00a0<a class=\"x1i10hfl xjbqb8w x6umtig x1b1mbwd xaqea5y xav7gou x9f619 x1ypdohk xt0psk2 xe8uvvx xdj266r x11i5rnm xat24cr x1mh8g0r xexx8yu x4uap5 x18d9i69 xkhd6sd x16tdsg8 x1hl2dhg xggy1nq x1a2a7pz xt0b8zv x1fey0fg\" tabindex=\"0\" role=\"link\" href=\"https:\/\/t.me\/SuriyeArapHaberAjans%C4%B1?fbclid=IwAR1MU1QUF95aKuCb-kG8pqK0I268kSlH_gTjPbtnVY5EkAwV88S5ivdilNw\" target=\"_blank\" rel=\"nofollow noopener\">https:\/\/t.me\/SuriyeArapHaberAjans\u0131<\/a><\/p>\n","protected":false},"excerpt":{"rendered":"<p>\u015eARM EL \u015eEYH \u2013 Yerel Y\u00f6netim ve \u00c7evre Bakan\u0131 M\u00fch. H\u00fcseyin Mahluf, \u00dcrd\u00fcn \u00c7evre Bakan\u0131 Dr. Muaviye El Radayda ile iklim de\u011fi\u015fikli\u011fi ve toz f\u0131rt\u0131nalar\u0131n\u0131n etkilerini azaltmak ve bu alandaki her iki taraf\u0131n deneyimlerinden yararlanmak i\u00e7in \u00e7evresel alanlarda i\u015fbirli\u011fi ve entegrasyon yollar\u0131n\u0131 g\u00f6r\u00fc\u015ft\u00fc. Toplant\u0131, Birle\u015fmi\u015f Milletler \u0130klim De\u011fi\u015fikli\u011fi \u00c7er\u00e7eve S\u00f6zle\u015fmesine Taraf Devletlerin 27. Konferans\u0131na kat\u0131l\u0131m &hellip;<\/p>\n","protected":false},"author":36,"featured_media":267225,"comment_status":"closed","ping_status":"closed","sticky":false,"template":"","format":"standard","meta":{"footnotes":""},"categories":[458,459,17988],"tags":[],"class_list":["post-267224","post","type-post","status-publish","format-standard","has-post-thumbnail","","category-dunya1","category-haberler-arap-uluslararasi-politika","category-son-haberler"],"_links":{"self":[{"href":"https:\/\/archive.sana.sy\/tr\/index.php?rest_route=\/wp\/v2\/posts\/267224","targetHints":{"allow":["GET"]}}],"collection":[{"href":"https:\/\/archive.sana.sy\/tr\/index.php?rest_route=\/wp\/v2\/posts"}],"about":[{"href":"https:\/\/archive.sana.sy\/tr\/index.php?rest_route=\/wp\/v2\/types\/post"}],"author":[{"embeddable":true,"href":"https:\/\/archive.sana.sy\/tr\/index.php?rest_route=\/wp\/v2\/users\/36"}],"replies":[{"embeddable":true,"href":"https:\/\/archive.sana.sy\/tr\/index.php?rest_route=%2Fwp%2Fv2%2Fcomments&post=267224"}],"version-history":[{"count":0,"href":"https:\/\/archive.sana.sy\/tr\/index.php?rest_route=\/wp\/v2\/posts\/267224\/revisions"}],"wp:featuredmedia":[{"embeddable":true,"href":"https:\/\/archive.sana.sy\/tr\/index.php?rest_route=\/wp\/v2\/media\/267225"}],"wp:attachment":[{"href":"https:\/\/archive.sana.sy\/tr\/index.php?rest_route=%2Fwp%2Fv2%2Fmedia&parent=267224"}],"wp:term":[{"taxonomy":"category","embeddable":true,"href":"https:\/\/archive.sana.sy\/tr\/index.php?rest_route=%2Fwp%2Fv2%2Fcategories&post=267224"},{"taxonomy":"post_tag","embeddable":true,"href":"https:\/\/archive.sana.sy\/tr\/index.php?rest_route=%2Fwp%2Fv2%2Ftags&post=267224"}],"curies":[{"name":"wp","href":"https:\/\/api.w.org\/{rel}","templated":true}]}}