{"id":267238,"date":"2022-11-17T12:53:32","date_gmt":"2022-11-17T10:53:32","guid":{"rendered":"http:\/\/107.6.182.27\/tr\/?p=267238"},"modified":"2022-11-17T12:53:32","modified_gmt":"2022-11-17T10:53:32","slug":"derada-teror-gruplarindan-kalan-silah-ve-muhimmat-ele-gecirildi-3","status":"publish","type":"post","link":"https:\/\/archive.sana.sy\/tr\/?p=267238","title":{"rendered":"Dera\u2019da Ter\u00f6r Gruplar\u0131ndan Kalan Silah ve M\u00fchimmat Ele Ge\u00e7irildi"},"content":{"rendered":"<p class=\"name post-title entry-title\">Dera\u2019da Ter\u00f6r Gruplar\u0131ndan Kalan Silah ve M\u00fchimmat Ele Ge\u00e7irildi<\/p>\n<p style=\"text-align: center;\"><iframe loading=\"lazy\" title=\"\u0636\u0628\u0637 \u0623\u0633\u0644\u062d\u0629 \u0648\u0630\u062e\u0627\u0626\u0631 \u0641\u064a \u0645\u062f\u064a\u0646\u0629 \u062f\u0631\u0639\u0627\" src=\"https:\/\/www.youtube.com\/embed\/Sd6bygGML88\" width=\"620\" height=\"348\" frameborder=\"0\" allowfullscreen=\"allowfullscreen\"><\/iframe><\/p>\n","protected":false},"excerpt":{"rendered":"<p>Dera\u2019da Ter\u00f6r Gruplar\u0131ndan Kalan Silah ve M\u00fchimmat Ele Ge\u00e7irildi<\/p>\n","protected":false},"author":36,"featured_media":267239,"comment_status":"closed","ping_status":"closed","sticky":false,"template":"","format":"standard","meta":{"footnotes":""},"categories":[18295],"tags":[],"class_list":["post-267238","post","type-post","status-publish","format-standard","has-post-thumbnail","","category-sana-video"],"_links":{"self":[{"href":"https:\/\/archive.sana.sy\/tr\/index.php?rest_route=\/wp\/v2\/posts\/267238","targetHints":{"allow":["GET"]}}],"collection":[{"href":"https:\/\/archive.sana.sy\/tr\/index.php?rest_route=\/wp\/v2\/posts"}],"about":[{"href":"https:\/\/archive.sana.sy\/tr\/index.php?rest_route=\/wp\/v2\/types\/post"}],"author":[{"embeddable":true,"href":"https:\/\/archive.sana.sy\/tr\/index.php?rest_route=\/wp\/v2\/users\/36"}],"replies":[{"embeddable":true,"href":"https:\/\/archive.sana.sy\/tr\/index.php?rest_route=%2Fwp%2Fv2%2Fcomments&post=267238"}],"version-history":[{"count":0,"href":"https:\/\/archive.sana.sy\/tr\/index.php?rest_route=\/wp\/v2\/posts\/267238\/revisions"}],"wp:featuredmedia":[{"embeddable":true,"href":"https:\/\/archive.sana.sy\/tr\/index.php?rest_route=\/wp\/v2\/media\/267239"}],"wp:attachment":[{"href":"https:\/\/archive.sana.sy\/tr\/index.php?rest_route=%2Fwp%2Fv2%2Fmedia&parent=267238"}],"wp:term":[{"taxonomy":"category","embeddable":true,"href":"https:\/\/archive.sana.sy\/tr\/index.php?rest_route=%2Fwp%2Fv2%2Fcategories&post=267238"},{"taxonomy":"post_tag","embeddable":true,"href":"https:\/\/archive.sana.sy\/tr\/index.php?rest_route=%2Fwp%2Fv2%2Ftags&post=267238"}],"curies":[{"name":"wp","href":"https:\/\/api.w.org\/{rel}","templated":true}]}}