{"id":267244,"date":"2022-11-18T11:50:34","date_gmt":"2022-11-18T09:50:34","guid":{"rendered":"http:\/\/107.6.182.27\/tr\/?p=267244"},"modified":"2022-11-19T08:29:15","modified_gmt":"2022-11-19T06:29:15","slug":"yeni-delhiye-resmi-bir-ziyarette-mikdad-hindistan-devlet-baskan-yardimcisi-ile-gorustu","status":"publish","type":"post","link":"https:\/\/archive.sana.sy\/tr\/?p=267244","title":{"rendered":"Yeni Delhi&#8217;ye Resmi Bir Ziyarette.. Mikdad, Hindistan Devlet Ba\u015fkan Yard\u0131mc\u0131s\u0131 \u0130le G\u00f6r\u00fc\u015ft\u00fc \u00a0"},"content":{"rendered":"<p>YEN\u0130 DELH\u0130 \u2013 Hindistan Cumhurba\u015fkan\u0131 Yard\u0131mc\u0131s\u0131 Jagdeep Dankhar, D\u0131\u015fi\u015fleri ve Gurbet\u00e7iler Bakan\u0131 Dr. Faysal Mikdad ile b\u00f6lgedeki son geli\u015fmeleri ve Suriye ile Hindistan aras\u0131ndaki tarihi ili\u015fkileri g\u00f6r\u00fc\u015ft\u00fc ve iki \u00fclkenin bu ili\u015fkileri g\u00fc\u00e7lendirme ve geli\u015ftirme arzusunu dile getirdi.<\/p>\n<p>G\u00f6r\u00fc\u015fmede Dankhar, \u00fclkesinin ve Hindistan liderli\u011finin selamlar\u0131n\u0131 Cumhurba\u015fkan\u0131 Be\u015far Esad&#8217;a iletmek istedi ve kendilerini Suriye ile birle\u015ftiren tarihi ili\u015fkilere ba\u011fl\u0131 kald\u0131klar\u0131n\u0131 ve Suriye halk\u0131n\u0131n iyile\u015fmesi ve refaha kavu\u015fmas\u0131n\u0131 dilediklerini dile getirdi.<\/p>\n<p>Dhankhar, Hindistan&#8217;\u0131n en zor zamanlarda Suriye&#8217;ye destek konumunu s\u00fcrd\u00fcrd\u00fc\u011f\u00fcn\u00fc vurgulayarak, bu konumun istikrar\u0131n\u0131 &#8220;zaman\u0131n bir vasiyeti&#8221; olarak nitelendirdi.<\/p>\n<p>Dhankhar, Hindistan&#8217;\u0131n teknoloji alan\u0131nda elde etti\u011fi ba\u015far\u0131ya odaklanarak Hindistan&#8217;\u0131n ekonomik deneyiminin geli\u015fimine de\u011findi ve bu alanlarda Suriye ile i\u015fbirli\u011fine haz\u0131r oldu\u011funu ifade etti.<\/p>\n<p>buna kar\u015f\u0131l\u0131k Bakan El Mikdad ise iki \u00fclkeyi ilgilendiren konularda ileti\u015fim ve kar\u015f\u0131l\u0131kl\u0131 koordinasyonun ve aralar\u0131ndaki mevcut tarihi ili\u015fkilerin ba\u011flar\u0131n\u0131n g\u00fc\u00e7lendirilmesinin \u00f6nemini vurgularak, b\u00f6lgesel ve uluslararas\u0131 forumlarda Hint varl\u0131\u011f\u0131n\u0131n \u00f6nemine ve artan varl\u0131\u011f\u0131na dikkat \u00e7ekti.<\/p>\n<p>El Mikdad, Suriye&#8217;nin ter\u00f6rizm taraf\u0131ndan tahrip edilenlerin yeniden in\u015fa edilmesinde Hindistan&#8217;\u0131n rol\u00fcn\u00fc memnuniyetle kar\u015f\u0131lad\u0131\u011f\u0131n\u0131 ifade ederek, Hindistan&#8217;da okuyan ve Hindistan deneyiminden kazan\u0131lan Suriyeli yeterliliklerin say\u0131s\u0131ndaki art\u0131\u015f\u0131n yeniden yap\u0131lanmada etkili bir rol oynayaca\u011f\u0131n\u0131 belirtti.<\/p>\n<p><a class=\"x1i10hfl xjbqb8w x6umtig x1b1mbwd xaqea5y xav7gou x9f619 x1ypdohk xt0psk2 xe8uvvx xdj266r x11i5rnm xat24cr x1mh8g0r xexx8yu x4uap5 x18d9i69 xkhd6sd x16tdsg8 x1hl2dhg xggy1nq x1a2a7pz xt0b8zv x1qq9wsj xo1l8bm\" tabindex=\"0\" role=\"link\" href=\"https:\/\/www.facebook.com\/hashtag\/telegram_kanal%C4%B1m%C4%B1z?__eep__=6&amp;__cft__[0]=AZWybsbMjPH8bGXYGn7UzBeYKuoviLIZKIiETgDn9FtZH1_IzYOTqoMIWUv36j3EelzoEQAnDfz0m1eWcmgH13hDkPBaQffaYkkLoUGXiNe0XYEnrnwGThYFxtSa-0AZxWw&amp;__tn__=*NK-R\">#Telegram_Kanal\u0131m\u0131z<\/a>:\u00a0<a class=\"x1i10hfl xjbqb8w x6umtig x1b1mbwd xaqea5y xav7gou x9f619 x1ypdohk xt0psk2 xe8uvvx xdj266r x11i5rnm xat24cr x1mh8g0r xexx8yu x4uap5 x18d9i69 xkhd6sd x16tdsg8 x1hl2dhg xggy1nq x1a2a7pz xt0b8zv x1fey0fg\" tabindex=\"0\" role=\"link\" href=\"https:\/\/t.me\/SuriyeArapHaberAjans%C4%B1?fbclid=IwAR1MU1QUF95aKuCb-kG8pqK0I268kSlH_gTjPbtnVY5EkAwV88S5ivdilNw\" target=\"_blank\" rel=\"nofollow noopener\">https:\/\/t.me\/SuriyeArapHaberAjans\u0131<\/a><\/p>\n","protected":false},"excerpt":{"rendered":"<p>YEN\u0130 DELH\u0130 \u2013 Hindistan Cumhurba\u015fkan\u0131 Yard\u0131mc\u0131s\u0131 Jagdeep Dankhar, D\u0131\u015fi\u015fleri ve Gurbet\u00e7iler Bakan\u0131 Dr. Faysal Mikdad ile b\u00f6lgedeki son geli\u015fmeleri ve Suriye ile Hindistan aras\u0131ndaki tarihi ili\u015fkileri g\u00f6r\u00fc\u015ft\u00fc ve iki \u00fclkenin bu ili\u015fkileri g\u00fc\u00e7lendirme ve geli\u015ftirme arzusunu dile getirdi. G\u00f6r\u00fc\u015fmede Dankhar, \u00fclkesinin ve Hindistan liderli\u011finin selamlar\u0131n\u0131 Cumhurba\u015fkan\u0131 Be\u015far Esad&#8217;a iletmek istedi ve kendilerini Suriye ile birle\u015ftiren &hellip;<\/p>\n","protected":false},"author":36,"featured_media":267245,"comment_status":"closed","ping_status":"closed","sticky":false,"template":"","format":"standard","meta":{"footnotes":""},"categories":[458,459,17988],"tags":[],"class_list":["post-267244","post","type-post","status-publish","format-standard","has-post-thumbnail","","category-dunya1","category-haberler-arap-uluslararasi-politika","category-son-haberler"],"_links":{"self":[{"href":"https:\/\/archive.sana.sy\/tr\/index.php?rest_route=\/wp\/v2\/posts\/267244","targetHints":{"allow":["GET"]}}],"collection":[{"href":"https:\/\/archive.sana.sy\/tr\/index.php?rest_route=\/wp\/v2\/posts"}],"about":[{"href":"https:\/\/archive.sana.sy\/tr\/index.php?rest_route=\/wp\/v2\/types\/post"}],"author":[{"embeddable":true,"href":"https:\/\/archive.sana.sy\/tr\/index.php?rest_route=\/wp\/v2\/users\/36"}],"replies":[{"embeddable":true,"href":"https:\/\/archive.sana.sy\/tr\/index.php?rest_route=%2Fwp%2Fv2%2Fcomments&post=267244"}],"version-history":[{"count":0,"href":"https:\/\/archive.sana.sy\/tr\/index.php?rest_route=\/wp\/v2\/posts\/267244\/revisions"}],"wp:featuredmedia":[{"embeddable":true,"href":"https:\/\/archive.sana.sy\/tr\/index.php?rest_route=\/wp\/v2\/media\/267245"}],"wp:attachment":[{"href":"https:\/\/archive.sana.sy\/tr\/index.php?rest_route=%2Fwp%2Fv2%2Fmedia&parent=267244"}],"wp:term":[{"taxonomy":"category","embeddable":true,"href":"https:\/\/archive.sana.sy\/tr\/index.php?rest_route=%2Fwp%2Fv2%2Fcategories&post=267244"},{"taxonomy":"post_tag","embeddable":true,"href":"https:\/\/archive.sana.sy\/tr\/index.php?rest_route=%2Fwp%2Fv2%2Ftags&post=267244"}],"curies":[{"name":"wp","href":"https:\/\/api.w.org\/{rel}","templated":true}]}}