{"id":267275,"date":"2022-11-19T08:28:51","date_gmt":"2022-11-19T06:28:51","guid":{"rendered":"http:\/\/107.6.182.27\/tr\/?p=267275"},"modified":"2022-11-20T07:17:16","modified_gmt":"2022-11-20T05:17:16","slug":"orta-ve-kiyi-bolgelerine-yonelik-israil-saldirisinda-4-asker-sehit-dustu-bir-asker-de-yaralandi","status":"publish","type":"post","link":"https:\/\/archive.sana.sy\/tr\/?p=267275","title":{"rendered":"Orta Ve K\u0131y\u0131 B\u00f6lgelerine Y\u00f6nelik \u0130srail Sald\u0131r\u0131s\u0131nda 4 Asker \u015eehit D\u00fc\u015ft\u00fc, Bir Asker De Yaraland\u0131"},"content":{"rendered":"<p>\u015eAM \u2013 \u0130srail&#8217;in orta ve k\u0131y\u0131 b\u00f6lgesindeki baz\u0131 noktalara d\u00fczenledi\u011fi hava sald\u0131r\u0131s\u0131 sonucunda d\u00f6rt asker \u015fehit d\u00fc\u015ft\u00fc, bir asker de yaraland\u0131 ve baz\u0131 maddi kay\u0131plar meydana geldi.<\/p>\n<p>Askeri bir kaynak SANA&#8217;ya yapt\u0131\u011f\u0131 a\u00e7\u0131klamada, &#8220;Bug\u00fcn sabah saat 6:30 sular\u0131nda, d\u00fc\u015fman \u0130srail Akdeniz \u00fczerinden Baniyas y\u00f6n\u00fcnden orta ve k\u0131y\u0131 b\u00f6lgelerindeki baz\u0131 noktalar\u0131 hedef alan bir hava sald\u0131r\u0131s\u0131 d\u00fczenledi\u011fini belirtirken, hava savunma sistemlerimizin bu f\u00fczelere kar\u015f\u0131 koydu\u011funu ve \u00e7o\u011funu d\u00fc\u015f\u00fcrd\u00fc\u011f\u00fcne i\u015faret etti.<\/p>\n<p>Kaynak ayr\u0131ca, sald\u0131r\u0131n\u0131n &#8220;d\u00f6rt askerin \u015fehitd\u00fc\u015fmesine, bir di\u011ferinin yaralanmas\u0131na ve baz\u0131 maddi kay\u0131plara&#8221; yol a\u00e7t\u0131\u011f\u0131n\u0131 da s\u00f6zlerine ekledi.<\/p>\n<p><span style=\"color: #0000ff;\">#Telegram_Kanal\u0131m\u0131z: https:\/\/t.me\/SuriyeArapHaberAjans\u0131<\/span><\/p>\n<p>&nbsp;<\/p>\n","protected":false},"excerpt":{"rendered":"<p>\u015eAM \u2013 \u0130srail&#8217;in orta ve k\u0131y\u0131 b\u00f6lgesindeki baz\u0131 noktalara d\u00fczenledi\u011fi hava sald\u0131r\u0131s\u0131 sonucunda d\u00f6rt asker \u015fehit d\u00fc\u015ft\u00fc, bir asker de yaraland\u0131 ve baz\u0131 maddi kay\u0131plar meydana geldi. Askeri bir kaynak SANA&#8217;ya yapt\u0131\u011f\u0131 a\u00e7\u0131klamada, &#8220;Bug\u00fcn sabah saat 6:30 sular\u0131nda, d\u00fc\u015fman \u0130srail Akdeniz \u00fczerinden Baniyas y\u00f6n\u00fcnden orta ve k\u0131y\u0131 b\u00f6lgelerindeki baz\u0131 noktalar\u0131 hedef alan bir hava sald\u0131r\u0131s\u0131 &hellip;<\/p>\n","protected":false},"author":36,"featured_media":267276,"comment_status":"closed","ping_status":"closed","sticky":false,"template":"","format":"standard","meta":{"footnotes":""},"categories":[479,575,17988,478],"tags":[],"class_list":["post-267275","post","type-post","status-publish","format-standard","has-post-thumbnail","","category-haberler-yerel","category-olaylar-ve-gercekler","category-son-haberler","category-yerel"],"_links":{"self":[{"href":"https:\/\/archive.sana.sy\/tr\/index.php?rest_route=\/wp\/v2\/posts\/267275","targetHints":{"allow":["GET"]}}],"collection":[{"href":"https:\/\/archive.sana.sy\/tr\/index.php?rest_route=\/wp\/v2\/posts"}],"about":[{"href":"https:\/\/archive.sana.sy\/tr\/index.php?rest_route=\/wp\/v2\/types\/post"}],"author":[{"embeddable":true,"href":"https:\/\/archive.sana.sy\/tr\/index.php?rest_route=\/wp\/v2\/users\/36"}],"replies":[{"embeddable":true,"href":"https:\/\/archive.sana.sy\/tr\/index.php?rest_route=%2Fwp%2Fv2%2Fcomments&post=267275"}],"version-history":[{"count":0,"href":"https:\/\/archive.sana.sy\/tr\/index.php?rest_route=\/wp\/v2\/posts\/267275\/revisions"}],"wp:featuredmedia":[{"embeddable":true,"href":"https:\/\/archive.sana.sy\/tr\/index.php?rest_route=\/wp\/v2\/media\/267276"}],"wp:attachment":[{"href":"https:\/\/archive.sana.sy\/tr\/index.php?rest_route=%2Fwp%2Fv2%2Fmedia&parent=267275"}],"wp:term":[{"taxonomy":"category","embeddable":true,"href":"https:\/\/archive.sana.sy\/tr\/index.php?rest_route=%2Fwp%2Fv2%2Fcategories&post=267275"},{"taxonomy":"post_tag","embeddable":true,"href":"https:\/\/archive.sana.sy\/tr\/index.php?rest_route=%2Fwp%2Fv2%2Ftags&post=267275"}],"curies":[{"name":"wp","href":"https:\/\/api.w.org\/{rel}","templated":true}]}}