{"id":267278,"date":"2022-11-18T22:33:38","date_gmt":"2022-11-18T20:33:38","guid":{"rendered":"http:\/\/107.6.182.27\/tr\/?p=267278"},"modified":"2022-11-19T09:19:29","modified_gmt":"2022-11-19T07:19:29","slug":"mekdad-hintli-sirketleri-suriyeye-yatirim-yapmaya-cagirdi","status":"publish","type":"post","link":"https:\/\/archive.sana.sy\/tr\/?p=267278","title":{"rendered":"Mekdad, Hintli \u015eirketleri Suriye&#8217;ye Yat\u0131r\u0131m Yapmaya \u00c7a\u011f\u0131rd\u0131"},"content":{"rendered":"<p>YEN\u0130 DELH\u0130 \u2013 D\u0131\u015fi\u015fleri ve Gurbet\u00e7iler Bakan\u0131 Dr. Faysal Mikdad, Hintli \u015firketleri yeniden in\u015fa i\u00e7in do\u011fuya bakan Suriye&#8217;ye yat\u0131r\u0131m yapmaya \u00e7a\u011f\u0131rd\u0131.<\/p>\n<p><img loading=\"lazy\" decoding=\"async\" class=\"size-medium wp-image-267279 alignright\" src=\"http:\/\/107.6.182.27\/tr\/wp-content\/uploads\/2022\/11\/1-9-300x194.jpg\" alt=\"\" width=\"300\" height=\"194\" srcset=\"https:\/\/archive.sana.sy\/tr\/wp-content\/uploads\/2022\/11\/1-9-300x194.jpg 300w, https:\/\/archive.sana.sy\/tr\/wp-content\/uploads\/2022\/11\/1-9-150x97.jpg 150w, https:\/\/archive.sana.sy\/tr\/wp-content\/uploads\/2022\/11\/1-9.jpg 660w\" sizes=\"auto, (max-width: 300px) 100vw, 300px\" \/>Hindistan Sanayi Odalar\u0131 Federasyonu ile ba\u015fkent Yeni Delhi&#8217;de yapt\u0131\u011f\u0131 g\u00f6r\u00fc\u015fmede El Mikdad, g\u00fc\u00e7l\u00fc ve derin Suriye-Hindistan ili\u015fkilerine ve iki dost \u00fclkenin \u00e7\u0131karlar\u0131 do\u011frultusunda bu ili\u015fkilerin her alanda g\u00fc\u00e7lendirilmesi gerekti\u011fine \u00f6vg\u00fcde bulunurken, Uluslararas\u0131 forumlarda Hindistan&#8217;\u0131n Suriye&#8217;yi destekleme pozisyonlar\u0131na at\u0131fta bulunuluyor.,<\/p>\n<p>Suriye&#8217;nin, Hindistan da dahil olmak \u00fczere dost \u00fclkelerle i\u015fbirli\u011fi i\u00e7inde yeniden in\u015fas\u0131 i\u00e7in do\u011fuya bakt\u0131\u011f\u0131na dikkat \u00e7ekti.<\/p>\n<p>El Mikdad, Suriye&#8217;deki duruma ili\u015fkin en \u00f6nemli geli\u015fmeler ve g\u00fcncel geli\u015fmeler hakk\u0131nda bir sunum yapt\u0131.<\/p>\n<p><img loading=\"lazy\" decoding=\"async\" class=\"size-medium wp-image-267280 alignright\" src=\"http:\/\/107.6.182.27\/tr\/wp-content\/uploads\/2022\/11\/2-8-300x192.jpg\" alt=\"\" width=\"300\" height=\"192\" srcset=\"https:\/\/archive.sana.sy\/tr\/wp-content\/uploads\/2022\/11\/2-8-300x192.jpg 300w, https:\/\/archive.sana.sy\/tr\/wp-content\/uploads\/2022\/11\/2-8-150x96.jpg 150w, https:\/\/archive.sana.sy\/tr\/wp-content\/uploads\/2022\/11\/2-8.jpg 660w\" sizes=\"auto, (max-width: 300px) 100vw, 300px\" \/>El Mikdad, Suriye&#8217;nin ter\u00f6re kar\u015f\u0131 kazand\u0131\u011f\u0131 zaferin, ter\u00f6r\u00fcn di\u011fer \u00fclke ve b\u00f6lgelere yay\u0131lma riskini azaltt\u0131\u011f\u0131n\u0131 vurgulad\u0131.<\/p>\n<p>Hindistan Sanayi Odalar\u0131 Federasyonu Ba\u015fkan\u0131 Nalin Kohli ise iki \u00fclke ili\u015fkilerinin \u00f6neminden, i\u015fbirli\u011finin gereklili\u011finden ve f\u0131rsatlar\u0131n de\u011ferlendirilmesinden bahsetti.<\/p>\n<p>Hintli \u015firketlerin temsilcileri, Suriye&#8217;ye yat\u0131r\u0131m yapmaya ve ter\u00f6rizm taraf\u0131ndan tahrip edilen altyap\u0131n\u0131n yeniden in\u015fas\u0131na katk\u0131da bulunmaya istekli olduklar\u0131n\u0131 ifade ettiler.<\/p>\n<p><a class=\"x1i10hfl xjbqb8w x6umtig x1b1mbwd xaqea5y xav7gou x9f619 x1ypdohk xt0psk2 xe8uvvx xdj266r x11i5rnm xat24cr x1mh8g0r xexx8yu x4uap5 x18d9i69 xkhd6sd x16tdsg8 x1hl2dhg xggy1nq x1a2a7pz xt0b8zv x1qq9wsj xo1l8bm\" tabindex=\"0\" role=\"link\" href=\"https:\/\/www.facebook.com\/hashtag\/telegram_kanal%C4%B1m%C4%B1z?__eep__=6&amp;__cft__[0]=AZWybsbMjPH8bGXYGn7UzBeYKuoviLIZKIiETgDn9FtZH1_IzYOTqoMIWUv36j3EelzoEQAnDfz0m1eWcmgH13hDkPBaQffaYkkLoUGXiNe0XYEnrnwGThYFxtSa-0AZxWw&amp;__tn__=*NK-R\">#Telegram_Kanal\u0131m\u0131z<\/a>:\u00a0<a class=\"x1i10hfl xjbqb8w x6umtig x1b1mbwd xaqea5y xav7gou x9f619 x1ypdohk xt0psk2 xe8uvvx xdj266r x11i5rnm xat24cr x1mh8g0r xexx8yu x4uap5 x18d9i69 xkhd6sd x16tdsg8 x1hl2dhg xggy1nq x1a2a7pz xt0b8zv x1fey0fg\" tabindex=\"0\" role=\"link\" href=\"https:\/\/t.me\/SuriyeArapHaberAjans%C4%B1?fbclid=IwAR1MU1QUF95aKuCb-kG8pqK0I268kSlH_gTjPbtnVY5EkAwV88S5ivdilNw\" target=\"_blank\" rel=\"nofollow noopener\">https:\/\/t.me\/SuriyeArapHaberAjans\u0131<\/a><\/p>\n","protected":false},"excerpt":{"rendered":"<p>YEN\u0130 DELH\u0130 \u2013 D\u0131\u015fi\u015fleri ve Gurbet\u00e7iler Bakan\u0131 Dr. Faysal Mikdad, Hintli \u015firketleri yeniden in\u015fa i\u00e7in do\u011fuya bakan Suriye&#8217;ye yat\u0131r\u0131m yapmaya \u00e7a\u011f\u0131rd\u0131. Hindistan Sanayi Odalar\u0131 Federasyonu ile ba\u015fkent Yeni Delhi&#8217;de yapt\u0131\u011f\u0131 g\u00f6r\u00fc\u015fmede El Mikdad, g\u00fc\u00e7l\u00fc ve derin Suriye-Hindistan ili\u015fkilerine ve iki dost \u00fclkenin \u00e7\u0131karlar\u0131 do\u011frultusunda bu ili\u015fkilerin her alanda g\u00fc\u00e7lendirilmesi gerekti\u011fine \u00f6vg\u00fcde bulunurken, Uluslararas\u0131 forumlarda Hindistan&#8217;\u0131n &hellip;<\/p>\n","protected":false},"author":36,"featured_media":267281,"comment_status":"closed","ping_status":"closed","sticky":false,"template":"","format":"standard","meta":{"footnotes":""},"categories":[458,596,459,17988],"tags":[],"class_list":["post-267278","post","type-post","status-publish","format-standard","has-post-thumbnail","","category-dunya1","category-fotografli-raporlar","category-haberler-arap-uluslararasi-politika","category-son-haberler"],"_links":{"self":[{"href":"https:\/\/archive.sana.sy\/tr\/index.php?rest_route=\/wp\/v2\/posts\/267278","targetHints":{"allow":["GET"]}}],"collection":[{"href":"https:\/\/archive.sana.sy\/tr\/index.php?rest_route=\/wp\/v2\/posts"}],"about":[{"href":"https:\/\/archive.sana.sy\/tr\/index.php?rest_route=\/wp\/v2\/types\/post"}],"author":[{"embeddable":true,"href":"https:\/\/archive.sana.sy\/tr\/index.php?rest_route=\/wp\/v2\/users\/36"}],"replies":[{"embeddable":true,"href":"https:\/\/archive.sana.sy\/tr\/index.php?rest_route=%2Fwp%2Fv2%2Fcomments&post=267278"}],"version-history":[{"count":0,"href":"https:\/\/archive.sana.sy\/tr\/index.php?rest_route=\/wp\/v2\/posts\/267278\/revisions"}],"wp:featuredmedia":[{"embeddable":true,"href":"https:\/\/archive.sana.sy\/tr\/index.php?rest_route=\/wp\/v2\/media\/267281"}],"wp:attachment":[{"href":"https:\/\/archive.sana.sy\/tr\/index.php?rest_route=%2Fwp%2Fv2%2Fmedia&parent=267278"}],"wp:term":[{"taxonomy":"category","embeddable":true,"href":"https:\/\/archive.sana.sy\/tr\/index.php?rest_route=%2Fwp%2Fv2%2Fcategories&post=267278"},{"taxonomy":"post_tag","embeddable":true,"href":"https:\/\/archive.sana.sy\/tr\/index.php?rest_route=%2Fwp%2Fv2%2Ftags&post=267278"}],"curies":[{"name":"wp","href":"https:\/\/api.w.org\/{rel}","templated":true}]}}