{"id":267286,"date":"2022-11-18T23:44:59","date_gmt":"2022-11-18T21:44:59","guid":{"rendered":"http:\/\/107.6.182.27\/tr\/?p=267286"},"modified":"2022-11-19T08:46:06","modified_gmt":"2022-11-19T06:46:06","slug":"deranin-el-sad-yolu-mahallesinde-yapilan-aramada-cok-sayida-patlayici-ve-bubi-tuzakli-cihaz-bulundu","status":"publish","type":"post","link":"https:\/\/archive.sana.sy\/tr\/?p=267286","title":{"rendered":"Dera&#8217;n\u0131n El Sad Yolu Mahallesinde Yap\u0131lan Aramada \u00c7ok Say\u0131da Patlay\u0131c\u0131 Ve Bubi Tuzakl\u0131 Cihaz Bulundu."},"content":{"rendered":"<p>DERA \u2013 Yetkili makamlar, Dera \u015fehrinin g\u00fcneyindeki El Sad yolu mahallesini kontrol alt\u0131na al\u0131p I\u015e\u0130D&#8217;li ter\u00f6ristlerden temizledikten sonra taramaya devam etti ve bug\u00fcn \u00e7ok say\u0131da patlay\u0131c\u0131 ve \u00e7e\u015fitli bubi tuzakl\u0131 cihazlar buldular.<\/p>\n<p>Yetkili makamlardan bir kaynak SANA&#8217;ya, &#8220;Dara \u015fehrinin g\u00fcneyindeki Sad Yolu mahallesinde yap\u0131lan arama tarama operasyonlar\u0131 s\u0131ras\u0131nda, yetkili makamlar, ter\u00f6r \u00f6rg\u00fct\u00fcn\u00fcn \u201cI\u015e\u0130D\u201d Dera&#8217;daki lideri Ebu Tajah lakapl\u0131 Moayed Harfush&#8217;un evinde b\u00fcy\u00fck miktarlarda patlay\u0131c\u0131 cihaz buldu\u011funu belirtti.<\/p>\n<p>&nbsp;<\/p>\n<div id='gallery-1' class='gallery galleryid-267286 gallery-columns-1 gallery-size-full'><figure class='gallery-item'>\n\t\t\t<div class='gallery-icon landscape'>\n\t\t\t\t<a href='https:\/\/archive.sana.sy\/tr\/wp-content\/uploads\/2022\/11\/5-7.jpg'><img loading=\"lazy\" decoding=\"async\" width=\"660\" height=\"374\" src=\"https:\/\/archive.sana.sy\/tr\/wp-content\/uploads\/2022\/11\/5-7.jpg\" class=\"attachment-full size-full\" alt=\"\" srcset=\"https:\/\/archive.sana.sy\/tr\/wp-content\/uploads\/2022\/11\/5-7.jpg 660w, https:\/\/archive.sana.sy\/tr\/wp-content\/uploads\/2022\/11\/5-7-300x170.jpg 300w, https:\/\/archive.sana.sy\/tr\/wp-content\/uploads\/2022\/11\/5-7-150x85.jpg 150w\" sizes=\"auto, (max-width: 660px) 100vw, 660px\" \/><\/a>\n\t\t\t<\/div><\/figure>\n\t\t<\/div>\n\n","protected":false},"excerpt":{"rendered":"<p>DERA \u2013 Yetkili makamlar, Dera \u015fehrinin g\u00fcneyindeki El Sad yolu mahallesini kontrol alt\u0131na al\u0131p I\u015e\u0130D&#8217;li ter\u00f6ristlerden temizledikten sonra taramaya devam etti ve bug\u00fcn \u00e7ok say\u0131da patlay\u0131c\u0131 ve \u00e7e\u015fitli bubi tuzakl\u0131 cihazlar buldular. Yetkili makamlardan bir kaynak SANA&#8217;ya, &#8220;Dara \u015fehrinin g\u00fcneyindeki Sad Yolu mahallesinde yap\u0131lan arama tarama operasyonlar\u0131 s\u0131ras\u0131nda, yetkili makamlar, ter\u00f6r \u00f6rg\u00fct\u00fcn\u00fcn \u201cI\u015e\u0130D\u201d Dera&#8217;daki lideri &hellip;<\/p>\n","protected":false},"author":36,"featured_media":267287,"comment_status":"closed","ping_status":"closed","sticky":false,"template":"","format":"standard","meta":{"footnotes":""},"categories":[479,575,17988,478],"tags":[],"class_list":["post-267286","post","type-post","status-publish","format-standard","has-post-thumbnail","","category-haberler-yerel","category-olaylar-ve-gercekler","category-son-haberler","category-yerel"],"_links":{"self":[{"href":"https:\/\/archive.sana.sy\/tr\/index.php?rest_route=\/wp\/v2\/posts\/267286","targetHints":{"allow":["GET"]}}],"collection":[{"href":"https:\/\/archive.sana.sy\/tr\/index.php?rest_route=\/wp\/v2\/posts"}],"about":[{"href":"https:\/\/archive.sana.sy\/tr\/index.php?rest_route=\/wp\/v2\/types\/post"}],"author":[{"embeddable":true,"href":"https:\/\/archive.sana.sy\/tr\/index.php?rest_route=\/wp\/v2\/users\/36"}],"replies":[{"embeddable":true,"href":"https:\/\/archive.sana.sy\/tr\/index.php?rest_route=%2Fwp%2Fv2%2Fcomments&post=267286"}],"version-history":[{"count":0,"href":"https:\/\/archive.sana.sy\/tr\/index.php?rest_route=\/wp\/v2\/posts\/267286\/revisions"}],"wp:featuredmedia":[{"embeddable":true,"href":"https:\/\/archive.sana.sy\/tr\/index.php?rest_route=\/wp\/v2\/media\/267287"}],"wp:attachment":[{"href":"https:\/\/archive.sana.sy\/tr\/index.php?rest_route=%2Fwp%2Fv2%2Fmedia&parent=267286"}],"wp:term":[{"taxonomy":"category","embeddable":true,"href":"https:\/\/archive.sana.sy\/tr\/index.php?rest_route=%2Fwp%2Fv2%2Fcategories&post=267286"},{"taxonomy":"post_tag","embeddable":true,"href":"https:\/\/archive.sana.sy\/tr\/index.php?rest_route=%2Fwp%2Fv2%2Ftags&post=267286"}],"curies":[{"name":"wp","href":"https:\/\/api.w.org\/{rel}","templated":true}]}}