{"id":267294,"date":"2022-11-19T09:19:22","date_gmt":"2022-11-19T07:19:22","guid":{"rendered":"http:\/\/107.6.182.27\/tr\/?p=267294"},"modified":"2022-11-20T07:42:30","modified_gmt":"2022-11-20T05:42:30","slug":"el-mikdad-hindistan-disisleri-bakanina-suriyenin-terorle-mucadele-cabalari-hakkinda-bilgi-verdi","status":"publish","type":"post","link":"https:\/\/archive.sana.sy\/tr\/?p=267294","title":{"rendered":"El Mikdad, Hindistan D\u0131\u015fi\u015fleri Bakan\u0131&#8217;na Suriye&#8217;nin Ter\u00f6rle M\u00fccadele \u00c7abalar\u0131 Hakk\u0131nda Bilgi Verdi"},"content":{"rendered":"<p>YEN\u0130 DELH\u0130 \u2013 D\u0131\u015fi\u015fleri ve Gurbet\u00e7iler Bakan\u0131 Dr. Faysal Mikdad, Hindistan D\u0131\u015fi\u015fleri Bakan\u0131 Subrahmanyam Jashiyankar ile ikili ili\u015fkileri ve Suriye, b\u00f6lge ve d\u00fcnyadaki duruma ili\u015fkin geli\u015fmeleri g\u00f6r\u00fc\u015ft\u00fc.<\/p>\n<p><img loading=\"lazy\" decoding=\"async\" class=\"size-medium wp-image-267296 alignright\" src=\"http:\/\/107.6.182.27\/tr\/wp-content\/uploads\/2022\/11\/7-3-300x172.jpg\" alt=\"\" width=\"300\" height=\"172\" srcset=\"https:\/\/archive.sana.sy\/tr\/wp-content\/uploads\/2022\/11\/7-3-300x172.jpg 300w, https:\/\/archive.sana.sy\/tr\/wp-content\/uploads\/2022\/11\/7-3-150x86.jpg 150w, https:\/\/archive.sana.sy\/tr\/wp-content\/uploads\/2022\/11\/7-3.jpg 660w\" sizes=\"auto, (max-width: 300px) 100vw, 300px\" \/>Hindistan&#8217;\u0131n ba\u015fkenti Yeni Delhi&#8217;de ger\u00e7ekle\u015ftirilen g\u00f6r\u00fc\u015fmelerde El Mikdad, Suriye&#8217;nin yabanc\u0131 \u00fclkeler ve g\u00fc\u00e7ler taraf\u0131ndan finanse edilen ter\u00f6rle m\u00fccadele \u00e7abalar\u0131n\u0131 sunarken, Suriye&#8217;de halk\u0131n ve ordunun kararl\u0131l\u0131\u011f\u0131n\u0131n ter\u00f6re kar\u015f\u0131 zafere katk\u0131da bulundu\u011funu vurgulad\u0131.<\/p>\n<p>Bakan El Mikdad, Suriye halk\u0131na uygulanan tek tarafl\u0131 zorlay\u0131c\u0131 ekonomik tedbirlerin olumsuz etkisine dikkat \u00e7ekti.<\/p>\n<p>El Mikdad, Hintli \u015firketlere Suriye ekonomisine yat\u0131r\u0131m yapma ve sava\u015f\u0131n tahrip etti\u011fi \u015feyin yeniden in\u015fas\u0131na katk\u0131da bulunma \u00e7a\u011fr\u0131s\u0131n\u0131 yineledi.<\/p>\n<p>Jashiyankar, Hindistan&#8217;\u0131n Suriye&#8217;ye y\u00f6nelik destekleyici konumunun devam etti\u011fini ve \u00fclkesinin ila\u00e7, protez gibi insani yard\u0131m sa\u011flama ve E\u011fitim ve \u00f6\u011fretim burslar\u0131n\u0131 ve kapasite geli\u015ftirmeyi art\u0131rma \u00e7abalar\u0131n\u0131 teyit ederek, \u00fclkesinin i\u00e7 ticaret hacmini art\u0131rmak i\u00e7in Suriye ile i\u015fbirli\u011fine haz\u0131r oldu\u011funu da s\u00f6zlerine ekledi.<\/p>\n<p>G\u00f6r\u00fc\u015fmelerin sonunda taraflar, ortak komite toplant\u0131lar\u0131 yapmak \u00fczere iki \u00fclkenin d\u0131\u015fi\u015fleri bakanl\u0131klar\u0131 aras\u0131nda isti\u015fare ve koordinasyon sa\u011flanmas\u0131 konusunda mutab\u0131k kald\u0131.<\/p>\n<p><a class=\"x1i10hfl xjbqb8w x6umtig x1b1mbwd xaqea5y xav7gou x9f619 x1ypdohk xt0psk2 xe8uvvx xdj266r x11i5rnm xat24cr x1mh8g0r xexx8yu x4uap5 x18d9i69 xkhd6sd x16tdsg8 x1hl2dhg xggy1nq x1a2a7pz xt0b8zv x1qq9wsj xo1l8bm\" tabindex=\"0\" role=\"link\" href=\"https:\/\/www.facebook.com\/hashtag\/telegram_kanal%C4%B1m%C4%B1z?__eep__=6&amp;__cft__[0]=AZWybsbMjPH8bGXYGn7UzBeYKuoviLIZKIiETgDn9FtZH1_IzYOTqoMIWUv36j3EelzoEQAnDfz0m1eWcmgH13hDkPBaQffaYkkLoUGXiNe0XYEnrnwGThYFxtSa-0AZxWw&amp;__tn__=*NK-R\">#Telegram_Kanal\u0131m\u0131z<\/a>:\u00a0<a class=\"x1i10hfl xjbqb8w x6umtig x1b1mbwd xaqea5y xav7gou x9f619 x1ypdohk xt0psk2 xe8uvvx xdj266r x11i5rnm xat24cr x1mh8g0r xexx8yu x4uap5 x18d9i69 xkhd6sd x16tdsg8 x1hl2dhg xggy1nq x1a2a7pz xt0b8zv x1fey0fg\" tabindex=\"0\" role=\"link\" href=\"https:\/\/t.me\/SuriyeArapHaberAjans%C4%B1?fbclid=IwAR1MU1QUF95aKuCb-kG8pqK0I268kSlH_gTjPbtnVY5EkAwV88S5ivdilNw\" target=\"_blank\" rel=\"nofollow noopener\">https:\/\/t.me\/SuriyeArapHaberAjans\u0131<\/a><\/p>\n","protected":false},"excerpt":{"rendered":"<p>YEN\u0130 DELH\u0130 \u2013 D\u0131\u015fi\u015fleri ve Gurbet\u00e7iler Bakan\u0131 Dr. Faysal Mikdad, Hindistan D\u0131\u015fi\u015fleri Bakan\u0131 Subrahmanyam Jashiyankar ile ikili ili\u015fkileri ve Suriye, b\u00f6lge ve d\u00fcnyadaki duruma ili\u015fkin geli\u015fmeleri g\u00f6r\u00fc\u015ft\u00fc. Hindistan&#8217;\u0131n ba\u015fkenti Yeni Delhi&#8217;de ger\u00e7ekle\u015ftirilen g\u00f6r\u00fc\u015fmelerde El Mikdad, Suriye&#8217;nin yabanc\u0131 \u00fclkeler ve g\u00fc\u00e7ler taraf\u0131ndan finanse edilen ter\u00f6rle m\u00fccadele \u00e7abalar\u0131n\u0131 sunarken, Suriye&#8217;de halk\u0131n ve ordunun kararl\u0131l\u0131\u011f\u0131n\u0131n ter\u00f6re kar\u015f\u0131 zafere &hellip;<\/p>\n","protected":false},"author":36,"featured_media":267295,"comment_status":"closed","ping_status":"closed","sticky":false,"template":"","format":"standard","meta":{"footnotes":""},"categories":[458,596,459,17988],"tags":[],"class_list":["post-267294","post","type-post","status-publish","format-standard","has-post-thumbnail","","category-dunya1","category-fotografli-raporlar","category-haberler-arap-uluslararasi-politika","category-son-haberler"],"_links":{"self":[{"href":"https:\/\/archive.sana.sy\/tr\/index.php?rest_route=\/wp\/v2\/posts\/267294","targetHints":{"allow":["GET"]}}],"collection":[{"href":"https:\/\/archive.sana.sy\/tr\/index.php?rest_route=\/wp\/v2\/posts"}],"about":[{"href":"https:\/\/archive.sana.sy\/tr\/index.php?rest_route=\/wp\/v2\/types\/post"}],"author":[{"embeddable":true,"href":"https:\/\/archive.sana.sy\/tr\/index.php?rest_route=\/wp\/v2\/users\/36"}],"replies":[{"embeddable":true,"href":"https:\/\/archive.sana.sy\/tr\/index.php?rest_route=%2Fwp%2Fv2%2Fcomments&post=267294"}],"version-history":[{"count":0,"href":"https:\/\/archive.sana.sy\/tr\/index.php?rest_route=\/wp\/v2\/posts\/267294\/revisions"}],"wp:featuredmedia":[{"embeddable":true,"href":"https:\/\/archive.sana.sy\/tr\/index.php?rest_route=\/wp\/v2\/media\/267295"}],"wp:attachment":[{"href":"https:\/\/archive.sana.sy\/tr\/index.php?rest_route=%2Fwp%2Fv2%2Fmedia&parent=267294"}],"wp:term":[{"taxonomy":"category","embeddable":true,"href":"https:\/\/archive.sana.sy\/tr\/index.php?rest_route=%2Fwp%2Fv2%2Fcategories&post=267294"},{"taxonomy":"post_tag","embeddable":true,"href":"https:\/\/archive.sana.sy\/tr\/index.php?rest_route=%2Fwp%2Fv2%2Ftags&post=267294"}],"curies":[{"name":"wp","href":"https:\/\/api.w.org\/{rel}","templated":true}]}}