{"id":267302,"date":"2022-11-19T13:34:29","date_gmt":"2022-11-19T11:34:29","guid":{"rendered":"http:\/\/107.6.182.27\/tr\/?p=267302"},"modified":"2022-11-20T07:18:16","modified_gmt":"2022-11-20T05:18:16","slug":"kuba-suriye-ile-ticari-iliskilerin-artirilmasi-ve-gelistirilmesi-cagrisinda-buluyor","status":"publish","type":"post","link":"https:\/\/archive.sana.sy\/tr\/?p=267302","title":{"rendered":"K\u00fcba, Suriye \u0130le Ticari \u0130li\u015fkilerin Art\u0131r\u0131lmas\u0131 Ve Geli\u015ftirilmesi \u00c7a\u011fr\u0131s\u0131nda Bulundu"},"content":{"rendered":"<p>HAVANA &#8211; K\u00fcba D\u0131\u015f Ticaret ve D\u0131\u015f Yat\u0131r\u0131mdan Sorumlu Birinci Bakan Yard\u0131mc\u0131s\u0131 Ana Teresita Gonzalez, \u00fclkesi ile Suriye aras\u0131ndaki ticari ili\u015fkilerin art\u0131r\u0131lmas\u0131 ve g\u00fc\u00e7lendirilmesi \u00e7a\u011fr\u0131s\u0131nda bulundu.<\/p>\n<p>Gonzalez, d\u00fcn Havana&#8217;daki Uluslararas\u0131 End\u00fcstriler Fuar\u0131&#8217;na kat\u0131lan Suriye pavyonunu ziyareti ve bir dizi K\u00fcba Bakanl\u0131\u011f\u0131 yetkilisi s\u0131ras\u0131nda Suriye pavyonuna hayranl\u0131\u011f\u0131n\u0131 ve sundu\u011fu ulusal yat\u0131r\u0131m haritas\u0131n\u0131n \u00f6nemini dile getirerek, Suriye&#8217;deki t\u00fcm ekonomik ve yat\u0131r\u0131m faaliyetlerini, ekonomik ili\u015fkileri geli\u015ftirmenin yollar\u0131ndan biri olarak yakla\u015fan Havana Fuar\u0131&#8217;na kat\u0131lmaya \u00e7a\u011f\u0131rd\u0131.<\/p>\n<p>Sergideki Suriye pavyonu, Suriye&#8217;ye, tarihine ve k\u00fclt\u00fcr\u00fcne olan hayranl\u0131\u011f\u0131n\u0131 dile getiren b\u00fcy\u00fck bir ziyaret\u00e7i kat\u0131l\u0131m\u0131na sahne oldu.<\/p>\n<p>Pavyona kat\u0131lanlar da\u00a0 Sava\u015fa ve Suriye\u2019yi hedef alan tek tarafl\u0131 zorlay\u0131c\u0131 ekonomik yapt\u0131r\u0131mlara kar\u015f\u0131 onunla dayan\u0131\u015fmalar\u0131n\u0131 ifade ettiler.<\/p>\n<p><a class=\"x1i10hfl xjbqb8w x6umtig x1b1mbwd xaqea5y xav7gou x9f619 x1ypdohk xt0psk2 xe8uvvx xdj266r x11i5rnm xat24cr x1mh8g0r xexx8yu x4uap5 x18d9i69 xkhd6sd x16tdsg8 x1hl2dhg xggy1nq x1a2a7pz xt0b8zv x1qq9wsj xo1l8bm\" tabindex=\"0\" role=\"link\" href=\"https:\/\/www.facebook.com\/hashtag\/telegram_kanal%C4%B1m%C4%B1z?__eep__=6&amp;__cft__[0]=AZWybsbMjPH8bGXYGn7UzBeYKuoviLIZKIiETgDn9FtZH1_IzYOTqoMIWUv36j3EelzoEQAnDfz0m1eWcmgH13hDkPBaQffaYkkLoUGXiNe0XYEnrnwGThYFxtSa-0AZxWw&amp;__tn__=*NK-R\">#Telegram_Kanal\u0131m\u0131z<\/a>:\u00a0<a class=\"x1i10hfl xjbqb8w x6umtig x1b1mbwd xaqea5y xav7gou x9f619 x1ypdohk xt0psk2 xe8uvvx xdj266r x11i5rnm xat24cr x1mh8g0r xexx8yu x4uap5 x18d9i69 xkhd6sd x16tdsg8 x1hl2dhg xggy1nq x1a2a7pz xt0b8zv x1fey0fg\" tabindex=\"0\" role=\"link\" href=\"https:\/\/t.me\/SuriyeArapHaberAjans%C4%B1?fbclid=IwAR1MU1QUF95aKuCb-kG8pqK0I268kSlH_gTjPbtnVY5EkAwV88S5ivdilNw\" target=\"_blank\" rel=\"nofollow noopener\">https:\/\/t.me\/SuriyeArapHaberAjans\u0131<\/a><\/p>\n","protected":false},"excerpt":{"rendered":"<p>HAVANA &#8211; K\u00fcba D\u0131\u015f Ticaret ve D\u0131\u015f Yat\u0131r\u0131mdan Sorumlu Birinci Bakan Yard\u0131mc\u0131s\u0131 Ana Teresita Gonzalez, \u00fclkesi ile Suriye aras\u0131ndaki ticari ili\u015fkilerin art\u0131r\u0131lmas\u0131 ve g\u00fc\u00e7lendirilmesi \u00e7a\u011fr\u0131s\u0131nda bulundu. Gonzalez, d\u00fcn Havana&#8217;daki Uluslararas\u0131 End\u00fcstriler Fuar\u0131&#8217;na kat\u0131lan Suriye pavyonunu ziyareti ve bir dizi K\u00fcba Bakanl\u0131\u011f\u0131 yetkilisi s\u0131ras\u0131nda Suriye pavyonuna hayranl\u0131\u011f\u0131n\u0131 ve sundu\u011fu ulusal yat\u0131r\u0131m haritas\u0131n\u0131n \u00f6nemini dile getirerek, Suriye&#8217;deki &hellip;<\/p>\n","protected":false},"author":41,"featured_media":267303,"comment_status":"closed","ping_status":"closed","sticky":false,"template":"","format":"standard","meta":{"footnotes":""},"categories":[458,485,459,486,17988],"tags":[],"class_list":["post-267302","post","type-post","status-publish","format-standard","has-post-thumbnail","","category-dunya1","category-is-ve-sermaye","category-haberler-arap-uluslararasi-politika","category-haberler-is-ve-sermaye","category-son-haberler"],"_links":{"self":[{"href":"https:\/\/archive.sana.sy\/tr\/index.php?rest_route=\/wp\/v2\/posts\/267302","targetHints":{"allow":["GET"]}}],"collection":[{"href":"https:\/\/archive.sana.sy\/tr\/index.php?rest_route=\/wp\/v2\/posts"}],"about":[{"href":"https:\/\/archive.sana.sy\/tr\/index.php?rest_route=\/wp\/v2\/types\/post"}],"author":[{"embeddable":true,"href":"https:\/\/archive.sana.sy\/tr\/index.php?rest_route=\/wp\/v2\/users\/41"}],"replies":[{"embeddable":true,"href":"https:\/\/archive.sana.sy\/tr\/index.php?rest_route=%2Fwp%2Fv2%2Fcomments&post=267302"}],"version-history":[{"count":0,"href":"https:\/\/archive.sana.sy\/tr\/index.php?rest_route=\/wp\/v2\/posts\/267302\/revisions"}],"wp:featuredmedia":[{"embeddable":true,"href":"https:\/\/archive.sana.sy\/tr\/index.php?rest_route=\/wp\/v2\/media\/267303"}],"wp:attachment":[{"href":"https:\/\/archive.sana.sy\/tr\/index.php?rest_route=%2Fwp%2Fv2%2Fmedia&parent=267302"}],"wp:term":[{"taxonomy":"category","embeddable":true,"href":"https:\/\/archive.sana.sy\/tr\/index.php?rest_route=%2Fwp%2Fv2%2Fcategories&post=267302"},{"taxonomy":"post_tag","embeddable":true,"href":"https:\/\/archive.sana.sy\/tr\/index.php?rest_route=%2Fwp%2Fv2%2Ftags&post=267302"}],"curies":[{"name":"wp","href":"https:\/\/api.w.org\/{rel}","templated":true}]}}