{"id":267306,"date":"2022-11-19T13:45:44","date_gmt":"2022-11-19T11:45:44","guid":{"rendered":"http:\/\/107.6.182.27\/tr\/?p=267306"},"modified":"2022-11-20T07:18:22","modified_gmt":"2022-11-20T05:18:22","slug":"israil-saldirganligi-cebleh-kirsalinda-bir-elektrik-voltaj-hattini-hizmet-disi-birakti","status":"publish","type":"post","link":"https:\/\/archive.sana.sy\/tr\/?p=267306","title":{"rendered":"\u0130srail Sald\u0131rganl\u0131\u011f\u0131 Cebleh K\u0131rsal\u0131nda Bir Elektrik Voltaj Hatt\u0131n\u0131 Hizmet D\u0131\u015f\u0131 B\u0131rakt\u0131"},"content":{"rendered":"<p>LAZK\u0130YE &#8211; \u0130srail&#8217;in bu sabah orta ve k\u0131y\u0131 b\u00f6lgesinde baz\u0131 noktalara d\u00fczenledi\u011fi hava sald\u0131rganl\u0131\u011f\u0131, Lazkiye k\u0131rsal\u0131nda elektrik \u015febekesinde hasara yol a\u00e7t\u0131.<\/p>\n<p>Elektrik Bakanl\u0131\u011f\u0131, resmi Facebook sayfas\u0131ndan yapt\u0131\u011f\u0131 a\u00e7\u0131klamada, Lazkiye Valili\u011fi&#8217;ndeki Cableh k\u0131rsal\u0131ndaki El Zahra Orta Voltaj Hatt\u0131&#8217;n\u0131n bu sabah \u0130srail sald\u0131rganl\u0131\u011f\u0131 sonucunda hizmet d\u0131\u015f\u0131 oldu\u011funu belirtti.<\/p>\n<p>Bakanl\u0131k, hatt\u0131n (El Z\u00fcrbe, Srebyun, Beyit El \u0130lvani ve Baabda\u2019n\u0131n bir b\u00f6l\u00fcm\u00fc) b\u00f6lgelerini besledi\u011fine i\u015faret ederek, Lazkiye Valili\u011fi Elektrik Genel \u015eirketi&#8217;ne ait at\u00f6lyelerin hatt\u0131 tekrar hizmete sokmak i\u00e7in tamir etti\u011fini kaydetti.<\/p>\n<p><a class=\"x1i10hfl xjbqb8w x6umtig x1b1mbwd xaqea5y xav7gou x9f619 x1ypdohk xt0psk2 xe8uvvx xdj266r x11i5rnm xat24cr x1mh8g0r xexx8yu x4uap5 x18d9i69 xkhd6sd x16tdsg8 x1hl2dhg xggy1nq x1a2a7pz xt0b8zv x1qq9wsj xo1l8bm\" tabindex=\"0\" role=\"link\" href=\"https:\/\/www.facebook.com\/hashtag\/telegram_kanal%C4%B1m%C4%B1z?__eep__=6&amp;__cft__[0]=AZWybsbMjPH8bGXYGn7UzBeYKuoviLIZKIiETgDn9FtZH1_IzYOTqoMIWUv36j3EelzoEQAnDfz0m1eWcmgH13hDkPBaQffaYkkLoUGXiNe0XYEnrnwGThYFxtSa-0AZxWw&amp;__tn__=*NK-R\">#Telegram_Kanal\u0131m\u0131z<\/a>:\u00a0<a class=\"x1i10hfl xjbqb8w x6umtig x1b1mbwd xaqea5y xav7gou x9f619 x1ypdohk xt0psk2 xe8uvvx xdj266r x11i5rnm xat24cr x1mh8g0r xexx8yu x4uap5 x18d9i69 xkhd6sd x16tdsg8 x1hl2dhg xggy1nq x1a2a7pz xt0b8zv x1fey0fg\" tabindex=\"0\" role=\"link\" href=\"https:\/\/t.me\/SuriyeArapHaberAjans%C4%B1?fbclid=IwAR1MU1QUF95aKuCb-kG8pqK0I268kSlH_gTjPbtnVY5EkAwV88S5ivdilNw\" target=\"_blank\" rel=\"nofollow noopener\">https:\/\/t.me\/SuriyeArapHaberAjans\u0131<\/a><\/p>\n","protected":false},"excerpt":{"rendered":"<p>LAZK\u0130YE &#8211; \u0130srail&#8217;in bu sabah orta ve k\u0131y\u0131 b\u00f6lgesinde baz\u0131 noktalara d\u00fczenledi\u011fi hava sald\u0131rganl\u0131\u011f\u0131, Lazkiye k\u0131rsal\u0131nda elektrik \u015febekesinde hasara yol a\u00e7t\u0131. Elektrik Bakanl\u0131\u011f\u0131, resmi Facebook sayfas\u0131ndan yapt\u0131\u011f\u0131 a\u00e7\u0131klamada, Lazkiye Valili\u011fi&#8217;ndeki Cableh k\u0131rsal\u0131ndaki El Zahra Orta Voltaj Hatt\u0131&#8217;n\u0131n bu sabah \u0130srail sald\u0131rganl\u0131\u011f\u0131 sonucunda hizmet d\u0131\u015f\u0131 oldu\u011funu belirtti. Bakanl\u0131k, hatt\u0131n (El Z\u00fcrbe, Srebyun, Beyit El \u0130lvani ve &hellip;<\/p>\n","protected":false},"author":41,"featured_media":267307,"comment_status":"closed","ping_status":"closed","sticky":false,"template":"","format":"standard","meta":{"footnotes":""},"categories":[479,17988,478],"tags":[],"class_list":["post-267306","post","type-post","status-publish","format-standard","has-post-thumbnail","","category-haberler-yerel","category-son-haberler","category-yerel"],"_links":{"self":[{"href":"https:\/\/archive.sana.sy\/tr\/index.php?rest_route=\/wp\/v2\/posts\/267306","targetHints":{"allow":["GET"]}}],"collection":[{"href":"https:\/\/archive.sana.sy\/tr\/index.php?rest_route=\/wp\/v2\/posts"}],"about":[{"href":"https:\/\/archive.sana.sy\/tr\/index.php?rest_route=\/wp\/v2\/types\/post"}],"author":[{"embeddable":true,"href":"https:\/\/archive.sana.sy\/tr\/index.php?rest_route=\/wp\/v2\/users\/41"}],"replies":[{"embeddable":true,"href":"https:\/\/archive.sana.sy\/tr\/index.php?rest_route=%2Fwp%2Fv2%2Fcomments&post=267306"}],"version-history":[{"count":0,"href":"https:\/\/archive.sana.sy\/tr\/index.php?rest_route=\/wp\/v2\/posts\/267306\/revisions"}],"wp:featuredmedia":[{"embeddable":true,"href":"https:\/\/archive.sana.sy\/tr\/index.php?rest_route=\/wp\/v2\/media\/267307"}],"wp:attachment":[{"href":"https:\/\/archive.sana.sy\/tr\/index.php?rest_route=%2Fwp%2Fv2%2Fmedia&parent=267306"}],"wp:term":[{"taxonomy":"category","embeddable":true,"href":"https:\/\/archive.sana.sy\/tr\/index.php?rest_route=%2Fwp%2Fv2%2Fcategories&post=267306"},{"taxonomy":"post_tag","embeddable":true,"href":"https:\/\/archive.sana.sy\/tr\/index.php?rest_route=%2Fwp%2Fv2%2Ftags&post=267306"}],"curies":[{"name":"wp","href":"https:\/\/api.w.org\/{rel}","templated":true}]}}