{"id":26767,"date":"2015-03-17T14:43:41","date_gmt":"2015-03-17T12:43:41","guid":{"rendered":"http:\/\/www.sana.sy\/tr\/?p=26767"},"modified":"2015-03-18T15:26:39","modified_gmt":"2015-03-18T13:26:39","slug":"boylelerinin-ilke-ve-degerlerde-ders-verme-haklari-yoktur","status":"publish","type":"post","link":"https:\/\/archive.sana.sy\/tr\/?p=26767","title":{"rendered":"B\u00f6ylelerinin \u0130lke ve De\u011ferlerde Ders Verme Haklar\u0131 Yoktur"},"content":{"rendered":"<p>\u015eAM \u2013 D\u0131\u015fi\u015fleri ve Gurbet\u00e7iler Bakanl\u0131\u011f\u0131 Fransa ve \u0130ngiltere&#8217;nin; Avrupa Birli\u011finin Suriye ve halk\u0131na y\u00f6nelik sava\u015fa daha \u00e7ok bula\u015fmas\u0131na yol a\u00e7acak ve Suriye&#8217;de masum kanlar\u0131n ak\u0131t\u0131lmas\u0131na daha \u00e7ok ula\u015ft\u0131racak tutum ve politikalar\u0131n\u0131 hala s\u00fcrd\u00fcrmekte oldu\u011funu belirtti.<\/p>\n<p>Bakanl\u0131k bug\u00fcn yay\u0131nlad\u0131\u011f\u0131 ve SANA\u2019n\u0131n bir n\u00fcshas\u0131n\u0131 ald\u0131\u011f\u0131 beyan\u0131nda; Fransa ve \u0130ngiltere&#8217;nin bu \u00e7abalar\u0131n\u0131n sonu\u00e7lar\u0131na \u00f6rnek olarak AB\u2019nin d\u00fcn Suriye halk\u0131na kar\u015f\u0131 yeni yapt\u0131r\u0131mlar uygulama niyetini ilan etti\u011fine i\u015faret etti.<\/p>\n<p>AB\u2019nin s\u00f6z konusu iki devletin tutumlar\u0131 do\u011frultusunda izledi\u011fi bu dar g\u00f6r\u00fc\u015fl\u00fc y\u00f6nteme i\u015faret eden Bakanl\u0131k; bu y\u00f6ntemin Suriye&#8217;de krizin devam etmesi, ter\u00f6r\u00fcn daha \u00e7ok yay\u0131lmas\u0131 ve daha fazla masum kanlar\u0131n ak\u0131t\u0131lmas\u0131ndan AB\u2019yi sorumlu k\u0131laca\u011f\u0131na dikkat \u00e7ekti. Bakanl\u0131k BM misak\u0131 ve uluslar aras\u0131 kararlara ayk\u0131r\u0131 olan tek tarafl\u0131 zalim yapt\u0131r\u0131mlar\u0131n Suriye halk\u0131n\u0131 direk olarak hedef ald\u0131\u011f\u0131n\u0131, insani durumlar\u0131 olumsuz etkiledi\u011fini ve masum halk\u0131 zor durumda b\u0131rakt\u0131\u011f\u0131na vurgu yapt\u0131.<\/p>\n<p>AB\u2019de \u00fcye kimi devletlerin kendi topraklar\u0131nda \u00f6zellikle Katar ve Suudi Arabistan olmak \u00fczere k\u00f6rfez \u00fclkelerin yat\u0131r\u0131mlar\u0131n\u0131 cezp etme amac\u0131yla izledikleri politika ve tutumlara dikkat \u00e7eken Bakanl\u0131k; insan haklar\u0131 ve ilkeleriyle tamamen \u00e7eli\u015fen bu davran\u0131\u015flara sahip olanlar\u0131n ilke ve de\u011ferlerde ders vermelerinin m\u00fcmk\u00fcn olmad\u0131\u011f\u0131n\u0131n alt\u0131n\u0131 \u00e7izdi.<\/p>\n<p>Bakanl\u0131k beyan\u0131nda ayr\u0131ca AB\u2019de \u00fcye olan ve bu gibi tutumlardan rahats\u0131zl\u0131\u011f\u0131n\u0131 ifade eden devletlerin \u00f6zellikle Fransa ve \u0130ngiltere olmak \u00fczere AB\u2019nin di\u011fer \u00fcyelerine bu konuda s\u0131n\u0131r koymalar\u0131 gerekti\u011fini ifade etti.<\/p>\n<p>Beyan\u0131n\u0131n sonunda D\u0131\u015fi\u015fleri ve Gurbet\u00e7iler Bakanl\u0131\u011f\u0131 kimi \u00fcyelerin AB\u2019yi kendi s\u00f6m\u00fcr\u00fcc\u00fc ve hegemonyac\u0131 ajandalar\u0131 \u00e7er\u00e7evesinde edat olarak kulland\u0131\u011f\u0131n\u0131, izledikleri tutumlarla AB\u2019yi bir\u00e7ok a\u00e7\u0131dan olumsuz etkiledi\u011finin alt\u0131n\u0131 \u00e7izdi.<\/p>\n<p>AB d\u00fcn yay\u0131nlad\u0131\u011f\u0131 beyanda Suriye&#8217;ye kar\u015f\u0131 d\u00fc\u015fmanc\u0131 tutumlar\u0131n\u0131 yeniden ifade ederek, Suriye halk\u0131na y\u00f6nelik yeni yapt\u0131r\u0131mlar uygulamaya devam edece\u011fini a\u00e7\u0131klam\u0131\u015ft\u0131.<\/p>\n<p>A.A.<\/p>\n","protected":false},"excerpt":{"rendered":"<p>\u015eAM \u2013 D\u0131\u015fi\u015fleri ve Gurbet\u00e7iler Bakanl\u0131\u011f\u0131 Fransa ve \u0130ngiltere&#8217;nin; Avrupa Birli\u011finin Suriye ve halk\u0131na y\u00f6nelik sava\u015fa daha \u00e7ok bula\u015fmas\u0131na yol a\u00e7acak ve Suriye&#8217;de masum kanlar\u0131n ak\u0131t\u0131lmas\u0131na daha \u00e7ok ula\u015ft\u0131racak tutum ve politikalar\u0131n\u0131 hala s\u00fcrd\u00fcrmekte oldu\u011funu belirtti. Bakanl\u0131k bug\u00fcn yay\u0131nlad\u0131\u011f\u0131 ve SANA\u2019n\u0131n bir n\u00fcshas\u0131n\u0131 ald\u0131\u011f\u0131 beyan\u0131nda; Fransa ve \u0130ngiltere&#8217;nin bu \u00e7abalar\u0131n\u0131n sonu\u00e7lar\u0131na \u00f6rnek olarak AB\u2019nin d\u00fcn &hellip;<\/p>\n","protected":false},"author":1,"featured_media":26769,"comment_status":"closed","ping_status":"closed","sticky":false,"template":"","format":"standard","meta":{"footnotes":""},"categories":[479,478],"tags":[12639],"class_list":["post-26767","post","type-post","status-publish","format-standard","has-post-thumbnail","","category-haberler-yerel","category-yerel","tag-boylelerinin-ilke-ve-degerlerde-ders-verme-haklari-yoktur-sam-disisleri-ve-gurbetciler-bakanligi-fransa-ve-ingilterenin-avrupa-birliginin-suriye-ve-halkina-yonelik-savasa-daha-cok-bulasmas"],"_links":{"self":[{"href":"https:\/\/archive.sana.sy\/tr\/index.php?rest_route=\/wp\/v2\/posts\/26767","targetHints":{"allow":["GET"]}}],"collection":[{"href":"https:\/\/archive.sana.sy\/tr\/index.php?rest_route=\/wp\/v2\/posts"}],"about":[{"href":"https:\/\/archive.sana.sy\/tr\/index.php?rest_route=\/wp\/v2\/types\/post"}],"author":[{"embeddable":true,"href":"https:\/\/archive.sana.sy\/tr\/index.php?rest_route=\/wp\/v2\/users\/1"}],"replies":[{"embeddable":true,"href":"https:\/\/archive.sana.sy\/tr\/index.php?rest_route=%2Fwp%2Fv2%2Fcomments&post=26767"}],"version-history":[{"count":0,"href":"https:\/\/archive.sana.sy\/tr\/index.php?rest_route=\/wp\/v2\/posts\/26767\/revisions"}],"wp:featuredmedia":[{"embeddable":true,"href":"https:\/\/archive.sana.sy\/tr\/index.php?rest_route=\/wp\/v2\/media\/26769"}],"wp:attachment":[{"href":"https:\/\/archive.sana.sy\/tr\/index.php?rest_route=%2Fwp%2Fv2%2Fmedia&parent=26767"}],"wp:term":[{"taxonomy":"category","embeddable":true,"href":"https:\/\/archive.sana.sy\/tr\/index.php?rest_route=%2Fwp%2Fv2%2Fcategories&post=26767"},{"taxonomy":"post_tag","embeddable":true,"href":"https:\/\/archive.sana.sy\/tr\/index.php?rest_route=%2Fwp%2Fv2%2Ftags&post=26767"}],"curies":[{"name":"wp","href":"https:\/\/api.w.org\/{rel}","templated":true}]}}