{"id":26768,"date":"2015-03-17T13:30:17","date_gmt":"2015-03-17T11:30:17","guid":{"rendered":"http:\/\/www.sana.sy\/tr\/?p=26768"},"modified":"2015-03-18T12:48:20","modified_gmt":"2015-03-18T10:48:20","slug":"akp-iktidari-teroristlere-destegi-ile-insanliga-yonelik-suclarini-surduruyor","status":"publish","type":"post","link":"https:\/\/archive.sana.sy\/tr\/?p=26768","title":{"rendered":"AKP \u0130ktidar\u0131 Ter\u00f6ristlere Deste\u011fi ile \u0130nsanl\u0131\u011fa Y\u00f6nelik Su\u00e7lar\u0131n\u0131 S\u00fcrd\u00fcr\u00fcyor"},"content":{"rendered":"<p>\u015eAM \u2013 Halk Meclisi \u00fcyeleri bug\u00fcn T\u00fcrkiye&#8217;deki Adalet ve Kalk\u0131nma Partisi h\u00fck\u00fcmetinin Suriye&#8217;de muhtelif adland\u0131rmalar alt\u0131ndaki ter\u00f6r \u00f6rg\u00fctlere silah, para, bar\u0131nak ve e\u011fitim deste\u011fini s\u00fcrd\u00fcrmesinin insanl\u0131\u011fa y\u00f6nelik su\u00e7lar\u0131n\u0131n devam\u0131 oldu\u011funu belirtti.<\/p>\n<p>Halk Meclisinin bug\u00fcn ba\u015fkan\u0131 Muhammed Cihat el Lahham ba\u015fkanl\u0131\u011f\u0131nda d\u00fczenledi\u011fi oturumda meclis \u00fcyeleri ve ba\u015fkan\u0131 t\u00fcm uluslar aras\u0131 toplum ve d\u00fcnya halklar\u0131n\u0131 ya\u015fam\u0131 katleden, kafa kesen ve kar\u0131n de\u015fenlere kar\u015f\u0131 koyma, t\u00fcm b\u00f6lge ve halklar\u0131n\u0131 hedef alan ter\u00f6re kar\u015f\u0131 ortak m\u00fccadeleye davet etti. Meclis \u00fcyeleri ve ba\u015fkan\u0131 b\u00f6ylelikle insanl\u0131\u011fa kar\u015f\u0131 yeni katliamlar\u0131n \u00f6n\u00fcne ge\u00e7ilmi\u015f olaca\u011f\u0131na dikkat \u00e7ekti.<\/p>\n<p>A.A.<\/p>\n","protected":false},"excerpt":{"rendered":"<p>\u015eAM \u2013 Halk Meclisi \u00fcyeleri bug\u00fcn T\u00fcrkiye&#8217;deki Adalet ve Kalk\u0131nma Partisi h\u00fck\u00fcmetinin Suriye&#8217;de muhtelif adland\u0131rmalar alt\u0131ndaki ter\u00f6r \u00f6rg\u00fctlere silah, para, bar\u0131nak ve e\u011fitim deste\u011fini s\u00fcrd\u00fcrmesinin insanl\u0131\u011fa y\u00f6nelik su\u00e7lar\u0131n\u0131n devam\u0131 oldu\u011funu belirtti. Halk Meclisinin bug\u00fcn ba\u015fkan\u0131 Muhammed Cihat el Lahham ba\u015fkanl\u0131\u011f\u0131nda d\u00fczenledi\u011fi oturumda meclis \u00fcyeleri ve ba\u015fkan\u0131 t\u00fcm uluslar aras\u0131 toplum ve d\u00fcnya halklar\u0131n\u0131 ya\u015fam\u0131 katleden, &hellip;<\/p>\n","protected":false},"author":1,"featured_media":19301,"comment_status":"closed","ping_status":"closed","sticky":false,"template":"","format":"standard","meta":{"footnotes":""},"categories":[479,2554,2555,478],"tags":[12640,12641,4989],"class_list":["post-26768","post","type-post","status-publish","format-standard","has-post-thumbnail","","category-haberler-yerel","category-suriye-ve-dunya","category-suriye-ve-turkiye","category-yerel","tag-akp-iktidari-teroristlere-destegi-ile-insanliga-yonelik-suclarini-surduruyor-sam-halk-meclisi-uyeleri-bugun-turkiyedeki-adalet-ve-kalkinma-partisi-hukumetinin-suriyede-muhtelif-adlandirmal","tag-barinak-ve-egitim-destegini-surdurmesinin-insanliga-yonelik-suclarinin-devami-oldugunu-belirtti","tag-para"],"_links":{"self":[{"href":"https:\/\/archive.sana.sy\/tr\/index.php?rest_route=\/wp\/v2\/posts\/26768","targetHints":{"allow":["GET"]}}],"collection":[{"href":"https:\/\/archive.sana.sy\/tr\/index.php?rest_route=\/wp\/v2\/posts"}],"about":[{"href":"https:\/\/archive.sana.sy\/tr\/index.php?rest_route=\/wp\/v2\/types\/post"}],"author":[{"embeddable":true,"href":"https:\/\/archive.sana.sy\/tr\/index.php?rest_route=\/wp\/v2\/users\/1"}],"replies":[{"embeddable":true,"href":"https:\/\/archive.sana.sy\/tr\/index.php?rest_route=%2Fwp%2Fv2%2Fcomments&post=26768"}],"version-history":[{"count":0,"href":"https:\/\/archive.sana.sy\/tr\/index.php?rest_route=\/wp\/v2\/posts\/26768\/revisions"}],"wp:featuredmedia":[{"embeddable":true,"href":"https:\/\/archive.sana.sy\/tr\/index.php?rest_route=\/wp\/v2\/media\/19301"}],"wp:attachment":[{"href":"https:\/\/archive.sana.sy\/tr\/index.php?rest_route=%2Fwp%2Fv2%2Fmedia&parent=26768"}],"wp:term":[{"taxonomy":"category","embeddable":true,"href":"https:\/\/archive.sana.sy\/tr\/index.php?rest_route=%2Fwp%2Fv2%2Fcategories&post=26768"},{"taxonomy":"post_tag","embeddable":true,"href":"https:\/\/archive.sana.sy\/tr\/index.php?rest_route=%2Fwp%2Fv2%2Ftags&post=26768"}],"curies":[{"name":"wp","href":"https:\/\/api.w.org\/{rel}","templated":true}]}}