{"id":267711,"date":"2022-11-24T15:24:36","date_gmt":"2022-11-24T13:24:36","guid":{"rendered":"http:\/\/107.6.182.27\/tr\/?p=267711"},"modified":"2022-11-30T07:43:44","modified_gmt":"2022-11-30T05:43:44","slug":"cumhurbaskani-esad-cumhurbaskani-lukashenkodan-belarus-basbakani-tarafindan-iletilen-ikili-isbirligini-gelistirme-umutlari-hakkinda-bir-mektup-teslim-aldi","status":"publish","type":"post","link":"https:\/\/archive.sana.sy\/tr\/?p=267711","title":{"rendered":"Cumhurba\u015fkan\u0131 Esad, Cumhurba\u015fkan\u0131 \u00a0Lukashenko&#8217;dan Belarus Ba\u015fbakan\u0131 Taraf\u0131ndan \u0130letilen \u0130kili \u0130\u015fbirli\u011fini Geli\u015ftirme Umutlar\u0131 Hakk\u0131nda Bir Mektup Teslim Ald\u0131"},"content":{"rendered":"<p>\u015eAM &#8211; Cumhurba\u015fkan\u0131 Esad, Belarus Cumhuriyeti Ba\u015fbakan\u0131 Roman Golovchenko ve beraberindeki heyeti kabul edtti.<\/p>\n<p>Golovchenko, Cumhurba\u015fkan\u0131 Esad\u2019a Cumhurba\u015fkan\u0131 Alexander Lukashenko&#8217;dan Suriye ile Beylarus aras\u0131ndaki dostane ili\u015fkiler ve ikili i\u015fbirli\u011fini geli\u015ftirme umutlar\u0131 hakk\u0131nda bir maktup teslim etti.<\/p>\n<p><img loading=\"lazy\" decoding=\"async\" class=\"size-medium wp-image-267738 alignright\" src=\"http:\/\/107.6.182.27\/tr\/wp-content\/uploads\/2022\/11\/3-14-300x137.jpg\" alt=\"\" width=\"300\" height=\"137\" srcset=\"https:\/\/archive.sana.sy\/tr\/wp-content\/uploads\/2022\/11\/3-14-300x137.jpg 300w, https:\/\/archive.sana.sy\/tr\/wp-content\/uploads\/2022\/11\/3-14-1024x468.jpg 1024w, https:\/\/archive.sana.sy\/tr\/wp-content\/uploads\/2022\/11\/3-14-150x69.jpg 150w, https:\/\/archive.sana.sy\/tr\/wp-content\/uploads\/2022\/11\/3-14-768x351.jpg 768w, https:\/\/archive.sana.sy\/tr\/wp-content\/uploads\/2022\/11\/3-14.jpg 1200w\" sizes=\"auto, (max-width: 300px) 100vw, 300px\" \/>Cumhurba\u015fkan\u0131 Esad, bu ziyaretin sadece iki \u00fclke aras\u0131nda imzalanan ikili anla\u015fmalar a\u00e7\u0131s\u0131ndan de\u011fil, ayn\u0131 zamanda belirli i\u015fbirli\u011fi alanlar\u0131n\u0131 g\u00f6r\u00fc\u015fmek ve bunlar\u0131 pratik bir \u015fekilde ba\u015flatmak ve ihlalleri sa\u011flamak ve ili\u015fkilerde ilerlemek ve her iki tarafa da fayda sa\u011flayan ortak yat\u0131r\u0131m projeleri olu\u015fturmak i\u00e7in \u00f6nemli oldu\u011funu de\u011ferlendirdi.<\/p>\n<p>Cumhurba\u015fkan\u0131 Esad, Belarus&#8217;un Avrupa&#8217;n\u0131n kalbindeki stratejik konumu ve kararlar\u0131n\u0131n ve politikalar\u0131n\u0131n ba\u011f\u0131ms\u0131zl\u0131\u011f\u0131 nedeniyle hedef al\u0131nd\u0131\u011f\u0131na dikkat \u00e7ekerken, Bat\u0131&#8217;n\u0131n devam edebilmek i\u00e7in sava\u015f a\u00e7ma politikas\u0131 izledi\u011fini, \u00e7\u00fcnk\u00fc bu sava\u015flar durursa tahakk\u00fcm sisteminin par\u00e7alanaca\u011f\u0131n\u0131 vurgulayarak, Suriye, Rusya ve Belarus gibi bir\u00e7ok \u00fclkede bu politikayla hedeflerine ula\u015famad\u0131klar\u0131n\u0131 d\u00fc\u015f\u00fcnerek ekonomik sava\u015flara y\u00f6neldiklerini kaydetti.<\/p>\n<p>Cumhurba\u015fkan\u0131 Esad ayr\u0131ca: \u2018\u2019bu nedenle, bu sava\u015flarla y\u00fczle\u015fmek i\u00e7in, ayn\u0131 ilke ve de\u011ferlere sahip \u00fclkelerle bir ekonomik ili\u015fkiler a\u011f\u0131 kurman\u0131n yan\u0131 s\u0131ra, bu \u00fclkeler aras\u0131ndaki \u00e7abalar\u0131 birle\u015ftirmek \u00f6nemlidir ve o zaman Bat\u0131 yaln\u0131zla\u015facakt\u0131r\u2019\u2019 ifadelerini kulland\u0131.<\/p>\n<p>Cumhurba\u015fkan\u0131 Esad, Suriye&#8217;nin toprak b\u00fct\u00fcnl\u00fc\u011f\u00fc ve egemenli\u011fine y\u00f6nelik kararl\u0131 duru\u015fu ve Suriye halk\u0131n\u0131n kararl\u0131l\u0131\u011f\u0131na verdi\u011fi destekle maruz kald\u0131\u011f\u0131 ter\u00f6r sava\u015f\u0131nda Suriye&#8217;nin yan\u0131nda yer ald\u0131\u011f\u0131 i\u00e7in Belarus&#8217;a da te\u015fekk\u00fcr etti.<\/p>\n<p><img loading=\"lazy\" decoding=\"async\" class=\"size-medium wp-image-267739 alignright\" src=\"http:\/\/107.6.182.27\/tr\/wp-content\/uploads\/2022\/11\/4-11-300x221.jpg\" alt=\"\" width=\"300\" height=\"221\" srcset=\"https:\/\/archive.sana.sy\/tr\/wp-content\/uploads\/2022\/11\/4-11-300x221.jpg 300w, https:\/\/archive.sana.sy\/tr\/wp-content\/uploads\/2022\/11\/4-11-1024x753.jpg 1024w, https:\/\/archive.sana.sy\/tr\/wp-content\/uploads\/2022\/11\/4-11-150x110.jpg 150w, https:\/\/archive.sana.sy\/tr\/wp-content\/uploads\/2022\/11\/4-11-768x565.jpg 768w, https:\/\/archive.sana.sy\/tr\/wp-content\/uploads\/2022\/11\/4-11.jpg 1200w\" sizes=\"auto, (max-width: 300px) 100vw, 300px\" \/>Konuk Ba\u015fbakan ise, Suriye ile i\u015fbirli\u011fi alanlar\u0131n\u0131n s\u0131n\u0131rs\u0131z oldu\u011funu vurgulayarak, Belarus&#8217;taki kurumlar\u0131n bir dizi ikili projenin kurulmas\u0131 ve iki taraf\u0131n halklar\u0131n\u0131n ihtiya\u00e7lar\u0131n\u0131 kar\u015f\u0131layan \u00fcr\u00fcn al\u0131\u015fveri\u015fi ile ilgili dosyalar\u0131n haz\u0131rlanmas\u0131n\u0131 tamamlad\u0131\u011f\u0131n\u0131 kaydetti ve \u00e7al\u0131\u015fma sekt\u00f6rlerini geni\u015fletmek ve ortak projeleri yeniden etkinle\u015ftirmek i\u00e7in \u00fclkesinin her iki \u00fclkedeki kurumlar aras\u0131ndaki toplant\u0131lar\u0131 s\u00fcrd\u00fcrme arzusunu dile getirdi.<\/p>\n<p>Golovchenko, Bat\u0131&#8217;dan ba\u011f\u0131ms\u0131z politikalar izleyen \u00fclkeler aras\u0131nda yeni birlikler ve ittifaklar kurulurken, bug\u00fcnlerde d\u00fcnyan\u0131n 2. D\u00fcnya Sava\u015f\u0131&#8217;ndan bu yana en b\u00fcy\u00fck d\u00f6n\u00fc\u015f\u00fcmlere tan\u0131k oldu\u011funu de\u011ferlendirerek, Belarus&#8217;un son iki y\u0131ld\u0131r maruz kald\u0131\u011f\u0131 Bat\u0131 kampanyas\u0131n\u0131n, insanlar\u0131 etkilemeye y\u00f6nelik psikolojik sava\u015f ve medya propagandas\u0131n\u0131n yan\u0131 s\u0131ra, ya\u015fam ko\u015fullar\u0131n\u0131 k\u00f6t\u00fcle\u015ftirme ve ekonomik imkanlar\u0131 durdurma ama\u00e7l\u0131 oldu\u011funa i\u015faret etti.<\/p>\n<p>Konuk ba\u015fbakan ayr\u0131ca,\u00a0 \u015eam&#8217;\u0131n bu zor d\u00f6nemde Minsk&#8217;in yan\u0131nda yer almas\u0131ndan dolay\u0131 takdirlerini dile getirerek, iki \u00fclkenin y\u00fcr\u00fctt\u00fc\u011f\u00fc sava\u015f\u0131n tek bir muharebe oldu\u011funu da vurgulad\u0131.<\/p>\n<div id='gallery-1' class='gallery galleryid-267711 gallery-columns-1 gallery-size-full'><figure class='gallery-item'>\n\t\t\t<div class='gallery-icon landscape'>\n\t\t\t\t<a href='https:\/\/archive.sana.sy\/tr\/?attachment_id=267721'><img loading=\"lazy\" decoding=\"async\" width=\"1200\" height=\"702\" src=\"https:\/\/archive.sana.sy\/tr\/wp-content\/uploads\/2022\/11\/Cumhurbaskani-11.jpg\" class=\"attachment-full size-full\" alt=\"\" srcset=\"https:\/\/archive.sana.sy\/tr\/wp-content\/uploads\/2022\/11\/Cumhurbaskani-11.jpg 1200w, https:\/\/archive.sana.sy\/tr\/wp-content\/uploads\/2022\/11\/Cumhurbaskani-11-300x176.jpg 300w, https:\/\/archive.sana.sy\/tr\/wp-content\/uploads\/2022\/11\/Cumhurbaskani-11-1024x599.jpg 1024w, https:\/\/archive.sana.sy\/tr\/wp-content\/uploads\/2022\/11\/Cumhurbaskani-11-150x88.jpg 150w, https:\/\/archive.sana.sy\/tr\/wp-content\/uploads\/2022\/11\/Cumhurbaskani-11-768x449.jpg 768w\" sizes=\"auto, (max-width: 1200px) 100vw, 1200px\" \/><\/a>\n\t\t\t<\/div><\/figure><figure class='gallery-item'>\n\t\t\t<div class='gallery-icon landscape'>\n\t\t\t\t<a href='https:\/\/archive.sana.sy\/tr\/?attachment_id=267719'><img loading=\"lazy\" decoding=\"async\" width=\"1200\" height=\"913\" src=\"https:\/\/archive.sana.sy\/tr\/wp-content\/uploads\/2022\/11\/Cumhurbaskani-12.jpg\" class=\"attachment-full size-full\" alt=\"\" srcset=\"https:\/\/archive.sana.sy\/tr\/wp-content\/uploads\/2022\/11\/Cumhurbaskani-12.jpg 1200w, https:\/\/archive.sana.sy\/tr\/wp-content\/uploads\/2022\/11\/Cumhurbaskani-12-300x228.jpg 300w, https:\/\/archive.sana.sy\/tr\/wp-content\/uploads\/2022\/11\/Cumhurbaskani-12-1024x779.jpg 1024w, https:\/\/archive.sana.sy\/tr\/wp-content\/uploads\/2022\/11\/Cumhurbaskani-12-150x114.jpg 150w, https:\/\/archive.sana.sy\/tr\/wp-content\/uploads\/2022\/11\/Cumhurbaskani-12-768x584.jpg 768w\" sizes=\"auto, (max-width: 1200px) 100vw, 1200px\" \/><\/a>\n\t\t\t<\/div><\/figure>\n\t\t<\/div>\n\n<p><a class=\"x1i10hfl xjbqb8w x6umtig x1b1mbwd xaqea5y xav7gou x9f619 x1ypdohk xt0psk2 xe8uvvx xdj266r x11i5rnm xat24cr x1mh8g0r xexx8yu x4uap5 x18d9i69 xkhd6sd x16tdsg8 x1hl2dhg xggy1nq x1a2a7pz xt0b8zv x1qq9wsj xo1l8bm\" tabindex=\"0\" role=\"link\" href=\"https:\/\/www.facebook.com\/hashtag\/telegram_kanal%C4%B1m%C4%B1z?__eep__=6&amp;__cft__[0]=AZWybsbMjPH8bGXYGn7UzBeYKuoviLIZKIiETgDn9FtZH1_IzYOTqoMIWUv36j3EelzoEQAnDfz0m1eWcmgH13hDkPBaQffaYkkLoUGXiNe0XYEnrnwGThYFxtSa-0AZxWw&amp;__tn__=*NK-R\">#Telegram_Kanal\u0131m\u0131z<\/a>:\u00a0<a class=\"x1i10hfl xjbqb8w x6umtig x1b1mbwd xaqea5y xav7gou x9f619 x1ypdohk xt0psk2 xe8uvvx xdj266r x11i5rnm xat24cr x1mh8g0r xexx8yu x4uap5 x18d9i69 xkhd6sd x16tdsg8 x1hl2dhg xggy1nq x1a2a7pz xt0b8zv x1fey0fg\" tabindex=\"0\" role=\"link\" href=\"https:\/\/t.me\/SuriyeArapHaberAjans%C4%B1?fbclid=IwAR1MU1QUF95aKuCb-kG8pqK0I268kSlH_gTjPbtnVY5EkAwV88S5ivdilNw\" target=\"_blank\" rel=\"nofollow noopener\">https:\/\/t.me\/SuriyeArapHaberAjans\u0131<\/a><\/p>\n","protected":false},"excerpt":{"rendered":"<p>\u015eAM &#8211; Cumhurba\u015fkan\u0131 Esad, Belarus Cumhuriyeti Ba\u015fbakan\u0131 Roman Golovchenko ve beraberindeki heyeti kabul edtti. Golovchenko, Cumhurba\u015fkan\u0131 Esad\u2019a Cumhurba\u015fkan\u0131 Alexander Lukashenko&#8217;dan Suriye ile Beylarus aras\u0131ndaki dostane ili\u015fkiler ve ikili i\u015fbirli\u011fini geli\u015ftirme umutlar\u0131 hakk\u0131nda bir maktup teslim etti. Cumhurba\u015fkan\u0131 Esad, bu ziyaretin sadece iki \u00fclke aras\u0131nda imzalanan ikili anla\u015fmalar a\u00e7\u0131s\u0131ndan de\u011fil, ayn\u0131 zamanda belirli i\u015fbirli\u011fi alanlar\u0131n\u0131 g\u00f6r\u00fc\u015fmek &hellip;<\/p>\n","protected":false},"author":41,"featured_media":267712,"comment_status":"closed","ping_status":"closed","sticky":false,"template":"","format":"standard","meta":{"footnotes":""},"categories":[479,605,17988,478],"tags":[],"class_list":["post-267711","post","type-post","status-publish","format-standard","has-post-thumbnail","","category-haberler-yerel","category-sayin-cumhurbaskani","category-son-haberler","category-yerel"],"_links":{"self":[{"href":"https:\/\/archive.sana.sy\/tr\/index.php?rest_route=\/wp\/v2\/posts\/267711","targetHints":{"allow":["GET"]}}],"collection":[{"href":"https:\/\/archive.sana.sy\/tr\/index.php?rest_route=\/wp\/v2\/posts"}],"about":[{"href":"https:\/\/archive.sana.sy\/tr\/index.php?rest_route=\/wp\/v2\/types\/post"}],"author":[{"embeddable":true,"href":"https:\/\/archive.sana.sy\/tr\/index.php?rest_route=\/wp\/v2\/users\/41"}],"replies":[{"embeddable":true,"href":"https:\/\/archive.sana.sy\/tr\/index.php?rest_route=%2Fwp%2Fv2%2Fcomments&post=267711"}],"version-history":[{"count":0,"href":"https:\/\/archive.sana.sy\/tr\/index.php?rest_route=\/wp\/v2\/posts\/267711\/revisions"}],"wp:featuredmedia":[{"embeddable":true,"href":"https:\/\/archive.sana.sy\/tr\/index.php?rest_route=\/wp\/v2\/media\/267712"}],"wp:attachment":[{"href":"https:\/\/archive.sana.sy\/tr\/index.php?rest_route=%2Fwp%2Fv2%2Fmedia&parent=267711"}],"wp:term":[{"taxonomy":"category","embeddable":true,"href":"https:\/\/archive.sana.sy\/tr\/index.php?rest_route=%2Fwp%2Fv2%2Fcategories&post=267711"},{"taxonomy":"post_tag","embeddable":true,"href":"https:\/\/archive.sana.sy\/tr\/index.php?rest_route=%2Fwp%2Fv2%2Ftags&post=267711"}],"curies":[{"name":"wp","href":"https:\/\/api.w.org\/{rel}","templated":true}]}}