{"id":267747,"date":"2022-11-24T16:28:45","date_gmt":"2022-11-24T14:28:45","guid":{"rendered":"http:\/\/107.6.182.27\/tr\/?p=267747"},"modified":"2022-11-30T07:43:55","modified_gmt":"2022-11-30T05:43:55","slug":"buyukelci-ala-insan-haklari-konseyinin-irana-karsi-uyumsuz-kararlar-almasi-ilkelerinden-kabul-edilemez-bir-sapmadir","status":"publish","type":"post","link":"https:\/\/archive.sana.sy\/tr\/?p=267747","title":{"rendered":"B\u00fcy\u00fckel\u00e7i Ala: \u0130nsan Haklar\u0131 Konseyi&#8217;nin \u0130ran&#8217;a Kar\u015f\u0131 Uyumsuz Kararlar Almas\u0131, \u0130lkelerinden Kabul Edilemez Bir Sapmad\u0131r"},"content":{"rendered":"<p>CENEVRE \u2013 Suriye, Bat\u0131l\u0131 \u00fclkelerin \u0130nsan Haklar\u0131 Konseyi&#8217;ni ve mekanizmalar\u0131n\u0131 karalama ve siyasi gerek\u00e7elerle g\u00fcd\u00fcml\u00fc kampanyalarla g\u00fcney \u00fclkelerini hedef alma arac\u0131na d\u00f6n\u00fc\u015ft\u00fcrme \u0131srar\u0131n\u0131 reddetti\u011fini vurgulayarak, \u0130ran&#8217;a kar\u015f\u0131 r\u0131za d\u0131\u015f\u0131 kararlar alman\u0131n ve mekanizmalar kurman\u0131n Konsey&#8217;in \u00e7al\u0131\u015fmalar\u0131n\u0131 daha fazla siyasalla\u015ft\u0131rmak ve dayand\u0131\u011f\u0131 ilkelerden kabul edilemez bir sapma oldu\u011funun alt\u0131n\u0131 \u00e7izdi.<\/p>\n<p>Suriye&#8217;nin Cenevre&#8217;deki Birle\u015fmi\u015f Milletler Ofisi ve di\u011fer uluslararas\u0131 kurulu\u015flar nezdindeki daimi temsilcisi B\u00fcy\u00fckel\u00e7i Husamam Eddin Ala, bug\u00fcn \u0130nsan Haklar\u0131 Konseyi&#8217;nin \u0130ran&#8217;daki insan haklar\u0131n\u0131n durumuna ili\u015fkin 35. \u00f6zel oturumu \u00f6ncesinde yapt\u0131\u011f\u0131 a\u00e7\u0131klamada: \u2018\u2019 Suriye, \u00e7ifte standarda dayal\u0131 bu se\u00e7ici uygulamadan vazge\u00e7ilmesi \u00e7a\u011fr\u0131s\u0131nda bulundu. Konsey&#8217;in \u0130ran&#8217;daki durumu g\u00f6r\u00fc\u015fmek \u00fczere \u00f6zel bir toplant\u0131ya \u00e7a\u011fr\u0131lmas\u0131 \u00e7a\u011fr\u0131s\u0131n\u0131, \u0130ran&#8217;\u0131n i\u00e7 i\u015flerine kar\u0131\u015fmak i\u00e7in insan haklar\u0131 sloganlar\u0131n\u0131n arkas\u0131na saklanan siyasalla\u015fm\u0131\u015f yakla\u015f\u0131m\u0131n devam\u0131 olarak de\u011ferlendiriyor\u2026\u2019\u2019 dedi.<\/p>\n<p>B\u00fcy\u00fckel\u00e7i Alla, Suriye&#8217;nin \u0130ran&#8217;\u0131n insan haklar\u0131n\u0131n geli\u015ftirilmesi ve korunmas\u0131 konusundaki taahh\u00fcd\u00fcn\u00fc ve evrensel periyodik inceleme mekanizmas\u0131 ve anla\u015fma mekanizmalar\u0131 da dahil olmak \u00fczere ilgili Birle\u015fmi\u015f Milletler mekanizmalar\u0131yla yap\u0131c\u0131 i\u015fbirli\u011fini takdir etti\u011fini a\u00e7\u0131k\u00e7a belirterek, ayn\u0131 zamanda \u0130ran halk\u0131na uygulanan tek tarafl\u0131 zorlay\u0131c\u0131 tedbirlerden kaynaklanan insan haklar\u0131 ihlallerini g\u00f6rmezden gelindi\u011fini vurgulad\u0131\u011f\u0131n\u0131 kaydetti.<\/p>\n<p>B\u00fcy\u00fckel\u00e7i Alla\u00a0 a\u00e7\u0131klamas\u0131nda ayr\u0131ca, Suriye&#8217;nin \u0130ran&#8217;da sivilleri ve g\u00fcvenlik g\u00fc\u00e7lerini etkileyen \u015fiddet ve ter\u00f6r eylemlerini k\u0131nad\u0131\u011f\u0131n\u0131 ifade etti.<\/p>\n<p><a class=\"x1i10hfl xjbqb8w x6umtig x1b1mbwd xaqea5y xav7gou x9f619 x1ypdohk xt0psk2 xe8uvvx xdj266r x11i5rnm xat24cr x1mh8g0r xexx8yu x4uap5 x18d9i69 xkhd6sd x16tdsg8 x1hl2dhg xggy1nq x1a2a7pz xt0b8zv x1qq9wsj xo1l8bm\" tabindex=\"0\" role=\"link\" href=\"https:\/\/www.facebook.com\/hashtag\/telegram_kanal%C4%B1m%C4%B1z?__eep__=6&amp;__cft__[0]=AZWybsbMjPH8bGXYGn7UzBeYKuoviLIZKIiETgDn9FtZH1_IzYOTqoMIWUv36j3EelzoEQAnDfz0m1eWcmgH13hDkPBaQffaYkkLoUGXiNe0XYEnrnwGThYFxtSa-0AZxWw&amp;__tn__=*NK-R\">#Telegram_Kanal\u0131m\u0131z<\/a>:\u00a0<a class=\"x1i10hfl xjbqb8w x6umtig x1b1mbwd xaqea5y xav7gou x9f619 x1ypdohk xt0psk2 xe8uvvx xdj266r x11i5rnm xat24cr x1mh8g0r xexx8yu x4uap5 x18d9i69 xkhd6sd x16tdsg8 x1hl2dhg xggy1nq x1a2a7pz xt0b8zv x1fey0fg\" tabindex=\"0\" role=\"link\" href=\"https:\/\/t.me\/SuriyeArapHaberAjans%C4%B1?fbclid=IwAR1MU1QUF95aKuCb-kG8pqK0I268kSlH_gTjPbtnVY5EkAwV88S5ivdilNw\" target=\"_blank\" rel=\"nofollow noopener\">https:\/\/t.me\/SuriyeArapHaberAjans\u0131<\/a><\/p>\n","protected":false},"excerpt":{"rendered":"<p>CENEVRE \u2013 Suriye, Bat\u0131l\u0131 \u00fclkelerin \u0130nsan Haklar\u0131 Konseyi&#8217;ni ve mekanizmalar\u0131n\u0131 karalama ve siyasi gerek\u00e7elerle g\u00fcd\u00fcml\u00fc kampanyalarla g\u00fcney \u00fclkelerini hedef alma arac\u0131na d\u00f6n\u00fc\u015ft\u00fcrme \u0131srar\u0131n\u0131 reddetti\u011fini vurgulayarak, \u0130ran&#8217;a kar\u015f\u0131 r\u0131za d\u0131\u015f\u0131 kararlar alman\u0131n ve mekanizmalar kurman\u0131n Konsey&#8217;in \u00e7al\u0131\u015fmalar\u0131n\u0131 daha fazla siyasalla\u015ft\u0131rmak ve dayand\u0131\u011f\u0131 ilkelerden kabul edilemez bir sapma oldu\u011funun alt\u0131n\u0131 \u00e7izdi. Suriye&#8217;nin Cenevre&#8217;deki Birle\u015fmi\u015f Milletler Ofisi ve &hellip;<\/p>\n","protected":false},"author":41,"featured_media":267748,"comment_status":"closed","ping_status":"closed","sticky":false,"template":"","format":"standard","meta":{"footnotes":""},"categories":[458,459,17988],"tags":[],"class_list":["post-267747","post","type-post","status-publish","format-standard","has-post-thumbnail","","category-dunya1","category-haberler-arap-uluslararasi-politika","category-son-haberler"],"_links":{"self":[{"href":"https:\/\/archive.sana.sy\/tr\/index.php?rest_route=\/wp\/v2\/posts\/267747","targetHints":{"allow":["GET"]}}],"collection":[{"href":"https:\/\/archive.sana.sy\/tr\/index.php?rest_route=\/wp\/v2\/posts"}],"about":[{"href":"https:\/\/archive.sana.sy\/tr\/index.php?rest_route=\/wp\/v2\/types\/post"}],"author":[{"embeddable":true,"href":"https:\/\/archive.sana.sy\/tr\/index.php?rest_route=\/wp\/v2\/users\/41"}],"replies":[{"embeddable":true,"href":"https:\/\/archive.sana.sy\/tr\/index.php?rest_route=%2Fwp%2Fv2%2Fcomments&post=267747"}],"version-history":[{"count":0,"href":"https:\/\/archive.sana.sy\/tr\/index.php?rest_route=\/wp\/v2\/posts\/267747\/revisions"}],"wp:featuredmedia":[{"embeddable":true,"href":"https:\/\/archive.sana.sy\/tr\/index.php?rest_route=\/wp\/v2\/media\/267748"}],"wp:attachment":[{"href":"https:\/\/archive.sana.sy\/tr\/index.php?rest_route=%2Fwp%2Fv2%2Fmedia&parent=267747"}],"wp:term":[{"taxonomy":"category","embeddable":true,"href":"https:\/\/archive.sana.sy\/tr\/index.php?rest_route=%2Fwp%2Fv2%2Fcategories&post=267747"},{"taxonomy":"post_tag","embeddable":true,"href":"https:\/\/archive.sana.sy\/tr\/index.php?rest_route=%2Fwp%2Fv2%2Ftags&post=267747"}],"curies":[{"name":"wp","href":"https:\/\/api.w.org\/{rel}","templated":true}]}}