{"id":26777,"date":"2015-03-17T16:51:48","date_gmt":"2015-03-17T14:51:48","guid":{"rendered":"http:\/\/www.sana.sy\/tr\/?p=26777"},"modified":"2015-03-17T16:51:48","modified_gmt":"2015-03-17T14:51:48","slug":"teroristler-katliamlarinda-turk-ucaklarini-kullaniyor","status":"publish","type":"post","link":"https:\/\/archive.sana.sy\/tr\/?p=26777","title":{"rendered":"Ter\u00f6ristler Katliamlar\u0131nda T\u00fcrk U\u00e7aklar\u0131n\u0131 Kullan\u0131yor"},"content":{"rendered":"<p>TRABLUS \u2013 Libya \u0130\u00e7i\u015fleri Bakan\u0131 Ahmet Bereke Katar ve T\u00fcrkiye\u2019deki ihvanc\u0131 rejimin Libya&#8217;da radikal ter\u00f6r \u00e7etelere muhtelif t\u00fcr desteklerini s\u00fcrd\u00fcrd\u00fcklerini bir kez daha vurgulad\u0131.<\/p>\n<p>Bereke Libya televizyonuna yapt\u0131\u011f\u0131 a\u00e7\u0131klamada Katar \u015feyhli\u011fi ve T\u00fcrkiye&#8217;deki rejimin ter\u00f6r \u00f6rg\u00fctlere destekleriyle BM ve G\u00fcvenlik Konseyi kararlar\u0131n\u0131 ihlal etmeleriyle birlikte insanl\u0131\u011fa kar\u015f\u0131 ciddi bir su\u00e7 i\u015flediklerini s\u00f6yledi.<\/p>\n<p>Radikal ter\u00f6ristlerin Libyal\u0131 masum halk\u0131 katletmede T\u00fcrk yap\u0131m\u0131 u\u00e7aklar kulland\u0131klar\u0131na vurgu yapan Bereke; T\u00fcrkiye rejiminin ter\u00f6re deste\u011fine \u0131\u015f\u0131k tutan ve kan\u0131tlayan \u00e7ok say\u0131da raporun bulundu\u011funu s\u00f6yledi.<\/p>\n<p>Bereke T\u00fcrkiye rejiminin Libya halk\u0131na insani yard\u0131m ve yaral\u0131lara ila\u00e7 g\u00f6nderdiklerini iddia ettiklerine dikkat \u00e7ekerek, bu iddialar\u0131n as\u0131ls\u0131z oldu\u011funu ve g\u00f6nderilenlerin ise ter\u00f6ristlere destekten ibaret oldu\u011funu vurgulad\u0131.<\/p>\n<p>A.A. &#8211; M.M.<\/p>\n","protected":false},"excerpt":{"rendered":"<p>TRABLUS \u2013 Libya \u0130\u00e7i\u015fleri Bakan\u0131 Ahmet Bereke Katar ve T\u00fcrkiye\u2019deki ihvanc\u0131 rejimin Libya&#8217;da radikal ter\u00f6r \u00e7etelere muhtelif t\u00fcr desteklerini s\u00fcrd\u00fcrd\u00fcklerini bir kez daha vurgulad\u0131. Bereke Libya televizyonuna yapt\u0131\u011f\u0131 a\u00e7\u0131klamada Katar \u015feyhli\u011fi ve T\u00fcrkiye&#8217;deki rejimin ter\u00f6r \u00f6rg\u00fctlere destekleriyle BM ve G\u00fcvenlik Konseyi kararlar\u0131n\u0131 ihlal etmeleriyle birlikte insanl\u0131\u011fa kar\u015f\u0131 ciddi bir su\u00e7 i\u015flediklerini s\u00f6yledi. Radikal ter\u00f6ristlerin Libyal\u0131 &hellip;<\/p>\n","protected":false},"author":1,"featured_media":26778,"comment_status":"closed","ping_status":"closed","sticky":false,"template":"","format":"standard","meta":{"footnotes":""},"categories":[458,459,447,2554,2555],"tags":[12646,12647],"class_list":["post-26777","post","type-post","status-publish","format-standard","has-post-thumbnail","","category-dunya1","category-haberler-arap-uluslararasi-politika","category-politika","category-suriye-ve-dunya","category-suriye-ve-turkiye","tag-teroristler-katliamlarinda-turk-ucaklarini-kullaniyor","tag-trablus-libya-icisleri-bakani-ahmet-bereke-katar-ve-turkiyedeki-ihvanci-rejimin-libyada-radikal-teror-cetelere-muhtelif-tur-desteklerini-surdurduklerini-bir-kez-daha-vurguladi"],"_links":{"self":[{"href":"https:\/\/archive.sana.sy\/tr\/index.php?rest_route=\/wp\/v2\/posts\/26777","targetHints":{"allow":["GET"]}}],"collection":[{"href":"https:\/\/archive.sana.sy\/tr\/index.php?rest_route=\/wp\/v2\/posts"}],"about":[{"href":"https:\/\/archive.sana.sy\/tr\/index.php?rest_route=\/wp\/v2\/types\/post"}],"author":[{"embeddable":true,"href":"https:\/\/archive.sana.sy\/tr\/index.php?rest_route=\/wp\/v2\/users\/1"}],"replies":[{"embeddable":true,"href":"https:\/\/archive.sana.sy\/tr\/index.php?rest_route=%2Fwp%2Fv2%2Fcomments&post=26777"}],"version-history":[{"count":0,"href":"https:\/\/archive.sana.sy\/tr\/index.php?rest_route=\/wp\/v2\/posts\/26777\/revisions"}],"wp:featuredmedia":[{"embeddable":true,"href":"https:\/\/archive.sana.sy\/tr\/index.php?rest_route=\/wp\/v2\/media\/26778"}],"wp:attachment":[{"href":"https:\/\/archive.sana.sy\/tr\/index.php?rest_route=%2Fwp%2Fv2%2Fmedia&parent=26777"}],"wp:term":[{"taxonomy":"category","embeddable":true,"href":"https:\/\/archive.sana.sy\/tr\/index.php?rest_route=%2Fwp%2Fv2%2Fcategories&post=26777"},{"taxonomy":"post_tag","embeddable":true,"href":"https:\/\/archive.sana.sy\/tr\/index.php?rest_route=%2Fwp%2Fv2%2Ftags&post=26777"}],"curies":[{"name":"wp","href":"https:\/\/api.w.org\/{rel}","templated":true}]}}