{"id":267887,"date":"2022-11-27T10:34:24","date_gmt":"2022-11-27T08:34:24","guid":{"rendered":"http:\/\/107.6.182.27\/tr\/?p=267887"},"modified":"2022-11-30T07:47:20","modified_gmt":"2022-11-30T05:47:20","slug":"slutsky-ukrayna-ile-muzakereler-hakkinda-konusmak-hayalden-baska-bir-sey-degildir","status":"publish","type":"post","link":"https:\/\/archive.sana.sy\/tr\/?p=267887","title":{"rendered":"Slutsky: Ukrayna \u0130le M\u00fczakereler Hakk\u0131nda Konu\u015fmak Hayalden Ba\u015fka Bir \u015eey De\u011fildir"},"content":{"rendered":"<p style=\"text-align: justify;\">MOSKOVA &#8211; Rusya Devlet Dumas\u0131 Uluslararas\u0131 \u0130li\u015fkiler Komitesi Ba\u015fkan\u0131 Leonid Slutsky, Kiev makamlar\u0131n\u0131n Avrupa G\u00fcvenlik ve \u0130\u015fbirli\u011fi Te\u015fkilat\u0131 Parlamenterler Meclisini boykot etme karar\u0131n\u0131n, onlar\u0131n diyalog konusundaki isteksizliklerini do\u011frulayan bir ba\u015fka kan\u0131t oldu\u011funu belirtti.<\/p>\n<p style=\"text-align: justify;\">Sputnik&#8217;in Slutsky&#8217;den Telegram&#8217;da s\u00f6ylediklerinden aktard\u0131\u011f\u0131na g\u00f6re: &#8220;Ukrayna ile m\u00fczakerelerden bahsetmek bir hayalden ba\u015fka bir \u015fey de\u011fildir&#8221; yazd\u0131\u011f\u0131n\u0131 aktard\u0131.<\/p>\n<p style=\"text-align: justify;\">Polonya&#8217;n\u0131n, Rusya D\u0131\u015fi\u015fleri Bakan\u0131 Sergey Lavrov&#8217;un Avrupa G\u00fcvenlik ve \u0130i\u015fbirli\u011fi Te\u015fkilat\u0131 D\u0131\u015fi\u015fleri Bakanlar\u0131 Konseyi toplant\u0131s\u0131na kat\u0131lmas\u0131n\u0131 engellemesinin, Kiev&#8217;in bayra\u011f\u0131 Polonyal\u0131lardan ald\u0131\u011f\u0131n\u0131 kan\u0131tlad\u0131\u011f\u0131na i\u015faret etti.<\/p>\n<p style=\"text-align: justify;\">Slutsky, Washington&#8217;un aktif olarak destekledi\u011fi Kiev&#8217;in s\u00f6zde Avrupal\u0131 \u200b\u200bm\u00fcttefikler dahil herkesle konu\u015fmaya \u00e7al\u0131\u015ft\u0131\u011f\u0131na dikkat \u00e7ekti.<\/p>\n<p><a class=\"x1i10hfl xjbqb8w x6umtig x1b1mbwd xaqea5y xav7gou x9f619 x1ypdohk xt0psk2 xe8uvvx xdj266r x11i5rnm xat24cr x1mh8g0r xexx8yu x4uap5 x18d9i69 xkhd6sd x16tdsg8 x1hl2dhg xggy1nq x1a2a7pz xt0b8zv x1qq9wsj xo1l8bm\" tabindex=\"0\" role=\"link\" href=\"https:\/\/www.facebook.com\/hashtag\/telegram_kanal%C4%B1m%C4%B1z?__eep__=6&amp;__cft__[0]=AZWbGEG4krkmlR37HQdeRa_tm56Wm_RC0u1zo5iXDu5xV6XEJRwbLQFJC38G1tcWgZeX0p8zTSUd3uyeehoD7OhBF5QQI7DXPOTG-RSKBT0GYfKLZkWmnLBfVHBHy5SYz_aGgCq4tF1FyKaM3Ll7_puD3CQxRM61XsCjwkxuytTi1E9ZGHfz4-ZPSvnOSYFQ0KU&amp;__tn__=*NK-R\">#Telegram_Kanal\u0131m\u0131z<\/a>:\u00a0<a class=\"x1i10hfl xjbqb8w x6umtig x1b1mbwd xaqea5y xav7gou x9f619 x1ypdohk xt0psk2 xe8uvvx xdj266r x11i5rnm xat24cr x1mh8g0r xexx8yu x4uap5 x18d9i69 xkhd6sd x16tdsg8 x1hl2dhg xggy1nq x1a2a7pz xt0b8zv x1fey0fg\" tabindex=\"0\" role=\"link\" href=\"https:\/\/t.me\/SuriyeArapHaberAjans%C4%B1?fbclid=IwAR1mjgJbN7oiCUhCmbkxYbE3Yf-NwYxepsBh4WXMfHRx1gYI0RRefa-kvPs\" target=\"_blank\" rel=\"nofollow noopener\">https:\/\/t.me\/SuriyeArapHaberAjans\u0131<\/a><\/p>\n","protected":false},"excerpt":{"rendered":"<p>MOSKOVA &#8211; Rusya Devlet Dumas\u0131 Uluslararas\u0131 \u0130li\u015fkiler Komitesi Ba\u015fkan\u0131 Leonid Slutsky, Kiev makamlar\u0131n\u0131n Avrupa G\u00fcvenlik ve \u0130\u015fbirli\u011fi Te\u015fkilat\u0131 Parlamenterler Meclisini boykot etme karar\u0131n\u0131n, onlar\u0131n diyalog konusundaki isteksizliklerini do\u011frulayan bir ba\u015fka kan\u0131t oldu\u011funu belirtti. Sputnik&#8217;in Slutsky&#8217;den Telegram&#8217;da s\u00f6ylediklerinden aktard\u0131\u011f\u0131na g\u00f6re: &#8220;Ukrayna ile m\u00fczakerelerden bahsetmek bir hayalden ba\u015fka bir \u015fey de\u011fildir&#8221; yazd\u0131\u011f\u0131n\u0131 aktard\u0131. Polonya&#8217;n\u0131n, Rusya D\u0131\u015fi\u015fleri Bakan\u0131 &hellip;<\/p>\n","protected":false},"author":1,"featured_media":267888,"comment_status":"closed","ping_status":"closed","sticky":false,"template":"","format":"standard","meta":{"footnotes":""},"categories":[458,459,17988],"tags":[],"class_list":["post-267887","post","type-post","status-publish","format-standard","has-post-thumbnail","","category-dunya1","category-haberler-arap-uluslararasi-politika","category-son-haberler"],"_links":{"self":[{"href":"https:\/\/archive.sana.sy\/tr\/index.php?rest_route=\/wp\/v2\/posts\/267887","targetHints":{"allow":["GET"]}}],"collection":[{"href":"https:\/\/archive.sana.sy\/tr\/index.php?rest_route=\/wp\/v2\/posts"}],"about":[{"href":"https:\/\/archive.sana.sy\/tr\/index.php?rest_route=\/wp\/v2\/types\/post"}],"author":[{"embeddable":true,"href":"https:\/\/archive.sana.sy\/tr\/index.php?rest_route=\/wp\/v2\/users\/1"}],"replies":[{"embeddable":true,"href":"https:\/\/archive.sana.sy\/tr\/index.php?rest_route=%2Fwp%2Fv2%2Fcomments&post=267887"}],"version-history":[{"count":0,"href":"https:\/\/archive.sana.sy\/tr\/index.php?rest_route=\/wp\/v2\/posts\/267887\/revisions"}],"wp:featuredmedia":[{"embeddable":true,"href":"https:\/\/archive.sana.sy\/tr\/index.php?rest_route=\/wp\/v2\/media\/267888"}],"wp:attachment":[{"href":"https:\/\/archive.sana.sy\/tr\/index.php?rest_route=%2Fwp%2Fv2%2Fmedia&parent=267887"}],"wp:term":[{"taxonomy":"category","embeddable":true,"href":"https:\/\/archive.sana.sy\/tr\/index.php?rest_route=%2Fwp%2Fv2%2Fcategories&post=267887"},{"taxonomy":"post_tag","embeddable":true,"href":"https:\/\/archive.sana.sy\/tr\/index.php?rest_route=%2Fwp%2Fv2%2Ftags&post=267887"}],"curies":[{"name":"wp","href":"https:\/\/api.w.org\/{rel}","templated":true}]}}