{"id":267938,"date":"2022-11-27T14:27:21","date_gmt":"2022-11-27T12:27:21","guid":{"rendered":"http:\/\/107.6.182.27\/tr\/?p=267938"},"modified":"2022-11-30T07:49:33","modified_gmt":"2022-11-30T05:49:33","slug":"mikdad-dunya-gida-programi-icra-direktor-yardimcisi-ile-isbirligini-gelistirmenin-yollarini-gorusuyor","status":"publish","type":"post","link":"https:\/\/archive.sana.sy\/tr\/?p=267938","title":{"rendered":"Mikdad, D\u00fcnya G\u0131da Program\u0131 \u0130cra Direkt\u00f6r Yard\u0131mc\u0131s\u0131 \u0130le \u0130\u015fbirli\u011fini Geli\u015ftirmenin Yollar\u0131n\u0131 G\u00f6r\u00fc\u015f\u00fcyor"},"content":{"rendered":"<p>\u015eAM &#8211; D\u0131\u015fi\u015fleri ve Gurbet\u00e7iler Bakan\u0131\u00a0 Faysal Mikdad, D\u00fcnya G\u0131da Program\u0131 \u0130cra Direkt\u00f6r Yard\u0131mc\u0131s\u0131 Ramiro de Oliveira Lopez da Silva ve beraberindeki heyet ile i\u015fbirli\u011fi ili\u015fkilerini ve insani durumu iyile\u015ftirmeye ve Suriye vatanda\u015flar\u0131n\u0131n temel ya\u015fam ihtiya\u00e7lar\u0131n\u0131 kar\u015f\u0131lamaya yard\u0131mc\u0131 olacak \u015fekilde bunlar\u0131 geli\u015ftirmenin yollar\u0131n\u0131 \u00a0g\u00f6r\u00fc\u015ft\u00fc.<\/p>\n<p><img loading=\"lazy\" decoding=\"async\" class=\"size-full wp-image-267940 alignright\" src=\"http:\/\/107.6.182.27\/tr\/wp-content\/uploads\/2022\/11\/ROD_0521-300x204-1.jpg\" alt=\"\" width=\"300\" height=\"204\" srcset=\"https:\/\/archive.sana.sy\/tr\/wp-content\/uploads\/2022\/11\/ROD_0521-300x204-1.jpg 300w, https:\/\/archive.sana.sy\/tr\/wp-content\/uploads\/2022\/11\/ROD_0521-300x204-1-150x102.jpg 150w, https:\/\/archive.sana.sy\/tr\/wp-content\/uploads\/2022\/11\/ROD_0521-300x204-1-110x75.jpg 110w\" sizes=\"auto, (max-width: 300px) 100vw, 300px\" \/>Bakan, Silva ve beraberindeki heyet ile yapt\u0131\u011f\u0131 g\u00f6r\u00fc\u015fmede, ihtiyac\u0131 olanlara insani yard\u0131m ula\u015ft\u0131rmak i\u00e7in D\u00fcnya G\u0131da Program\u0131\u00a0 dahil olmak \u00fczrere .Suriye h\u00fck\u00fcmetinin ter\u00f6r sava\u015f\u0131 \u0131\u015f\u0131\u011f\u0131nda yapt\u0131\u011f\u0131 \u00e7al\u0131\u015fmalar\u0131 ve uluslararas\u0131 kurulu\u015flara sa\u011flad\u0131\u011f\u0131 kolayl\u0131klar\u0131 sundu.<\/p>\n<p>Bakan Mikdad, erken iyile\u015fme ve dayan\u0131kl\u0131l\u0131k deste\u011fi ve ilgili programlarla ilgili y\u00f6nlere odaklanman\u0131n \u00f6nemine i\u015faret ederek,\u00a0 Suriye&#8217;nin program\u0131n bu alanda g\u00f6sterdi\u011fi \u00e7abalar\u0131 takdir etti\u011fini ve programla i\u015fbirli\u011fini geli\u015ftirmeye istekli oldu\u011funu ifade etti.<\/p>\n<p>Mikdad ayr\u0131ca, Amerika Birle\u015fik Devletleri ve Avrupa Birli\u011fi taraf\u0131ndan Suriye halk\u0131na dayat\u0131lan tek tarafl\u0131 zorlay\u0131c\u0131 \u00f6nlemlerin olumsuz etkisiyle y\u00fczle\u015fmenin \u00f6nemini vurgulad\u0131.<\/p>\n<p><img loading=\"lazy\" decoding=\"async\" class=\"size-full wp-image-267941 alignright\" src=\"http:\/\/107.6.182.27\/tr\/wp-content\/uploads\/2022\/11\/ROD_0546-300x198-1.jpg\" alt=\"\" width=\"300\" height=\"198\" srcset=\"https:\/\/archive.sana.sy\/tr\/wp-content\/uploads\/2022\/11\/ROD_0546-300x198-1.jpg 300w, https:\/\/archive.sana.sy\/tr\/wp-content\/uploads\/2022\/11\/ROD_0546-300x198-1-150x99.jpg 150w\" sizes=\"auto, (max-width: 300px) 100vw, 300px\" \/>Buna kar\u015f\u0131l\u0131k, da Silva Suriye h\u00fck\u00fcmetine programla i\u015fbirli\u011fi yapt\u0131\u011f\u0131 ve program\u0131n ihtiya\u00e7 sahiplerine hizmet sa\u011flama ve insani yard\u0131m sa\u011flama rol\u00fcn\u00fc iyile\u015ftirmeye y\u00f6nelik \u00e7al\u0131\u015fmalar\u0131n\u0131 kolayla\u015ft\u0131rmak i\u00e7in g\u00f6sterdi\u011fi \u00e7abalar i\u00e7in te\u015fekk\u00fcr ederek, uluslararas\u0131 toplumu, Suriye halk\u0131n\u0131n kar\u015f\u0131la\u015ft\u0131klar\u0131 zorluk ve zorluklar\u0131n \u00fcstesinden gelmesine yard\u0131mc\u0131 olmak i\u00e7in daha fazla \u00e7aba g\u00f6stermeye \u00e7a\u011f\u0131rd\u0131.<\/p>\n<p>Konuk ayr\u0131ca, program\u0131n Suriye&#8217;deki faaliyetleri i\u00e7in fon seviyesini y\u00fckseltmek i\u00e7in her t\u00fcrl\u00fc \u00e7abay\u0131 g\u00f6sterdi\u011fini vurgulayarak, Sahadaki zorluklarla m\u00fccadelede Suriye h\u00fck\u00fcmeti ile program aras\u0131ndaki ili\u015fkiyi takdir etti\u011fini ifade etti.<\/p>\n<p>Toplant\u0131ya Uluslararas\u0131 Organizasyonlar ve Konferanslar Dairesi&#8217;nden Muhammadiye El Nasan ve Yamin Madi ile Bakanl\u0131ktan H\u00fcseyin El Abdulaziz kat\u0131ld\u0131.<\/p>\n<p><a class=\"x1i10hfl xjbqb8w x6umtig x1b1mbwd xaqea5y xav7gou x9f619 x1ypdohk xt0psk2 xe8uvvx xdj266r x11i5rnm xat24cr x1mh8g0r xexx8yu x4uap5 x18d9i69 xkhd6sd x16tdsg8 x1hl2dhg xggy1nq x1a2a7pz xt0b8zv x1qq9wsj xo1l8bm\" tabindex=\"0\" role=\"link\" href=\"https:\/\/www.facebook.com\/hashtag\/telegram_kanal%C4%B1m%C4%B1z?__eep__=6&amp;__cft__[0]=AZWbGEG4krkmlR37HQdeRa_tm56Wm_RC0u1zo5iXDu5xV6XEJRwbLQFJC38G1tcWgZeX0p8zTSUd3uyeehoD7OhBF5QQI7DXPOTG-RSKBT0GYfKLZkWmnLBfVHBHy5SYz_aGgCq4tF1FyKaM3Ll7_puD3CQxRM61XsCjwkxuytTi1E9ZGHfz4-ZPSvnOSYFQ0KU&amp;__tn__=*NK-R\">#Telegram_Kanal\u0131m\u0131z<\/a>:\u00a0<a class=\"x1i10hfl xjbqb8w x6umtig x1b1mbwd xaqea5y xav7gou x9f619 x1ypdohk xt0psk2 xe8uvvx xdj266r x11i5rnm xat24cr x1mh8g0r xexx8yu x4uap5 x18d9i69 xkhd6sd x16tdsg8 x1hl2dhg xggy1nq x1a2a7pz xt0b8zv x1fey0fg\" tabindex=\"0\" role=\"link\" href=\"https:\/\/t.me\/SuriyeArapHaberAjans%C4%B1?fbclid=IwAR1mjgJbN7oiCUhCmbkxYbE3Yf-NwYxepsBh4WXMfHRx1gYI0RRefa-kvPs\" target=\"_blank\" rel=\"nofollow noopener\">https:\/\/t.me\/SuriyeArapHaberAjans\u0131<\/a><\/p>\n","protected":false},"excerpt":{"rendered":"<p>\u015eAM &#8211; D\u0131\u015fi\u015fleri ve Gurbet\u00e7iler Bakan\u0131\u00a0 Faysal Mikdad, D\u00fcnya G\u0131da Program\u0131 \u0130cra Direkt\u00f6r Yard\u0131mc\u0131s\u0131 Ramiro de Oliveira Lopez da Silva ve beraberindeki heyet ile i\u015fbirli\u011fi ili\u015fkilerini ve insani durumu iyile\u015ftirmeye ve Suriye vatanda\u015flar\u0131n\u0131n temel ya\u015fam ihtiya\u00e7lar\u0131n\u0131 kar\u015f\u0131lamaya yard\u0131mc\u0131 olacak \u015fekilde bunlar\u0131 geli\u015ftirmenin yollar\u0131n\u0131 \u00a0g\u00f6r\u00fc\u015ft\u00fc. Bakan, Silva ve beraberindeki heyet ile yapt\u0131\u011f\u0131 g\u00f6r\u00fc\u015fmede, ihtiyac\u0131 olanlara insani &hellip;<\/p>\n","protected":false},"author":41,"featured_media":267939,"comment_status":"closed","ping_status":"closed","sticky":false,"template":"","format":"standard","meta":{"footnotes":""},"categories":[479,17988,478],"tags":[],"class_list":["post-267938","post","type-post","status-publish","format-standard","has-post-thumbnail","","category-haberler-yerel","category-son-haberler","category-yerel"],"_links":{"self":[{"href":"https:\/\/archive.sana.sy\/tr\/index.php?rest_route=\/wp\/v2\/posts\/267938","targetHints":{"allow":["GET"]}}],"collection":[{"href":"https:\/\/archive.sana.sy\/tr\/index.php?rest_route=\/wp\/v2\/posts"}],"about":[{"href":"https:\/\/archive.sana.sy\/tr\/index.php?rest_route=\/wp\/v2\/types\/post"}],"author":[{"embeddable":true,"href":"https:\/\/archive.sana.sy\/tr\/index.php?rest_route=\/wp\/v2\/users\/41"}],"replies":[{"embeddable":true,"href":"https:\/\/archive.sana.sy\/tr\/index.php?rest_route=%2Fwp%2Fv2%2Fcomments&post=267938"}],"version-history":[{"count":0,"href":"https:\/\/archive.sana.sy\/tr\/index.php?rest_route=\/wp\/v2\/posts\/267938\/revisions"}],"wp:featuredmedia":[{"embeddable":true,"href":"https:\/\/archive.sana.sy\/tr\/index.php?rest_route=\/wp\/v2\/media\/267939"}],"wp:attachment":[{"href":"https:\/\/archive.sana.sy\/tr\/index.php?rest_route=%2Fwp%2Fv2%2Fmedia&parent=267938"}],"wp:term":[{"taxonomy":"category","embeddable":true,"href":"https:\/\/archive.sana.sy\/tr\/index.php?rest_route=%2Fwp%2Fv2%2Fcategories&post=267938"},{"taxonomy":"post_tag","embeddable":true,"href":"https:\/\/archive.sana.sy\/tr\/index.php?rest_route=%2Fwp%2Fv2%2Ftags&post=267938"}],"curies":[{"name":"wp","href":"https:\/\/api.w.org\/{rel}","templated":true}]}}