{"id":267947,"date":"2022-11-27T13:00:42","date_gmt":"2022-11-27T11:00:42","guid":{"rendered":"http:\/\/107.6.182.27\/tr\/?p=267947"},"modified":"2022-11-30T07:49:21","modified_gmt":"2022-11-30T05:49:21","slug":"suriye-asya-judo-sampiyonasinda-bronz-madalya-kazandi","status":"publish","type":"post","link":"https:\/\/archive.sana.sy\/tr\/?p=267947","title":{"rendered":"Suriye Asya Judo \u015eampiyonas\u0131&#8217;nda Bronz Madalya Kazand\u0131"},"content":{"rendered":"<p>BEYRUT \u2013 L\u00fcbnan&#8217;\u0131n ba\u015fkenti Beyrut&#8217;ta 16 \u00fclkenin kat\u0131l\u0131m\u0131yla d\u00fczenlenen Asya Judo \u015eampiyonas\u0131&#8217;nda Suriyeli judocu S\u00fcleyman El Rifai bronz madalya kazand\u0131.<\/p>\n<p>El Rifai, K\u0131rg\u0131z milli tak\u0131m\u0131n\u0131 orijinal s\u00fcreyi uzatarak ma\u011flup ettikten sonra 60 kg alt\u0131 kategorisinde bronz madalya kazand\u0131.<\/p>\n<p>Judocu ElRifai, \u015fampiyonadaki ilk ma\u00e7\u0131n\u0131 Hong Kong milli tak\u0131m oyuncusuna kar\u015f\u0131, ikinci ma\u00e7\u0131n\u0131 da \u00dcrd\u00fcn milli tak\u0131m oyuncusuna kar\u015f\u0131 iki ma\u00e7ta tam puan alarak kazanm\u0131\u015ft\u0131.<\/p>\n<p><a class=\"x1i10hfl xjbqb8w x6umtig x1b1mbwd xaqea5y xav7gou x9f619 x1ypdohk xt0psk2 xe8uvvx xdj266r x11i5rnm xat24cr x1mh8g0r xexx8yu x4uap5 x18d9i69 xkhd6sd x16tdsg8 x1hl2dhg xggy1nq x1a2a7pz xt0b8zv x1qq9wsj xo1l8bm\" tabindex=\"0\" role=\"link\" href=\"https:\/\/www.facebook.com\/hashtag\/telegram_kanal%C4%B1m%C4%B1z?__eep__=6&amp;__cft__[0]=AZWbGEG4krkmlR37HQdeRa_tm56Wm_RC0u1zo5iXDu5xV6XEJRwbLQFJC38G1tcWgZeX0p8zTSUd3uyeehoD7OhBF5QQI7DXPOTG-RSKBT0GYfKLZkWmnLBfVHBHy5SYz_aGgCq4tF1FyKaM3Ll7_puD3CQxRM61XsCjwkxuytTi1E9ZGHfz4-ZPSvnOSYFQ0KU&amp;__tn__=*NK-R\">#Telegram_Kanal\u0131m\u0131z<\/a>:\u00a0<a class=\"x1i10hfl xjbqb8w x6umtig x1b1mbwd xaqea5y xav7gou x9f619 x1ypdohk xt0psk2 xe8uvvx xdj266r x11i5rnm xat24cr x1mh8g0r xexx8yu x4uap5 x18d9i69 xkhd6sd x16tdsg8 x1hl2dhg xggy1nq x1a2a7pz xt0b8zv x1fey0fg\" tabindex=\"0\" role=\"link\" href=\"https:\/\/t.me\/SuriyeArapHaberAjans%C4%B1?fbclid=IwAR1mjgJbN7oiCUhCmbkxYbE3Yf-NwYxepsBh4WXMfHRx1gYI0RRefa-kvPs\" target=\"_blank\" rel=\"nofollow noopener\">https:\/\/t.me\/SuriyeArapHaberAjans\u0131<\/a><\/p>\n","protected":false},"excerpt":{"rendered":"<p>BEYRUT \u2013 L\u00fcbnan&#8217;\u0131n ba\u015fkenti Beyrut&#8217;ta 16 \u00fclkenin kat\u0131l\u0131m\u0131yla d\u00fczenlenen Asya Judo \u015eampiyonas\u0131&#8217;nda Suriyeli judocu S\u00fcleyman El Rifai bronz madalya kazand\u0131. El Rifai, K\u0131rg\u0131z milli tak\u0131m\u0131n\u0131 orijinal s\u00fcreyi uzatarak ma\u011flup ettikten sonra 60 kg alt\u0131 kategorisinde bronz madalya kazand\u0131. Judocu ElRifai, \u015fampiyonadaki ilk ma\u00e7\u0131n\u0131 Hong Kong milli tak\u0131m oyuncusuna kar\u015f\u0131, ikinci ma\u00e7\u0131n\u0131 da \u00dcrd\u00fcn milli tak\u0131m &hellip;<\/p>\n","protected":false},"author":41,"featured_media":267948,"comment_status":"closed","ping_status":"closed","sticky":false,"template":"","format":"standard","meta":{"footnotes":""},"categories":[498,17988,496],"tags":[],"class_list":["post-267947","post","type-post","status-publish","format-standard","has-post-thumbnail","","category-dunya-turnuvalari","category-son-haberler","category-spor"],"_links":{"self":[{"href":"https:\/\/archive.sana.sy\/tr\/index.php?rest_route=\/wp\/v2\/posts\/267947","targetHints":{"allow":["GET"]}}],"collection":[{"href":"https:\/\/archive.sana.sy\/tr\/index.php?rest_route=\/wp\/v2\/posts"}],"about":[{"href":"https:\/\/archive.sana.sy\/tr\/index.php?rest_route=\/wp\/v2\/types\/post"}],"author":[{"embeddable":true,"href":"https:\/\/archive.sana.sy\/tr\/index.php?rest_route=\/wp\/v2\/users\/41"}],"replies":[{"embeddable":true,"href":"https:\/\/archive.sana.sy\/tr\/index.php?rest_route=%2Fwp%2Fv2%2Fcomments&post=267947"}],"version-history":[{"count":0,"href":"https:\/\/archive.sana.sy\/tr\/index.php?rest_route=\/wp\/v2\/posts\/267947\/revisions"}],"wp:featuredmedia":[{"embeddable":true,"href":"https:\/\/archive.sana.sy\/tr\/index.php?rest_route=\/wp\/v2\/media\/267948"}],"wp:attachment":[{"href":"https:\/\/archive.sana.sy\/tr\/index.php?rest_route=%2Fwp%2Fv2%2Fmedia&parent=267947"}],"wp:term":[{"taxonomy":"category","embeddable":true,"href":"https:\/\/archive.sana.sy\/tr\/index.php?rest_route=%2Fwp%2Fv2%2Fcategories&post=267947"},{"taxonomy":"post_tag","embeddable":true,"href":"https:\/\/archive.sana.sy\/tr\/index.php?rest_route=%2Fwp%2Fv2%2Ftags&post=267947"}],"curies":[{"name":"wp","href":"https:\/\/api.w.org\/{rel}","templated":true}]}}