{"id":267957,"date":"2022-11-27T17:22:30","date_gmt":"2022-11-27T15:22:30","guid":{"rendered":"http:\/\/107.6.182.27\/tr\/?p=267957"},"modified":"2022-11-30T07:49:45","modified_gmt":"2022-11-30T05:49:45","slug":"suveyda-valisi-ve-venezuela-buyukelcisi-yatirim-projelerinde-ortak-isbirligi-yollarini-gorusuyor","status":"publish","type":"post","link":"https:\/\/archive.sana.sy\/tr\/?p=267957","title":{"rendered":"Suveyda \u00a0Valisi Ve Venezuela B\u00fcy\u00fckel\u00e7isi Yat\u0131r\u0131m Projelerinde Ortak \u0130\u015fbirli\u011fi Yollar\u0131n\u0131 G\u00f6r\u00fc\u015f\u00fcyor"},"content":{"rendered":"<p>SUVEYDA \u2013 Suveyda Valisi Bessam Barsik, Bolivarc\u0131 Venezuela Cumhuriyeti&#8217;nin Tam Yetkili ve Ola\u011fan\u00fcst\u00fc B\u00fcy\u00fckel\u00e7isi Jos\u00e9 Gregorio Biomorje Mousatis aras\u0131ndaki ger\u00e7ekle\u015fen \u00a0g\u00f6r\u00fc\u015fmede valilikteki ekonomi ve yat\u0131r\u0131m projeleri alanda ortak i\u015fbirli\u011fi yollar\u0131 masaya yat\u0131r\u0131ld\u0131.<\/p>\n<p><img loading=\"lazy\" decoding=\"async\" class=\"size-full wp-image-267959 alignright\" src=\"http:\/\/107.6.182.27\/tr\/wp-content\/uploads\/2022\/11\/04-2-300x178-1.jpg\" alt=\"\" width=\"300\" height=\"178\" srcset=\"https:\/\/archive.sana.sy\/tr\/wp-content\/uploads\/2022\/11\/04-2-300x178-1.jpg 300w, https:\/\/archive.sana.sy\/tr\/wp-content\/uploads\/2022\/11\/04-2-300x178-1-150x89.jpg 150w\" sizes=\"auto, (max-width: 300px) 100vw, 300px\" \/>Suveyda Valili\u011fi binas\u0131nda ger\u00e7ekle\u015ftirilen g\u00f6r\u00fc\u015fmede Parsik, Suriye ile Venezuela aras\u0131ndaki k\u00f6kl\u00fc tarihi ili\u015fkilerden ve bu ili\u015fkileri s\u00fcrekli g\u00fc\u00e7lendirme arzusundan bahsetti.<\/p>\n<p>Vali Barsik ayr\u0131ca, Suveyda\u2019da \u00a0b\u00fcy\u00fck ekonomik fizibiliteye sahip yat\u0131r\u0131m f\u0131rsatlar\u0131 ve projelerin bir haritas\u0131n\u0131 ve bunlar\u0131n Suriye as\u0131ll\u0131 Venezuelal\u0131 i\u015f adamlar\u0131na sunulma olas\u0131l\u0131\u011f\u0131n\u0131 sunarak, valili\u011fin yatirimcilar ve i\u015fadamlar\u0131 i\u00e7in bir\u00e7ok kolayl\u0131k ve te\u015fvik sa\u011flayan yeni yasalar \u0131\u015f\u0131\u011f\u0131nda her t\u00fcrl\u00fc yat\u0131r\u0131m form\u00fcl\u00fcn\u00fcn s\u00fcrd\u00fcr\u00fclmesine a\u00e7\u0131k olundu\u011funun kaydetti.<\/p>\n<p>Venezuela b\u00fcy\u00fckel\u00e7isi ise, Suriye ile Venezuela aras\u0131ndaki ikili ili\u015fkileri g\u00fc\u00e7lendirmek ve en \u00fcst seviyelere \u00e7\u0131karmak, bunlar\u0131 y\u00fckseltmek i\u00e7in gerekli t\u00fcm yetenekleri kullanmak ve h\u00fck\u00fcmet ve halk nezdinde buna katk\u0131da bulunan her t\u00fcrl\u00fc giri\u015fimi memnuniyetle kar\u015f\u0131lamak arzusunu ve haz\u0131rl\u0131\u011f\u0131n\u0131 vurgulad\u0131.<\/p>\n<p>Suriye-Venezuela Parlamenter Dostluk Derne\u011fi ba\u015fkan\u0131 Muin Nasir ise ekonomik ve ticari ili\u015fkilerin iki \u00fclke aras\u0131ndaki siyasi ve halk ili\u015fkileri d\u00fczeyine y\u00fckseltilmesi ve ortak i\u015fbirli\u011fi ufuklar\u0131n\u0131n geni\u015fletilmesi gereklili\u011fine i\u015faret etti.<\/p>\n<p><a class=\"x1i10hfl xjbqb8w x6umtig x1b1mbwd xaqea5y xav7gou x9f619 x1ypdohk xt0psk2 xe8uvvx xdj266r x11i5rnm xat24cr x1mh8g0r xexx8yu x4uap5 x18d9i69 xkhd6sd x16tdsg8 x1hl2dhg xggy1nq x1a2a7pz xt0b8zv x1qq9wsj xo1l8bm\" tabindex=\"0\" role=\"link\" href=\"https:\/\/www.facebook.com\/hashtag\/telegram_kanal%C4%B1m%C4%B1z?__eep__=6&amp;__cft__[0]=AZWbGEG4krkmlR37HQdeRa_tm56Wm_RC0u1zo5iXDu5xV6XEJRwbLQFJC38G1tcWgZeX0p8zTSUd3uyeehoD7OhBF5QQI7DXPOTG-RSKBT0GYfKLZkWmnLBfVHBHy5SYz_aGgCq4tF1FyKaM3Ll7_puD3CQxRM61XsCjwkxuytTi1E9ZGHfz4-ZPSvnOSYFQ0KU&amp;__tn__=*NK-R\">#Telegram_Kanal\u0131m\u0131z<\/a>:\u00a0<a class=\"x1i10hfl xjbqb8w x6umtig x1b1mbwd xaqea5y xav7gou x9f619 x1ypdohk xt0psk2 xe8uvvx xdj266r x11i5rnm xat24cr x1mh8g0r xexx8yu x4uap5 x18d9i69 xkhd6sd x16tdsg8 x1hl2dhg xggy1nq x1a2a7pz xt0b8zv x1fey0fg\" tabindex=\"0\" role=\"link\" href=\"https:\/\/t.me\/SuriyeArapHaberAjans%C4%B1?fbclid=IwAR1mjgJbN7oiCUhCmbkxYbE3Yf-NwYxepsBh4WXMfHRx1gYI0RRefa-kvPs\" target=\"_blank\" rel=\"nofollow noopener\">https:\/\/t.me\/SuriyeArapHaberAjans\u0131<\/a><\/p>\n","protected":false},"excerpt":{"rendered":"<p>SUVEYDA \u2013 Suveyda Valisi Bessam Barsik, Bolivarc\u0131 Venezuela Cumhuriyeti&#8217;nin Tam Yetkili ve Ola\u011fan\u00fcst\u00fc B\u00fcy\u00fckel\u00e7isi Jos\u00e9 Gregorio Biomorje Mousatis aras\u0131ndaki ger\u00e7ekle\u015fen \u00a0g\u00f6r\u00fc\u015fmede valilikteki ekonomi ve yat\u0131r\u0131m projeleri alanda ortak i\u015fbirli\u011fi yollar\u0131 masaya yat\u0131r\u0131ld\u0131. Suveyda Valili\u011fi binas\u0131nda ger\u00e7ekle\u015ftirilen g\u00f6r\u00fc\u015fmede Parsik, Suriye ile Venezuela aras\u0131ndaki k\u00f6kl\u00fc tarihi ili\u015fkilerden ve bu ili\u015fkileri s\u00fcrekli g\u00fc\u00e7lendirme arzusundan bahsetti. Vali Barsik ayr\u0131ca, &hellip;<\/p>\n","protected":false},"author":41,"featured_media":267958,"comment_status":"closed","ping_status":"closed","sticky":false,"template":"","format":"standard","meta":{"footnotes":""},"categories":[479,17988,478],"tags":[],"class_list":["post-267957","post","type-post","status-publish","format-standard","has-post-thumbnail","","category-haberler-yerel","category-son-haberler","category-yerel"],"_links":{"self":[{"href":"https:\/\/archive.sana.sy\/tr\/index.php?rest_route=\/wp\/v2\/posts\/267957","targetHints":{"allow":["GET"]}}],"collection":[{"href":"https:\/\/archive.sana.sy\/tr\/index.php?rest_route=\/wp\/v2\/posts"}],"about":[{"href":"https:\/\/archive.sana.sy\/tr\/index.php?rest_route=\/wp\/v2\/types\/post"}],"author":[{"embeddable":true,"href":"https:\/\/archive.sana.sy\/tr\/index.php?rest_route=\/wp\/v2\/users\/41"}],"replies":[{"embeddable":true,"href":"https:\/\/archive.sana.sy\/tr\/index.php?rest_route=%2Fwp%2Fv2%2Fcomments&post=267957"}],"version-history":[{"count":0,"href":"https:\/\/archive.sana.sy\/tr\/index.php?rest_route=\/wp\/v2\/posts\/267957\/revisions"}],"wp:featuredmedia":[{"embeddable":true,"href":"https:\/\/archive.sana.sy\/tr\/index.php?rest_route=\/wp\/v2\/media\/267958"}],"wp:attachment":[{"href":"https:\/\/archive.sana.sy\/tr\/index.php?rest_route=%2Fwp%2Fv2%2Fmedia&parent=267957"}],"wp:term":[{"taxonomy":"category","embeddable":true,"href":"https:\/\/archive.sana.sy\/tr\/index.php?rest_route=%2Fwp%2Fv2%2Fcategories&post=267957"},{"taxonomy":"post_tag","embeddable":true,"href":"https:\/\/archive.sana.sy\/tr\/index.php?rest_route=%2Fwp%2Fv2%2Ftags&post=267957"}],"curies":[{"name":"wp","href":"https:\/\/api.w.org\/{rel}","templated":true}]}}