{"id":267978,"date":"2022-11-28T09:55:39","date_gmt":"2022-11-28T07:55:39","guid":{"rendered":"http:\/\/107.6.182.27\/tr\/?p=267978"},"modified":"2022-11-30T07:50:00","modified_gmt":"2022-11-30T05:50:00","slug":"surdurulebilir-tesislere-dogru-basligi-altinda-yapi-muhendisligi-konulu-ikinci-uluslararasi-konferans-calismalari-basladi","status":"publish","type":"post","link":"https:\/\/archive.sana.sy\/tr\/?p=267978","title":{"rendered":"S\u00fcrd\u00fcr\u00fclebilir Tesislere Do\u011fru Ba\u015fl\u0131\u011f\u0131 Alt\u0131nda Yap\u0131 M\u00fchendisli\u011fi Konulu \u0130kinci Uluslararas\u0131 Konferans \u00c7al\u0131\u015fmalar\u0131 Ba\u015flad\u0131"},"content":{"rendered":"<p style=\"text-align: justify;\">\u015eAM &#8211; (Daha S\u00fcrd\u00fcr\u00fclebilir Tesislere Do\u011fru) ba\u015fl\u0131\u011f\u0131yla d\u00fczenlenen 2. Uluslararas\u0131 Yap\u0131 M\u00fchendisli\u011fi Konferans\u0131 etkinlikleri, \u00e7ok say\u0131da Arap ve uluslararas\u0131 ara\u015ft\u0131rmac\u0131n\u0131n kat\u0131l\u0131m\u0131yla bug\u00fcn \u015eam \u00dcniversitesi amfi tiyatrosunda ba\u015flad\u0131.<\/p>\n<p style=\"text-align: justify;\">\u015eam \u00dcniversitesi Sismik Ara\u015ft\u0131rma ve Ara\u015ft\u0131rmalar Y\u00fcksek Enstit\u00fcs\u00fc taraf\u0131ndan d\u00fczenlenen ve \u00fc\u00e7 g\u00fcn s\u00fcrecek olan konferans\u0131n temalar\u0131 aras\u0131nda betonarme yap\u0131lar\u0131n tasar\u0131m ve rehabilitasyonu, depreme dayan\u0131kl\u0131 tesislerin tasar\u0131m\u0131, m\u00fchendislik y\u00f6netimi ve uygulama teknolojisi, \u00e7evre, sa\u011fl\u0131k ve jeoteknik m\u00fchendisli\u011fi ve malzeme kullan\u0131m teknikleri in\u015faat ve afet y\u00f6netimi ve zarar\u0131n\u0131n hafifletilmesisismoloji a\u00e7\u0131s\u0131ndan \u00f6neminin tart\u0131\u015f\u0131ld\u0131\u011f\u0131 diyalog oturumlar\u0131 yer al\u0131yor.<\/p>\n<p><a class=\"x1i10hfl xjbqb8w x6umtig x1b1mbwd xaqea5y xav7gou x9f619 x1ypdohk xt0psk2 xe8uvvx xdj266r x11i5rnm xat24cr x1mh8g0r xexx8yu x4uap5 x18d9i69 xkhd6sd x16tdsg8 x1hl2dhg xggy1nq x1a2a7pz xt0b8zv x1qq9wsj xo1l8bm\" tabindex=\"0\" role=\"link\" href=\"https:\/\/www.facebook.com\/hashtag\/telegram_kanal%C4%B1m%C4%B1z?__eep__=6&amp;__cft__[0]=AZWbGEG4krkmlR37HQdeRa_tm56Wm_RC0u1zo5iXDu5xV6XEJRwbLQFJC38G1tcWgZeX0p8zTSUd3uyeehoD7OhBF5QQI7DXPOTG-RSKBT0GYfKLZkWmnLBfVHBHy5SYz_aGgCq4tF1FyKaM3Ll7_puD3CQxRM61XsCjwkxuytTi1E9ZGHfz4-ZPSvnOSYFQ0KU&amp;__tn__=*NK-R\">#Telegram_Kanal\u0131m\u0131z<\/a>:\u00a0<a class=\"x1i10hfl xjbqb8w x6umtig x1b1mbwd xaqea5y xav7gou x9f619 x1ypdohk xt0psk2 xe8uvvx xdj266r x11i5rnm xat24cr x1mh8g0r xexx8yu x4uap5 x18d9i69 xkhd6sd x16tdsg8 x1hl2dhg xggy1nq x1a2a7pz xt0b8zv x1fey0fg\" tabindex=\"0\" role=\"link\" href=\"https:\/\/t.me\/SuriyeArapHaberAjans%C4%B1?fbclid=IwAR1mjgJbN7oiCUhCmbkxYbE3Yf-NwYxepsBh4WXMfHRx1gYI0RRefa-kvPs\" target=\"_blank\" rel=\"nofollow noopener\">https:\/\/t.me\/SuriyeArapHaberAjans\u0131<\/a><\/p>\n","protected":false},"excerpt":{"rendered":"<p>\u015eAM &#8211; (Daha S\u00fcrd\u00fcr\u00fclebilir Tesislere Do\u011fru) ba\u015fl\u0131\u011f\u0131yla d\u00fczenlenen 2. Uluslararas\u0131 Yap\u0131 M\u00fchendisli\u011fi Konferans\u0131 etkinlikleri, \u00e7ok say\u0131da Arap ve uluslararas\u0131 ara\u015ft\u0131rmac\u0131n\u0131n kat\u0131l\u0131m\u0131yla bug\u00fcn \u015eam \u00dcniversitesi amfi tiyatrosunda ba\u015flad\u0131. \u015eam \u00dcniversitesi Sismik Ara\u015ft\u0131rma ve Ara\u015ft\u0131rmalar Y\u00fcksek Enstit\u00fcs\u00fc taraf\u0131ndan d\u00fczenlenen ve \u00fc\u00e7 g\u00fcn s\u00fcrecek olan konferans\u0131n temalar\u0131 aras\u0131nda betonarme yap\u0131lar\u0131n tasar\u0131m ve rehabilitasyonu, depreme dayan\u0131kl\u0131 tesislerin tasar\u0131m\u0131, m\u00fchendislik &hellip;<\/p>\n","protected":false},"author":1,"featured_media":267979,"comment_status":"closed","ping_status":"closed","sticky":false,"template":"","format":"standard","meta":{"footnotes":""},"categories":[479,17988,478],"tags":[],"class_list":["post-267978","post","type-post","status-publish","format-standard","has-post-thumbnail","","category-haberler-yerel","category-son-haberler","category-yerel"],"_links":{"self":[{"href":"https:\/\/archive.sana.sy\/tr\/index.php?rest_route=\/wp\/v2\/posts\/267978","targetHints":{"allow":["GET"]}}],"collection":[{"href":"https:\/\/archive.sana.sy\/tr\/index.php?rest_route=\/wp\/v2\/posts"}],"about":[{"href":"https:\/\/archive.sana.sy\/tr\/index.php?rest_route=\/wp\/v2\/types\/post"}],"author":[{"embeddable":true,"href":"https:\/\/archive.sana.sy\/tr\/index.php?rest_route=\/wp\/v2\/users\/1"}],"replies":[{"embeddable":true,"href":"https:\/\/archive.sana.sy\/tr\/index.php?rest_route=%2Fwp%2Fv2%2Fcomments&post=267978"}],"version-history":[{"count":0,"href":"https:\/\/archive.sana.sy\/tr\/index.php?rest_route=\/wp\/v2\/posts\/267978\/revisions"}],"wp:featuredmedia":[{"embeddable":true,"href":"https:\/\/archive.sana.sy\/tr\/index.php?rest_route=\/wp\/v2\/media\/267979"}],"wp:attachment":[{"href":"https:\/\/archive.sana.sy\/tr\/index.php?rest_route=%2Fwp%2Fv2%2Fmedia&parent=267978"}],"wp:term":[{"taxonomy":"category","embeddable":true,"href":"https:\/\/archive.sana.sy\/tr\/index.php?rest_route=%2Fwp%2Fv2%2Fcategories&post=267978"},{"taxonomy":"post_tag","embeddable":true,"href":"https:\/\/archive.sana.sy\/tr\/index.php?rest_route=%2Fwp%2Fv2%2Ftags&post=267978"}],"curies":[{"name":"wp","href":"https:\/\/api.w.org\/{rel}","templated":true}]}}