{"id":268069,"date":"2022-11-29T11:39:56","date_gmt":"2022-11-29T09:39:56","guid":{"rendered":"http:\/\/107.6.182.27\/tr\/?p=268069"},"modified":"2022-11-30T07:52:53","modified_gmt":"2022-11-30T05:52:53","slug":"halk-meclisi-iskenderun-sancaginin-geri-alinmasi-suriye-halkinin-oncelikleri-arasinda-on-siralarda-yer-almaya-devam-edecek","status":"publish","type":"post","link":"https:\/\/archive.sana.sy\/tr\/?p=268069","title":{"rendered":"Halk Meclisi: \u0130skenderun Sanca\u011f\u0131&#8217;n\u0131n Geri Al\u0131nmas\u0131 Suriye Halk\u0131n\u0131n \u00d6ncelikleri Aras\u0131nda \u00d6n S\u0131ralarda Yer Almaya Devam Edecek"},"content":{"rendered":"<p style=\"text-align: justify;\">\u015eAM &#8211; Halk Meclisi, \u00e7al\u0131nan \u0130skenderun Sanca\u011f\u0131&#8217;n\u0131n kurtar\u0131lmas\u0131n\u0131n, er ya da ge\u00e7 haklar\u0131 tam olarak iade edilene kadar Suriye halk\u0131n\u0131n s\u00fcregelen m\u00fccadelesinin \u00f6nceliklerinin ba\u015f\u0131nda yer alaca\u011f\u0131n\u0131 belirtti.<\/p>\n<p style=\"text-align: justify;\">Halk Meclisi, 29 Kas\u0131m 1939&#8217;da \u0130skenderun Sanca\u011f\u0131&#8217;n\u0131n talan edilmesinin 83. y\u0131ld\u00f6n\u00fcm\u00fc m\u00fcnasebetiyle yapt\u0131\u011f\u0131 a\u00e7\u0131klamada, ac\u0131mas\u0131z Frans\u0131z i\u015fgal g\u00fc\u00e7lerinin, uluslararas\u0131 bir \u00f6rg\u00fct vasf\u0131yla Milletler Cemiyeti taraf\u0131ndan kurulan rejime ayk\u0131r\u0131 olarak \u0130skenderun Sanca\u011f\u0131&#8217;n\u0131n sistematik bir T\u00fcrkle\u015ftirme s\u00fcreciyle i\u015fgal politikalar\u0131n\u0131 peki\u015ftirmeye ba\u015flayan i\u015fgalci T\u00fcrk kuvvetlerinin giri\u015fine zemin haz\u0131rlad\u0131\u011f\u0131n\u0131 vurgulad\u0131.<\/p>\n<p style=\"text-align: justify;\">Halk Meclisi yapt\u0131\u011f\u0131 a\u00e7\u0131klamada, 11 y\u0131l\u0131 a\u015fk\u0131n s\u00fcredir ger\u00e7ekle\u015ftirdi\u011fi sald\u0131r\u0131lar, Suriyelilere y\u00f6nelik vah\u015fi katliamlar ve ter\u00f6r gruplar\u0131na her t\u00fcrl\u00fc deste\u011fin sa\u011flanmas\u0131yla ayn\u0131 T\u00fcrk rol\u00fcn\u00fcn \u015fimdi de tekrarland\u0131\u011f\u0131n\u0131 ve devam etti\u011fini belirtti. petrol, gaz, tarihi eserler ve Suriye fabrikalar\u0131n\u0131n \u00e7al\u0131nmas\u0131na ek olarak, g\u00fcvenli vatanda\u015flar\u0131n evlerinin bombalanmas\u0131yla bitmeyen Haseke \u015fehrinde ve \u00e7evresinde bir milyondan fazla vatanda\u015f\u0131n s\u00fcrekli ve tekrar tekrar sular\u0131n\u0131 kesmesinin, t\u00fcm uluslararas\u0131 normlar\u0131n, s\u00f6zle\u015fmelerin ve yasalar\u0131n alenen ihlalini ve \u0130nsan Haklar\u0131 \u015eart\u0131 ile uluslararas\u0131 insanc\u0131l hukukun a\u00e7\u0131k bir ihlalini olu\u015fturdu\u011funa dikkat \u00e7ekti.<\/p>\n<p style=\"text-align: justify;\">Halk Meclisi, Suriye halk\u0131m\u0131z\u0131n, ilkelerine ve de\u011fi\u015fmezlerine ba\u011fl\u0131l\u0131\u011f\u0131 ve yi\u011fitli\u011fi sayesinde, Amerika Birle\u015fik Devletleri ve m\u00fcttefikleri taraf\u0131ndan desteklenen \u015fer g\u00fc\u00e7lerine, sald\u0131rganl\u0131\u011fa ve ter\u00f6rizme kar\u015f\u0131 nihai zaferi elde etmek i\u00e7in bug\u00fcn her zamankinden daha fazla kararl\u0131 oldu\u011funu, ordusunun kahramanl\u0131\u011f\u0131, i\u015fgal alt\u0131ndaki Suriye Arap Golan ve talan edilen \u0130skenderun Sanca\u011f\u0131 da dahil olmak \u00fczere ter\u00f6r\u00fcn boyunduru\u011fu alt\u0131nda kalan Suriye topraklar\u0131n\u0131n kurtar\u0131lmas\u0131yla sonu\u00e7lanacak zaferlere inand\u0131\u011f\u0131n\u0131 ifade etti.<\/p>\n<p style=\"text-align: justify;\">Halk Meclisi, nefretlik duygular\u0131yla dolu T\u00fcrk i\u015fgali kar\u015f\u0131s\u0131nda dimdik ayakta duran \u0130skenderun Sanca\u011f\u0131&#8217;ndaki evlatlar\u0131n\u0131 selamlayarak, vatan\u0131n aziz \u015fehitlerinin ruhlar\u0131na rahmet ve ebedilik diledi.<\/p>\n<p><a class=\"x1i10hfl xjbqb8w x6umtig x1b1mbwd xaqea5y xav7gou x9f619 x1ypdohk xt0psk2 xe8uvvx xdj266r x11i5rnm xat24cr x1mh8g0r xexx8yu x4uap5 x18d9i69 xkhd6sd x16tdsg8 x1hl2dhg xggy1nq x1a2a7pz xt0b8zv x1qq9wsj xo1l8bm\" tabindex=\"0\" role=\"link\" href=\"https:\/\/www.facebook.com\/hashtag\/telegram_kanal%C4%B1m%C4%B1z?__eep__=6&amp;__cft__[0]=AZWbGEG4krkmlR37HQdeRa_tm56Wm_RC0u1zo5iXDu5xV6XEJRwbLQFJC38G1tcWgZeX0p8zTSUd3uyeehoD7OhBF5QQI7DXPOTG-RSKBT0GYfKLZkWmnLBfVHBHy5SYz_aGgCq4tF1FyKaM3Ll7_puD3CQxRM61XsCjwkxuytTi1E9ZGHfz4-ZPSvnOSYFQ0KU&amp;__tn__=*NK-R\">#Telegram_Kanal\u0131m\u0131z<\/a>:\u00a0<a class=\"x1i10hfl xjbqb8w x6umtig x1b1mbwd xaqea5y xav7gou x9f619 x1ypdohk xt0psk2 xe8uvvx xdj266r x11i5rnm xat24cr x1mh8g0r xexx8yu x4uap5 x18d9i69 xkhd6sd x16tdsg8 x1hl2dhg xggy1nq x1a2a7pz xt0b8zv x1fey0fg\" tabindex=\"0\" role=\"link\" href=\"https:\/\/t.me\/SuriyeArapHaberAjans%C4%B1?fbclid=IwAR1mjgJbN7oiCUhCmbkxYbE3Yf-NwYxepsBh4WXMfHRx1gYI0RRefa-kvPs\" target=\"_blank\" rel=\"nofollow noopener\">https:\/\/t.me\/SuriyeArapHaberAjans\u0131<\/a><\/p>\n<p>&nbsp;<\/p>\n","protected":false},"excerpt":{"rendered":"<p>\u015eAM &#8211; Halk Meclisi, \u00e7al\u0131nan \u0130skenderun Sanca\u011f\u0131&#8217;n\u0131n kurtar\u0131lmas\u0131n\u0131n, er ya da ge\u00e7 haklar\u0131 tam olarak iade edilene kadar Suriye halk\u0131n\u0131n s\u00fcregelen m\u00fccadelesinin \u00f6nceliklerinin ba\u015f\u0131nda yer alaca\u011f\u0131n\u0131 belirtti. Halk Meclisi, 29 Kas\u0131m 1939&#8217;da \u0130skenderun Sanca\u011f\u0131&#8217;n\u0131n talan edilmesinin 83. y\u0131ld\u00f6n\u00fcm\u00fc m\u00fcnasebetiyle yapt\u0131\u011f\u0131 a\u00e7\u0131klamada, ac\u0131mas\u0131z Frans\u0131z i\u015fgal g\u00fc\u00e7lerinin, uluslararas\u0131 bir \u00f6rg\u00fct vasf\u0131yla Milletler Cemiyeti taraf\u0131ndan kurulan rejime ayk\u0131r\u0131 &hellip;<\/p>\n","protected":false},"author":1,"featured_media":268070,"comment_status":"closed","ping_status":"closed","sticky":false,"template":"","format":"standard","meta":{"footnotes":""},"categories":[479,17988,2555,478],"tags":[],"class_list":["post-268069","post","type-post","status-publish","format-standard","has-post-thumbnail","","category-haberler-yerel","category-son-haberler","category-suriye-ve-turkiye","category-yerel"],"_links":{"self":[{"href":"https:\/\/archive.sana.sy\/tr\/index.php?rest_route=\/wp\/v2\/posts\/268069","targetHints":{"allow":["GET"]}}],"collection":[{"href":"https:\/\/archive.sana.sy\/tr\/index.php?rest_route=\/wp\/v2\/posts"}],"about":[{"href":"https:\/\/archive.sana.sy\/tr\/index.php?rest_route=\/wp\/v2\/types\/post"}],"author":[{"embeddable":true,"href":"https:\/\/archive.sana.sy\/tr\/index.php?rest_route=\/wp\/v2\/users\/1"}],"replies":[{"embeddable":true,"href":"https:\/\/archive.sana.sy\/tr\/index.php?rest_route=%2Fwp%2Fv2%2Fcomments&post=268069"}],"version-history":[{"count":0,"href":"https:\/\/archive.sana.sy\/tr\/index.php?rest_route=\/wp\/v2\/posts\/268069\/revisions"}],"wp:featuredmedia":[{"embeddable":true,"href":"https:\/\/archive.sana.sy\/tr\/index.php?rest_route=\/wp\/v2\/media\/268070"}],"wp:attachment":[{"href":"https:\/\/archive.sana.sy\/tr\/index.php?rest_route=%2Fwp%2Fv2%2Fmedia&parent=268069"}],"wp:term":[{"taxonomy":"category","embeddable":true,"href":"https:\/\/archive.sana.sy\/tr\/index.php?rest_route=%2Fwp%2Fv2%2Fcategories&post=268069"},{"taxonomy":"post_tag","embeddable":true,"href":"https:\/\/archive.sana.sy\/tr\/index.php?rest_route=%2Fwp%2Fv2%2Ftags&post=268069"}],"curies":[{"name":"wp","href":"https:\/\/api.w.org\/{rel}","templated":true}]}}