{"id":268072,"date":"2022-11-29T11:43:10","date_gmt":"2022-11-29T09:43:10","guid":{"rendered":"http:\/\/107.6.182.27\/tr\/?p=268072"},"modified":"2022-11-30T07:52:56","modified_gmt":"2022-11-30T05:52:56","slug":"rusya-filistin-halki-israil-isgali-tarafindan-kanli-siddete-maruz-kaliyor","status":"publish","type":"post","link":"https:\/\/archive.sana.sy\/tr\/?p=268072","title":{"rendered":"Rusya: Filistin Halk\u0131 \u0130srail \u0130\u015fgali Taraf\u0131ndan Kanl\u0131 \u015eiddete Maruz Kal\u0131yor"},"content":{"rendered":"<p style=\"text-align: justify;\">NEW YORK &#8211; Rusya&#8217;n\u0131n Birle\u015fmi\u015f Milletler Temsilci Yard\u0131mc\u0131s\u0131 Dimitry Polyansky, \u0130srail&#8217;in \u015fiddet ve g\u00fc\u00e7 kullanmas\u0131 nedeniyle Filistin halk\u0131n\u0131n s\u00fcrekli olarak kanl\u0131 trajedilere maruz kald\u0131\u011f\u0131n\u0131 belirtti.<\/p>\n<p style=\"text-align: justify;\">Rusya Bug\u00fcn internet sitesinde Polyansky&#8217;nin d\u00fcn gece Ortado\u011fu&#8217;daki durumla ilgili bir G\u00fcvenlik Konseyi oturumunda: \u201cAl\u0131nan bilgilere g\u00f6re, \u0130srail otoritelerinin bu y\u0131l i\u00e7inde Bat\u0131 Yaka&#8217;da g\u00fc\u00e7 kullanmas\u0131<\/p>\n<p style=\"text-align: justify;\">130&#8217;dan fazla Filistinli&#8217;nin \u00f6ld\u00fcr\u00fclmesiyle sonu\u00e7land\u0131\u011f\u0131n\u0131, bunun onu yakla\u015f\u0131k yirmi y\u0131l\u0131n en \u00f6l\u00fcmc\u00fcl y\u0131l\u0131 yapt\u0131\u011f\u0131n\u0131&#8221; g\u00f6sterdi\u011fini s\u00f6yledi.<\/p>\n<p style=\"text-align: justify;\">Polyansky: &#8220;\u0130srail i\u015fgal otoritelerinin yerle\u015fim yerleri in\u015fa etmek ve Filistin mallar\u0131na el koymak da dahil olmak \u00fczere \u015fiddet eylemleri kullanmas\u0131n\u0131n, Filistin halk\u0131 ve i\u015fgal alt\u0131ndaki topraklar i\u00e7in ortadan kald\u0131r\u0131lmas\u0131 zor etkiler yaratt\u0131\u011f\u0131n\u0131&#8221; s\u00f6yledi.<\/p>\n<p style=\"text-align: justify;\">Birle\u015fmi\u015f Milletler Ortado\u011fu Bar\u0131\u015f S\u00fcreci \u00d6zel Koordinat\u00f6r\u00fc Tor Winsland ise, G\u00fcvenlik Konseyi oturumunda: &#8220;Uluslararas\u0131 toplum, Ukrayna&#8217;daki kriz ve di\u011fer k\u00fcresel geli\u015fmeler nedeniyle Filistin davas\u0131na daha az ilgi g\u00f6steriyor. Bu da Filistinlilerin \u00e7ekti\u011fi ac\u0131lar\u0131 t\u0131rmand\u0131rd\u0131&#8221; dedi.<\/p>\n<p><a class=\"x1i10hfl xjbqb8w x6umtig x1b1mbwd xaqea5y xav7gou x9f619 x1ypdohk xt0psk2 xe8uvvx xdj266r x11i5rnm xat24cr x1mh8g0r xexx8yu x4uap5 x18d9i69 xkhd6sd x16tdsg8 x1hl2dhg xggy1nq x1a2a7pz xt0b8zv x1qq9wsj xo1l8bm\" tabindex=\"0\" role=\"link\" href=\"https:\/\/www.facebook.com\/hashtag\/telegram_kanal%C4%B1m%C4%B1z?__eep__=6&amp;__cft__[0]=AZWbGEG4krkmlR37HQdeRa_tm56Wm_RC0u1zo5iXDu5xV6XEJRwbLQFJC38G1tcWgZeX0p8zTSUd3uyeehoD7OhBF5QQI7DXPOTG-RSKBT0GYfKLZkWmnLBfVHBHy5SYz_aGgCq4tF1FyKaM3Ll7_puD3CQxRM61XsCjwkxuytTi1E9ZGHfz4-ZPSvnOSYFQ0KU&amp;__tn__=*NK-R\">#Telegram_Kanal\u0131m\u0131z<\/a>:\u00a0<a class=\"x1i10hfl xjbqb8w x6umtig x1b1mbwd xaqea5y xav7gou x9f619 x1ypdohk xt0psk2 xe8uvvx xdj266r x11i5rnm xat24cr x1mh8g0r xexx8yu x4uap5 x18d9i69 xkhd6sd x16tdsg8 x1hl2dhg xggy1nq x1a2a7pz xt0b8zv x1fey0fg\" tabindex=\"0\" role=\"link\" href=\"https:\/\/t.me\/SuriyeArapHaberAjans%C4%B1?fbclid=IwAR1mjgJbN7oiCUhCmbkxYbE3Yf-NwYxepsBh4WXMfHRx1gYI0RRefa-kvPs\" target=\"_blank\" rel=\"nofollow noopener\">https:\/\/t.me\/SuriyeArapHaberAjans\u0131<\/a><\/p>\n<p>&nbsp;<\/p>\n","protected":false},"excerpt":{"rendered":"<p>NEW YORK &#8211; Rusya&#8217;n\u0131n Birle\u015fmi\u015f Milletler Temsilci Yard\u0131mc\u0131s\u0131 Dimitry Polyansky, \u0130srail&#8217;in \u015fiddet ve g\u00fc\u00e7 kullanmas\u0131 nedeniyle Filistin halk\u0131n\u0131n s\u00fcrekli olarak kanl\u0131 trajedilere maruz kald\u0131\u011f\u0131n\u0131 belirtti. Rusya Bug\u00fcn internet sitesinde Polyansky&#8217;nin d\u00fcn gece Ortado\u011fu&#8217;daki durumla ilgili bir G\u00fcvenlik Konseyi oturumunda: \u201cAl\u0131nan bilgilere g\u00f6re, \u0130srail otoritelerinin bu y\u0131l i\u00e7inde Bat\u0131 Yaka&#8217;da g\u00fc\u00e7 kullanmas\u0131 130&#8217;dan fazla Filistinli&#8217;nin \u00f6ld\u00fcr\u00fclmesiyle &hellip;<\/p>\n","protected":false},"author":1,"featured_media":268073,"comment_status":"closed","ping_status":"closed","sticky":false,"template":"","format":"standard","meta":{"footnotes":""},"categories":[458,459,17988],"tags":[],"class_list":["post-268072","post","type-post","status-publish","format-standard","has-post-thumbnail","","category-dunya1","category-haberler-arap-uluslararasi-politika","category-son-haberler"],"_links":{"self":[{"href":"https:\/\/archive.sana.sy\/tr\/index.php?rest_route=\/wp\/v2\/posts\/268072","targetHints":{"allow":["GET"]}}],"collection":[{"href":"https:\/\/archive.sana.sy\/tr\/index.php?rest_route=\/wp\/v2\/posts"}],"about":[{"href":"https:\/\/archive.sana.sy\/tr\/index.php?rest_route=\/wp\/v2\/types\/post"}],"author":[{"embeddable":true,"href":"https:\/\/archive.sana.sy\/tr\/index.php?rest_route=\/wp\/v2\/users\/1"}],"replies":[{"embeddable":true,"href":"https:\/\/archive.sana.sy\/tr\/index.php?rest_route=%2Fwp%2Fv2%2Fcomments&post=268072"}],"version-history":[{"count":0,"href":"https:\/\/archive.sana.sy\/tr\/index.php?rest_route=\/wp\/v2\/posts\/268072\/revisions"}],"wp:featuredmedia":[{"embeddable":true,"href":"https:\/\/archive.sana.sy\/tr\/index.php?rest_route=\/wp\/v2\/media\/268073"}],"wp:attachment":[{"href":"https:\/\/archive.sana.sy\/tr\/index.php?rest_route=%2Fwp%2Fv2%2Fmedia&parent=268072"}],"wp:term":[{"taxonomy":"category","embeddable":true,"href":"https:\/\/archive.sana.sy\/tr\/index.php?rest_route=%2Fwp%2Fv2%2Fcategories&post=268072"},{"taxonomy":"post_tag","embeddable":true,"href":"https:\/\/archive.sana.sy\/tr\/index.php?rest_route=%2Fwp%2Fv2%2Ftags&post=268072"}],"curies":[{"name":"wp","href":"https:\/\/api.w.org\/{rel}","templated":true}]}}