{"id":268084,"date":"2022-11-29T14:06:27","date_gmt":"2022-11-29T12:06:27","guid":{"rendered":"http:\/\/107.6.182.27\/tr\/?p=268084"},"modified":"2022-12-01T07:12:47","modified_gmt":"2022-12-01T05:12:47","slug":"iskenderun-sancaginin-liva-iskenderun-koparilmasinin-83-yildonumunde-suriyeliler-gasp-edilmis-haklarini-geri-almakta-kararlidir","status":"publish","type":"post","link":"https:\/\/archive.sana.sy\/tr\/?p=268084","title":{"rendered":"\u0130skenderun Sanca\u011f\u0131\u2019n\u0131n (Liva \u0130skenderun) Kopar\u0131lmas\u0131n\u0131n 83. Y\u0131ld\u00f6n\u00fcm\u00fcnde.. Suriyeliler Gasp Edilmi\u015f Haklar\u0131n\u0131 Geri Almakta Kararl\u0131d\u0131r"},"content":{"rendered":"<p>\u015eAM \u2013 \u0130skenderun Sanca\u011f\u0131\u2019n\u0131n anavatan Suriye\u2019den kopar\u0131lmas\u0131 su\u00e7u \u00fczerinden 83 y\u0131l ge\u00e7mesine ra\u011fmen s\u00f6z konusu Sanca\u011f\u0131n kopar\u0131lmas\u0131n\u0131n me\u015f\u2019um (karanl\u0131k) y\u0131ld\u00f6n\u00fcm\u00fcnde, zaman ne kadar uzarsa uzas\u0131n her kar\u0131\u015f topraklar\u0131n\u0131 geri almadaki haklar\u0131na ba\u011fl\u0131 olan Suriyelilerin vicdanlar\u0131ndad\u0131r unutulmayacakt\u0131r.<\/p>\n<p>4800 kilometrekarelik bir alana yay\u0131lan ve \u00e7o\u011funlu\u011fu Suriyeli Araplardan olu\u015fan 1 milyondan fazla ki\u015finin ya\u015fad\u0131\u011f\u0131 il\u00e7e ve k\u00f6ylerinin T\u00fcrkle\u015ftirilmesi gibi yasa d\u0131\u015f\u0131 uygulamalarla d\u00f6nemin Frans\u0131z ve \u0130ngiliz i\u015fgali ile T\u00fcrkiye aras\u0131nda \u00fc\u00e7l\u00fc bir anla\u015fma kapsam\u0131nda i\u015flenen al\u00e7ak su\u00e7a, bu su\u00e7a dahil olan taraflar\u0131n i\u015fgal politikalar\u0131n\u0131 peki\u015ftirme giri\u015fimleri e\u015flik etti.<\/p>\n<p>1939\u2019da \u0130skenderun Sanca\u011f\u0131\u2019n\u0131n kopar\u0131lmas\u0131 ve kaynaklar\u0131n\u0131 ya\u011fmalama komplosu, o d\u00f6nemde T\u00fcrkiye ile Frans\u0131z ve \u0130ngiliz i\u015fgalleri aras\u0131nda yap\u0131lan \u00fc\u00e7l\u00fc anla\u015fmaya g\u00f6re ger\u00e7eklerin ve belgelerin tahrif edilmesinin ard\u0131ndan ger\u00e7ekle\u015fti. Mevcut T\u00fcrk rejiminin ter\u00f6r \u00f6rg\u00fctlerine verdi\u011fi destek ve Suriye topraklar\u0131na y\u00f6nelik sald\u0131rganl\u0131\u011f\u0131yla ayn\u0131 senaryoyu yeniden \u00e7izme giri\u015fimleri ile bu komplonun b\u00f6l\u00fcmleri hala net bir \u015fekilde zihnlerde yer al\u0131yor.<\/p>\n<p>Liva \u0130skenerun\u2019n\u0131n (\u0130skenderun Sanca\u011f\u0131) ya\u011fmalanmas\u0131n\u0131n ard\u0131ndan, T\u00fcrk i\u015fgalcinin Suriye Arap kimli\u011fini de\u011fi\u015ftirmek amac\u0131yla binlerce T\u00fcrk&#8217;\u00fc Liva\u2019a sevk edip yerle\u015ftirmesine paralel olarak, Suriyeliler, birbiri ard\u0131na gelen T\u00fcrk rejimleri taraf\u0131ndan onlarca y\u0131l s\u00fcren taciz kampanyalar\u0131na maruz kald ve bir\u00e7o\u011funun yer de\u011fi\u015ftirmesine neden oldu.<\/p>\n<p>Liva \u0130skenderunu\u2019un (\u0130skenderun Sanca\u011f\u0131) kopar\u0131lmas\u0131n\u0131n s\u0131n\u0131rlar\u0131nda durdu\u011fu g\u00fcn s\u00f6m\u00fcrge planlar\u0131na dahil edilmedi, ancak araziler di\u011fer Suriye topraklar\u0131n\u0131 soymaya devam etti. Bu, ter\u00f6r \u00f6rg\u00fctlerini desteklemek ve di\u011fer yay\u0131lmac\u0131 emelleri ger\u00e7ekle\u015ftirmek i\u00e7in Erdo\u011fan rejimi taraf\u0131ndan y\u00f6netilen s\u00fcrekli T\u00fcrk sald\u0131rganl\u0131\u011f\u0131nda a\u00e7\u0131k\u00e7a g\u00f6r\u00fcl\u00fcyordu.Suriye&#8217;nin kuzeyinde g\u00fcvenli Suriyelilerin evlerini bombalama su\u00e7lar\u0131, Haseke \u015fehrinde halk\u0131n s\u00fcrekli suyunun kesilmesi, gaz, eski eserler, petrol ve ekonomik tesislerin \u00e7al\u0131nmas\u0131 su\u00e7lar\u0131 bu emellerden sadece birka\u00e7\u0131d\u0131r.<\/p>\n<p>11 y\u0131l\u0131 a\u015fk\u0131n s\u00fcredir aral\u0131ks\u0131z s\u00fcrd\u00fcrd\u00fc\u011f\u00fc sald\u0131r\u0131lar, Suriyelilere kar\u015f\u0131 i\u015fledi\u011fi katliamlar ve vah\u015fi su\u00e7larla T\u00fcrkiye&#8217;nin rol\u00fcn\u00fcn tekrarlanmas\u0131yla birlikte Suriyeliler, \u0130skenderun sanc\u011f\u0131\u00a0 dahil olmak \u00fczere kendi topraklar\u0131ndan \u00e7al\u0131nanlar\u0131 geri alma haklar\u0131 konusunda giderek daha fazla \u0131srar ediyor\u2026Bu hak, zaman a\u015f\u0131m\u0131 veya zaman\u0131n ge\u00e7mesi ile kaybedilmeyecektir.<\/p>\n<p><a class=\"x1i10hfl xjbqb8w x6umtig x1b1mbwd xaqea5y xav7gou x9f619 x1ypdohk xt0psk2 xe8uvvx xdj266r x11i5rnm xat24cr x1mh8g0r xexx8yu x4uap5 x18d9i69 xkhd6sd x16tdsg8 x1hl2dhg xggy1nq x1a2a7pz xt0b8zv x1qq9wsj xo1l8bm\" tabindex=\"0\" role=\"link\" href=\"https:\/\/www.facebook.com\/hashtag\/telegram_kanal%C4%B1m%C4%B1z?__eep__=6&amp;__cft__[0]=AZWbGEG4krkmlR37HQdeRa_tm56Wm_RC0u1zo5iXDu5xV6XEJRwbLQFJC38G1tcWgZeX0p8zTSUd3uyeehoD7OhBF5QQI7DXPOTG-RSKBT0GYfKLZkWmnLBfVHBHy5SYz_aGgCq4tF1FyKaM3Ll7_puD3CQxRM61XsCjwkxuytTi1E9ZGHfz4-ZPSvnOSYFQ0KU&amp;__tn__=*NK-R\">#Telegram_Kanal\u0131m\u0131z<\/a>:\u00a0<a class=\"x1i10hfl xjbqb8w x6umtig x1b1mbwd xaqea5y xav7gou x9f619 x1ypdohk xt0psk2 xe8uvvx xdj266r x11i5rnm xat24cr x1mh8g0r xexx8yu x4uap5 x18d9i69 xkhd6sd x16tdsg8 x1hl2dhg xggy1nq x1a2a7pz xt0b8zv x1fey0fg\" tabindex=\"0\" role=\"link\" href=\"https:\/\/t.me\/SuriyeArapHaberAjans%C4%B1?fbclid=IwAR1mjgJbN7oiCUhCmbkxYbE3Yf-NwYxepsBh4WXMfHRx1gYI0RRefa-kvPs\" target=\"_blank\" rel=\"nofollow noopener\">https:\/\/t.me\/SuriyeArapHaberAjans\u0131<\/a><\/p>\n","protected":false},"excerpt":{"rendered":"<p>\u015eAM \u2013 \u0130skenderun Sanca\u011f\u0131\u2019n\u0131n anavatan Suriye\u2019den kopar\u0131lmas\u0131 su\u00e7u \u00fczerinden 83 y\u0131l ge\u00e7mesine ra\u011fmen s\u00f6z konusu Sanca\u011f\u0131n kopar\u0131lmas\u0131n\u0131n me\u015f\u2019um (karanl\u0131k) y\u0131ld\u00f6n\u00fcm\u00fcnde, zaman ne kadar uzarsa uzas\u0131n her kar\u0131\u015f topraklar\u0131n\u0131 geri almadaki haklar\u0131na ba\u011fl\u0131 olan Suriyelilerin vicdanlar\u0131ndad\u0131r unutulmayacakt\u0131r. 4800 kilometrekarelik bir alana yay\u0131lan ve \u00e7o\u011funlu\u011fu Suriyeli Araplardan olu\u015fan 1 milyondan fazla ki\u015finin ya\u015fad\u0131\u011f\u0131 il\u00e7e ve k\u00f6ylerinin T\u00fcrkle\u015ftirilmesi &hellip;<\/p>\n","protected":false},"author":41,"featured_media":268086,"comment_status":"closed","ping_status":"closed","sticky":false,"template":"","format":"standard","meta":{"footnotes":""},"categories":[479,17988,478],"tags":[],"class_list":["post-268084","post","type-post","status-publish","format-standard","has-post-thumbnail","","category-haberler-yerel","category-son-haberler","category-yerel"],"_links":{"self":[{"href":"https:\/\/archive.sana.sy\/tr\/index.php?rest_route=\/wp\/v2\/posts\/268084","targetHints":{"allow":["GET"]}}],"collection":[{"href":"https:\/\/archive.sana.sy\/tr\/index.php?rest_route=\/wp\/v2\/posts"}],"about":[{"href":"https:\/\/archive.sana.sy\/tr\/index.php?rest_route=\/wp\/v2\/types\/post"}],"author":[{"embeddable":true,"href":"https:\/\/archive.sana.sy\/tr\/index.php?rest_route=\/wp\/v2\/users\/41"}],"replies":[{"embeddable":true,"href":"https:\/\/archive.sana.sy\/tr\/index.php?rest_route=%2Fwp%2Fv2%2Fcomments&post=268084"}],"version-history":[{"count":0,"href":"https:\/\/archive.sana.sy\/tr\/index.php?rest_route=\/wp\/v2\/posts\/268084\/revisions"}],"wp:featuredmedia":[{"embeddable":true,"href":"https:\/\/archive.sana.sy\/tr\/index.php?rest_route=\/wp\/v2\/media\/268086"}],"wp:attachment":[{"href":"https:\/\/archive.sana.sy\/tr\/index.php?rest_route=%2Fwp%2Fv2%2Fmedia&parent=268084"}],"wp:term":[{"taxonomy":"category","embeddable":true,"href":"https:\/\/archive.sana.sy\/tr\/index.php?rest_route=%2Fwp%2Fv2%2Fcategories&post=268084"},{"taxonomy":"post_tag","embeddable":true,"href":"https:\/\/archive.sana.sy\/tr\/index.php?rest_route=%2Fwp%2Fv2%2Ftags&post=268084"}],"curies":[{"name":"wp","href":"https:\/\/api.w.org\/{rel}","templated":true}]}}