{"id":268089,"date":"2022-11-29T14:28:29","date_gmt":"2022-11-29T12:28:29","guid":{"rendered":"http:\/\/107.6.182.27\/tr\/?p=268089"},"modified":"2022-11-30T07:53:32","modified_gmt":"2022-11-30T05:53:32","slug":"shulgin-kimyasal-silahlarin-yasaklanmasi-orgutu-suriyeye-yonelik-masa-basi-sorusturmalarina-son-vermeli","status":"publish","type":"post","link":"https:\/\/archive.sana.sy\/tr\/?p=268089","title":{"rendered":"Shulgin: Kimyasal Silahlar\u0131n Yasaklanmas\u0131 \u00d6rg\u00fct\u00fc, Suriye&#8217;ye Y\u00f6nelik Masa Ba\u015f\u0131 Soru\u015fturmalar\u0131na Son Vermeli"},"content":{"rendered":"<p>LAHAY &#8211; Rusya&#8217;n\u0131n Kimyasal Silahlar\u0131n Yasaklanmas\u0131 \u00d6rg\u00fct\u00fc delegesi Alexander Shulgin, \u00fclkesinin Kimyasal Silahlar\u0131n Yasaklanmas\u0131 \u00d6rg\u00fct\u00fc&#8217;n\u00fcn Suriye ile ilgili soru\u015fturmalar\u0131 iddia edilen olaylar\u0131n oldu\u011fu yerlere eri\u015fim olmaks\u0131z\u0131n y\u00fcr\u00fctme uygulamalar\u0131na son vermesi gerekti\u011fi konusundaki kararl\u0131 tutumunu yeniden teyit etti.<\/p>\n<p>Tass haber ajans\u0131n\u0131n aktard\u0131\u011f\u0131na g\u00f6re Shulgin, d\u00fcn \u00f6rg\u00fct taraf\u0131ndan Lahey&#8217;de d\u00fczenlenen 27. konferansta: \u2018\u2019Rusya\u2019n\u0131n Kimyasal Silahlar\u0131n Yasaklanmas\u0131 \u00d6rg\u00fct\u00fc\u2019n\u00fcn standartlar\u0131na tam olarak uymak i\u00e7in Suriye\u2019de kimyasal silah kulland\u0131\u011f\u0131 iddialar\u0131na ili\u015fkin bilgi toplama misyonunun gereklili\u011fini defalarca vurgulad\u0131\u2019\u2019 dedi.<\/p>\n<p>Shulgin ayr\u0131ca: Teknik Sekreterlik m\u00fcfetti\u015fleri taraf\u0131ndan kaza mahalline gidilmeden ve numune se\u00e7imi yap\u0131lmadan y\u00fcr\u00fct\u00fclen masa ba\u015f\u0131 incelmelere son verilmesi konusunda \u0131srarc\u0131y\u0131z.\u2019\u2019 ifadelerini kulland\u0131.<\/p>\n<p>Rus diplomat, s\u00f6zde &#8221;Soru\u015furma ve Kimik Belirleme Ekibi&#8221;\u2019ne \u00a0de\u011finerek, bu ekibin varl\u0131\u011f\u0131n\u0131n Kimyasal Silahlar\u0131n Yasaklanmas\u0131 Te\u015fkilat\u0131&#8217;n\u0131n g\u00f6rev tan\u0131m\u0131nda yer almad\u0131\u011f\u0131n\u0131 ve faaliyetlerinin Kimyasal Silahlar S\u00f6zle\u015fmesi kapsam\u0131 d\u0131\u015f\u0131na \u00e7\u0131kt\u0131\u011f\u0131n\u0131 belirttti.<\/p>\n<p>Shulgin ayr\u0131ca, \u201cSuriye&#8217;yi hak ve imtiyazlar\u0131ndan yoksun b\u0131rakma karar\u0131, Egemen bir \u00fclkeye kar\u015f\u0131 alayc\u0131 bir intikamdan ve anla\u015fmay\u0131 daha evrensel hale getirme \u00e7abalar\u0131n\u0131 fiilen engellemekten ba\u015fka bir \u015fey de\u011fildir.\u201d iffadelerini kulland\u0131.<\/p>\n<p><a class=\"x1i10hfl xjbqb8w x6umtig x1b1mbwd xaqea5y xav7gou x9f619 x1ypdohk xt0psk2 xe8uvvx xdj266r x11i5rnm xat24cr x1mh8g0r xexx8yu x4uap5 x18d9i69 xkhd6sd x16tdsg8 x1hl2dhg xggy1nq x1a2a7pz xt0b8zv x1qq9wsj xo1l8bm\" tabindex=\"0\" role=\"link\" href=\"https:\/\/www.facebook.com\/hashtag\/telegram_kanal%C4%B1m%C4%B1z?__eep__=6&amp;__cft__[0]=AZWbGEG4krkmlR37HQdeRa_tm56Wm_RC0u1zo5iXDu5xV6XEJRwbLQFJC38G1tcWgZeX0p8zTSUd3uyeehoD7OhBF5QQI7DXPOTG-RSKBT0GYfKLZkWmnLBfVHBHy5SYz_aGgCq4tF1FyKaM3Ll7_puD3CQxRM61XsCjwkxuytTi1E9ZGHfz4-ZPSvnOSYFQ0KU&amp;__tn__=*NK-R\">#Telegram_Kanal\u0131m\u0131z<\/a>:\u00a0<a class=\"x1i10hfl xjbqb8w x6umtig x1b1mbwd xaqea5y xav7gou x9f619 x1ypdohk xt0psk2 xe8uvvx xdj266r x11i5rnm xat24cr x1mh8g0r xexx8yu x4uap5 x18d9i69 xkhd6sd x16tdsg8 x1hl2dhg xggy1nq x1a2a7pz xt0b8zv x1fey0fg\" tabindex=\"0\" role=\"link\" href=\"https:\/\/t.me\/SuriyeArapHaberAjans%C4%B1?fbclid=IwAR1mjgJbN7oiCUhCmbkxYbE3Yf-NwYxepsBh4WXMfHRx1gYI0RRefa-kvPs\" target=\"_blank\" rel=\"nofollow noopener\">https:\/\/t.me\/SuriyeArapHaberAjans\u0131<\/a><\/p>\n","protected":false},"excerpt":{"rendered":"<p>LAHAY &#8211; Rusya&#8217;n\u0131n Kimyasal Silahlar\u0131n Yasaklanmas\u0131 \u00d6rg\u00fct\u00fc delegesi Alexander Shulgin, \u00fclkesinin Kimyasal Silahlar\u0131n Yasaklanmas\u0131 \u00d6rg\u00fct\u00fc&#8217;n\u00fcn Suriye ile ilgili soru\u015fturmalar\u0131 iddia edilen olaylar\u0131n oldu\u011fu yerlere eri\u015fim olmaks\u0131z\u0131n y\u00fcr\u00fctme uygulamalar\u0131na son vermesi gerekti\u011fi konusundaki kararl\u0131 tutumunu yeniden teyit etti. Tass haber ajans\u0131n\u0131n aktard\u0131\u011f\u0131na g\u00f6re Shulgin, d\u00fcn \u00f6rg\u00fct taraf\u0131ndan Lahey&#8217;de d\u00fczenlenen 27. konferansta: \u2018\u2019Rusya\u2019n\u0131n Kimyasal Silahlar\u0131n Yasaklanmas\u0131 \u00d6rg\u00fct\u00fc\u2019n\u00fcn &hellip;<\/p>\n","protected":false},"author":41,"featured_media":268090,"comment_status":"closed","ping_status":"closed","sticky":false,"template":"","format":"standard","meta":{"footnotes":""},"categories":[458,459,17988],"tags":[],"class_list":["post-268089","post","type-post","status-publish","format-standard","has-post-thumbnail","","category-dunya1","category-haberler-arap-uluslararasi-politika","category-son-haberler"],"_links":{"self":[{"href":"https:\/\/archive.sana.sy\/tr\/index.php?rest_route=\/wp\/v2\/posts\/268089","targetHints":{"allow":["GET"]}}],"collection":[{"href":"https:\/\/archive.sana.sy\/tr\/index.php?rest_route=\/wp\/v2\/posts"}],"about":[{"href":"https:\/\/archive.sana.sy\/tr\/index.php?rest_route=\/wp\/v2\/types\/post"}],"author":[{"embeddable":true,"href":"https:\/\/archive.sana.sy\/tr\/index.php?rest_route=\/wp\/v2\/users\/41"}],"replies":[{"embeddable":true,"href":"https:\/\/archive.sana.sy\/tr\/index.php?rest_route=%2Fwp%2Fv2%2Fcomments&post=268089"}],"version-history":[{"count":0,"href":"https:\/\/archive.sana.sy\/tr\/index.php?rest_route=\/wp\/v2\/posts\/268089\/revisions"}],"wp:featuredmedia":[{"embeddable":true,"href":"https:\/\/archive.sana.sy\/tr\/index.php?rest_route=\/wp\/v2\/media\/268090"}],"wp:attachment":[{"href":"https:\/\/archive.sana.sy\/tr\/index.php?rest_route=%2Fwp%2Fv2%2Fmedia&parent=268089"}],"wp:term":[{"taxonomy":"category","embeddable":true,"href":"https:\/\/archive.sana.sy\/tr\/index.php?rest_route=%2Fwp%2Fv2%2Fcategories&post=268089"},{"taxonomy":"post_tag","embeddable":true,"href":"https:\/\/archive.sana.sy\/tr\/index.php?rest_route=%2Fwp%2Fv2%2Ftags&post=268089"}],"curies":[{"name":"wp","href":"https:\/\/api.w.org\/{rel}","templated":true}]}}