{"id":268175,"date":"2022-11-30T12:53:15","date_gmt":"2022-11-30T10:53:15","guid":{"rendered":"http:\/\/107.6.182.27\/tr\/?p=268175"},"modified":"2022-12-01T07:13:49","modified_gmt":"2022-12-01T05:13:49","slug":"katana-iran-suriye-dostluk-dernegi-ile-tarim-urunleri-ve-teknolojileri-takas-alanlarini-gorustu","status":"publish","type":"post","link":"https:\/\/archive.sana.sy\/tr\/?p=268175","title":{"rendered":"Katana, \u0130ran-Suriye Dostluk Derne\u011fi \u0130le Tar\u0131m \u00dcr\u00fcnleri Ve Teknolojileri Takas Alanlar\u0131n\u0131 G\u00f6r\u00fc\u015ft\u00fc"},"content":{"rendered":"<p>\u015eAM \u2013 Tar\u0131m ve Tar\u0131m Reformu Bakan\u0131 M\u00fch. Muhammed Hassan Katana, \u0130ran-Suriye Halklar\u0131n\u0131n Dostluk Derne\u011fi Ekonomik Komitesi ba\u015fkan\u0131 Dr. Hassan \u015eahisi ile iki \u00fclke aras\u0131nda tar\u0131msal \u00fcr\u00fcn ve teknoloji al\u0131\u015fveri\u015fi alanlar\u0131nda mevcut i\u015fbirli\u011fini g\u00f6r\u00fc\u015ft\u00fc.<\/p>\n<p>Katana Suriyelilerin g\u00fcbre, yem ve trakt\u00f6r ihtiya\u00e7lar\u0131n\u0131 de\u011ferlendirirken, Suriye&#8217;nin \u0130ran&#8217;dan ihtiyac\u0131 olan \u00fcr\u00fcnler kar\u015f\u0131l\u0131\u011f\u0131nda ihracata veya takasa sunulan y\u00fcksek \u00f6zellikli ve kaliteli baz\u0131 tar\u0131m \u00fcr\u00fcnlerinde fazlal\u0131k oldu\u011funa dikkat \u00e7ekti.<\/p>\n<p>\u015eahisi ise, bu ziyaretlerin ve fikir sunmak, t\u00fcm sorular\u0131 yan\u0131tlamak ve iki taraf aras\u0131nda imzalanan s\u00f6zle\u015fmelerin uygulanmas\u0131nda kar\u015f\u0131la\u015f\u0131lan t\u00fcm zorluklar\u0131n \u00fcstesinden gelmek i\u00e7in do\u011frudan ve s\u00fcrekli ileti\u015fimin \u00f6nemine i\u015faret etti.<\/p>\n<p>Toplant\u0131ya Tar\u0131m Bakanl\u0131\u011f\u0131 Planlama ve Uluslararas\u0131 \u0130\u015fbirli\u011fi Ba\u015fkan\u0131 ile Planlama ve Uluslararas\u0131 \u0130\u015fbirli\u011fi Kurumu temsilcisi kat\u0131ld\u0131.<\/p>\n<p><a class=\"x1i10hfl xjbqb8w x6umtig x1b1mbwd xaqea5y xav7gou x9f619 x1ypdohk xt0psk2 xe8uvvx xdj266r x11i5rnm xat24cr x1mh8g0r xexx8yu x4uap5 x18d9i69 xkhd6sd x16tdsg8 x1hl2dhg xggy1nq x1a2a7pz xt0b8zv x1qq9wsj xo1l8bm\" tabindex=\"0\" role=\"link\" href=\"https:\/\/www.facebook.com\/hashtag\/telegram_kanal%C4%B1m%C4%B1z?__eep__=6&amp;__cft__[0]=AZWbGEG4krkmlR37HQdeRa_tm56Wm_RC0u1zo5iXDu5xV6XEJRwbLQFJC38G1tcWgZeX0p8zTSUd3uyeehoD7OhBF5QQI7DXPOTG-RSKBT0GYfKLZkWmnLBfVHBHy5SYz_aGgCq4tF1FyKaM3Ll7_puD3CQxRM61XsCjwkxuytTi1E9ZGHfz4-ZPSvnOSYFQ0KU&amp;__tn__=*NK-R\">#Telegram_Kanal\u0131m\u0131z<\/a>:\u00a0<a class=\"x1i10hfl xjbqb8w x6umtig x1b1mbwd xaqea5y xav7gou x9f619 x1ypdohk xt0psk2 xe8uvvx xdj266r x11i5rnm xat24cr x1mh8g0r xexx8yu x4uap5 x18d9i69 xkhd6sd x16tdsg8 x1hl2dhg xggy1nq x1a2a7pz xt0b8zv x1fey0fg\" tabindex=\"0\" role=\"link\" href=\"https:\/\/t.me\/SuriyeArapHaberAjans%C4%B1?fbclid=IwAR1mjgJbN7oiCUhCmbkxYbE3Yf-NwYxepsBh4WXMfHRx1gYI0RRefa-kvPs\" target=\"_blank\" rel=\"nofollow noopener\">https:\/\/t.me\/SuriyeArapHaberAjans\u0131<\/a><\/p>\n","protected":false},"excerpt":{"rendered":"<p>\u015eAM \u2013 Tar\u0131m ve Tar\u0131m Reformu Bakan\u0131 M\u00fch. Muhammed Hassan Katana, \u0130ran-Suriye Halklar\u0131n\u0131n Dostluk Derne\u011fi Ekonomik Komitesi ba\u015fkan\u0131 Dr. Hassan \u015eahisi ile iki \u00fclke aras\u0131nda tar\u0131msal \u00fcr\u00fcn ve teknoloji al\u0131\u015fveri\u015fi alanlar\u0131nda mevcut i\u015fbirli\u011fini g\u00f6r\u00fc\u015ft\u00fc. Katana Suriyelilerin g\u00fcbre, yem ve trakt\u00f6r ihtiya\u00e7lar\u0131n\u0131 de\u011ferlendirirken, Suriye&#8217;nin \u0130ran&#8217;dan ihtiyac\u0131 olan \u00fcr\u00fcnler kar\u015f\u0131l\u0131\u011f\u0131nda ihracata veya takasa sunulan y\u00fcksek \u00f6zellikli ve &hellip;<\/p>\n","protected":false},"author":36,"featured_media":268176,"comment_status":"closed","ping_status":"closed","sticky":false,"template":"","format":"standard","meta":{"footnotes":""},"categories":[479,17988,478],"tags":[],"class_list":["post-268175","post","type-post","status-publish","format-standard","has-post-thumbnail","","category-haberler-yerel","category-son-haberler","category-yerel"],"_links":{"self":[{"href":"https:\/\/archive.sana.sy\/tr\/index.php?rest_route=\/wp\/v2\/posts\/268175","targetHints":{"allow":["GET"]}}],"collection":[{"href":"https:\/\/archive.sana.sy\/tr\/index.php?rest_route=\/wp\/v2\/posts"}],"about":[{"href":"https:\/\/archive.sana.sy\/tr\/index.php?rest_route=\/wp\/v2\/types\/post"}],"author":[{"embeddable":true,"href":"https:\/\/archive.sana.sy\/tr\/index.php?rest_route=\/wp\/v2\/users\/36"}],"replies":[{"embeddable":true,"href":"https:\/\/archive.sana.sy\/tr\/index.php?rest_route=%2Fwp%2Fv2%2Fcomments&post=268175"}],"version-history":[{"count":0,"href":"https:\/\/archive.sana.sy\/tr\/index.php?rest_route=\/wp\/v2\/posts\/268175\/revisions"}],"wp:featuredmedia":[{"embeddable":true,"href":"https:\/\/archive.sana.sy\/tr\/index.php?rest_route=\/wp\/v2\/media\/268176"}],"wp:attachment":[{"href":"https:\/\/archive.sana.sy\/tr\/index.php?rest_route=%2Fwp%2Fv2%2Fmedia&parent=268175"}],"wp:term":[{"taxonomy":"category","embeddable":true,"href":"https:\/\/archive.sana.sy\/tr\/index.php?rest_route=%2Fwp%2Fv2%2Fcategories&post=268175"},{"taxonomy":"post_tag","embeddable":true,"href":"https:\/\/archive.sana.sy\/tr\/index.php?rest_route=%2Fwp%2Fv2%2Ftags&post=268175"}],"curies":[{"name":"wp","href":"https:\/\/api.w.org\/{rel}","templated":true}]}}