{"id":268178,"date":"2022-11-30T12:00:40","date_gmt":"2022-11-30T10:00:40","guid":{"rendered":"http:\/\/107.6.182.27\/tr\/?p=268178"},"modified":"2022-12-01T07:13:44","modified_gmt":"2022-12-01T05:13:44","slug":"saglik-bakanligi-iki-milyon-doz-oral-kolera-asisi-teslim-aldi-ve-hastaligin-yayilmasini-sinirlamak-icin-odakli-bir-kampanya-hazirliyor","status":"publish","type":"post","link":"https:\/\/archive.sana.sy\/tr\/?p=268178","title":{"rendered":"Sa\u011fl\u0131k Bakanl\u0131\u011f\u0131 \u0130ki Milyon Doz Oral Kolera A\u015f\u0131s\u0131 Teslim Ald\u0131 \u00a0Ve Hastal\u0131\u011f\u0131n Yay\u0131lmas\u0131n\u0131 S\u0131n\u0131rlamak \u0130\u00e7in Odakl\u0131 Bir Kampanya Haz\u0131rl\u0131yor"},"content":{"rendered":"<p>\u015eAM &#8211; Gelecek ay\u0131n 4&#8217;\u00fcnde hastal\u0131\u011fa kar\u015f\u0131 bir a\u015f\u0131lama kampanyas\u0131 uygulamaya haz\u0131rl\u0131k olarak ve hastal\u0131\u011f\u0131n yay\u0131lmas\u0131n\u0131 s\u0131n\u0131rlamaya y\u00f6nelik h\u00fck\u00fcmet \u00e7abalar\u0131n\u0131 desteklemek i\u00e7in Bug\u00fcn Sa\u011fl\u0131k Bakanl\u0131\u011f\u0131, D\u00fcnya Sa\u011fl\u0131k \u00d6rg\u00fct\u00fc ve Birle\u015fmi\u015f Milletler \u00c7ocuklara Yard\u0131m Fonu (UNICEF) ve K\u00fcresel A\u015f\u0131 Giri\u015fimi&#8217;nin (GAVI) deste\u011fiyle 2 milyon doz oral kolera a\u015f\u0131s\u0131 teslim ald\u0131.<\/p>\n<p>Sa\u011fl\u0131k Bakan\u0131 Hasan Gabba\u015f SANA muhabirine yapt\u0131\u011f\u0131 a\u00e7\u0131klamada: \u2018\u2019 K\u00fcresel olarak artan hastal\u0131k vakalar\u0131 nedeniyle kolera a\u015f\u0131s\u0131 stoklar\u0131n\u0131n bulunmamas\u0131na ra\u011fmen, Bakanl\u0131k, sa\u011fl\u0131k tepkisini art\u0131rmak ve bireyin ve toplumun g\u00fcvenli\u011fini sa\u011flamak i\u00e7in istisnai h\u00fck\u00fcmet \u00e7abalar\u0131yla a\u015f\u0131y\u0131 g\u00fcvence alt\u0131na alabildi\u2019\u2019 diyerek, \u2018\u2019A\u015f\u0131 g\u00fcvenlidir, onaylanm\u0131\u015ft\u0131r ve t\u00fcm d\u00fcnyada ba\u015far\u0131yla kullan\u0131lm\u0131\u015ft\u0131r ve etkili oldu\u011fu kan\u0131tlanm\u0131\u015ft\u0131r\u201d ifadelerini s\u00f6zlerine ekledi.<\/p>\n<p>Bakan Gabba\u015f, \u0130lk etap olarak &#8221; Rakka, Halep k\u0131rsal\u0131, Deyrizor, Haseke ve El-Halep&#8221; b\u00f6lgelerinde bir ya\u015f ve \u00fczeri insanlar\u0131 hedef alan ve iki hafta s\u00fcrecek kampanyan\u0131n ba\u015flat\u0131lmas\u0131 i\u00e7in t\u00fcm haz\u0131rl\u0131klar\u0131n tamamland\u0131\u011f\u0131n\u0131 vurgulad\u0131.<\/p>\n<p>Gabba\u015f ayr\u0131ca, bakanl\u0131\u011f\u0131n kolera vakalar\u0131n\u0131 kontrol alt\u0131na almak i\u00e7in ulusal harek\u00e2t plan\u0131n\u0131 uygulamaya devam etti\u011fine dikkat \u00e7ekti.<\/p>\n<p><a class=\"x1i10hfl xjbqb8w x6umtig x1b1mbwd xaqea5y xav7gou x9f619 x1ypdohk xt0psk2 xe8uvvx xdj266r x11i5rnm xat24cr x1mh8g0r xexx8yu x4uap5 x18d9i69 xkhd6sd x16tdsg8 x1hl2dhg xggy1nq x1a2a7pz xt0b8zv x1qq9wsj xo1l8bm\" tabindex=\"0\" role=\"link\" href=\"https:\/\/www.facebook.com\/hashtag\/telegram_kanal%C4%B1m%C4%B1z?__eep__=6&amp;__cft__[0]=AZWbGEG4krkmlR37HQdeRa_tm56Wm_RC0u1zo5iXDu5xV6XEJRwbLQFJC38G1tcWgZeX0p8zTSUd3uyeehoD7OhBF5QQI7DXPOTG-RSKBT0GYfKLZkWmnLBfVHBHy5SYz_aGgCq4tF1FyKaM3Ll7_puD3CQxRM61XsCjwkxuytTi1E9ZGHfz4-ZPSvnOSYFQ0KU&amp;__tn__=*NK-R\">#Telegram_Kanal\u0131m\u0131z<\/a>:\u00a0<a class=\"x1i10hfl xjbqb8w x6umtig x1b1mbwd xaqea5y xav7gou x9f619 x1ypdohk xt0psk2 xe8uvvx xdj266r x11i5rnm xat24cr x1mh8g0r xexx8yu x4uap5 x18d9i69 xkhd6sd x16tdsg8 x1hl2dhg xggy1nq x1a2a7pz xt0b8zv x1fey0fg\" tabindex=\"0\" role=\"link\" href=\"https:\/\/t.me\/SuriyeArapHaberAjans%C4%B1?fbclid=IwAR1mjgJbN7oiCUhCmbkxYbE3Yf-NwYxepsBh4WXMfHRx1gYI0RRefa-kvPs\" target=\"_blank\" rel=\"nofollow noopener\">https:\/\/t.me\/SuriyeArapHaberAjans\u0131<\/a><\/p>\n","protected":false},"excerpt":{"rendered":"<p>\u015eAM &#8211; Gelecek ay\u0131n 4&#8217;\u00fcnde hastal\u0131\u011fa kar\u015f\u0131 bir a\u015f\u0131lama kampanyas\u0131 uygulamaya haz\u0131rl\u0131k olarak ve hastal\u0131\u011f\u0131n yay\u0131lmas\u0131n\u0131 s\u0131n\u0131rlamaya y\u00f6nelik h\u00fck\u00fcmet \u00e7abalar\u0131n\u0131 desteklemek i\u00e7in Bug\u00fcn Sa\u011fl\u0131k Bakanl\u0131\u011f\u0131, D\u00fcnya Sa\u011fl\u0131k \u00d6rg\u00fct\u00fc ve Birle\u015fmi\u015f Milletler \u00c7ocuklara Yard\u0131m Fonu (UNICEF) ve K\u00fcresel A\u015f\u0131 Giri\u015fimi&#8217;nin (GAVI) deste\u011fiyle 2 milyon doz oral kolera a\u015f\u0131s\u0131 teslim ald\u0131. Sa\u011fl\u0131k Bakan\u0131 Hasan Gabba\u015f SANA muhabirine &hellip;<\/p>\n","protected":false},"author":41,"featured_media":268179,"comment_status":"closed","ping_status":"closed","sticky":false,"template":"","format":"standard","meta":{"footnotes":""},"categories":[479,17988,478],"tags":[],"class_list":["post-268178","post","type-post","status-publish","format-standard","has-post-thumbnail","","category-haberler-yerel","category-son-haberler","category-yerel"],"_links":{"self":[{"href":"https:\/\/archive.sana.sy\/tr\/index.php?rest_route=\/wp\/v2\/posts\/268178","targetHints":{"allow":["GET"]}}],"collection":[{"href":"https:\/\/archive.sana.sy\/tr\/index.php?rest_route=\/wp\/v2\/posts"}],"about":[{"href":"https:\/\/archive.sana.sy\/tr\/index.php?rest_route=\/wp\/v2\/types\/post"}],"author":[{"embeddable":true,"href":"https:\/\/archive.sana.sy\/tr\/index.php?rest_route=\/wp\/v2\/users\/41"}],"replies":[{"embeddable":true,"href":"https:\/\/archive.sana.sy\/tr\/index.php?rest_route=%2Fwp%2Fv2%2Fcomments&post=268178"}],"version-history":[{"count":0,"href":"https:\/\/archive.sana.sy\/tr\/index.php?rest_route=\/wp\/v2\/posts\/268178\/revisions"}],"wp:featuredmedia":[{"embeddable":true,"href":"https:\/\/archive.sana.sy\/tr\/index.php?rest_route=\/wp\/v2\/media\/268179"}],"wp:attachment":[{"href":"https:\/\/archive.sana.sy\/tr\/index.php?rest_route=%2Fwp%2Fv2%2Fmedia&parent=268178"}],"wp:term":[{"taxonomy":"category","embeddable":true,"href":"https:\/\/archive.sana.sy\/tr\/index.php?rest_route=%2Fwp%2Fv2%2Fcategories&post=268178"},{"taxonomy":"post_tag","embeddable":true,"href":"https:\/\/archive.sana.sy\/tr\/index.php?rest_route=%2Fwp%2Fv2%2Ftags&post=268178"}],"curies":[{"name":"wp","href":"https:\/\/api.w.org\/{rel}","templated":true}]}}