{"id":268181,"date":"2022-11-30T12:00:40","date_gmt":"2022-11-30T10:00:40","guid":{"rendered":"http:\/\/107.6.182.27\/tr\/?p=268181"},"modified":"2022-12-01T07:13:40","modified_gmt":"2022-12-01T05:13:40","slug":"kanaani-ayni-insan-haklari-savunuculari-teroru-destekliyor","status":"publish","type":"post","link":"https:\/\/archive.sana.sy\/tr\/?p=268181","title":{"rendered":"Kanaani: Ayn\u0131 \u0130nsan Haklar\u0131 Savunucular\u0131 Ter\u00f6r\u00fc Destekliyor"},"content":{"rendered":"<p>TAHRAN &#8211; \u0130ran D\u0131\u015fi\u015fleri Bakanl\u0131\u011f\u0131 s\u00f6zc\u00fcs\u00fc Nasser Kanaani, insan haklar\u0131n\u0131 savunduklar\u0131n\u0131 iddia edenlerin i\u015fgal alt\u0131ndaki Filistin&#8217;de ter\u00f6rizmi ve Siyonist varl\u0131\u011f\u0131 destekleyenler oldu\u011funu vurgulad\u0131.<\/p>\n<p>Kanaani, bug\u00fcn Twitter&#8217;da payla\u015ft\u0131\u011f\u0131 tweet&#8217;te, d\u00fcn Bat\u0131 \u015eeria&#8217;da Siyonist askerlerin kur\u015funlar\u0131yla 5 Filistinlinin \u00f6ld\u00fcr\u00fcld\u00fc\u011f\u00fcne dikkat \u00e7ekerek, \u2018\u2019 Sahte insan haklar\u0131 savunucular\u0131, yaln\u0131zca a\u011f\u0131r insan haklar\u0131 ihlalleri yapmakla kalmayan, ayn\u0131 zamanda Filistin halk\u0131na kar\u015f\u0131 soyk\u0131r\u0131m da uygulayan \u0131rk\u00e7\u0131, ter\u00f6rist ve i\u015fgalci bir olu\u015fumu 70 y\u0131l\u0131 a\u015fk\u0131n bir s\u00fcredir destekliyor\u2019\u2019 ifadelerini kulland\u0131.<\/p>\n<p>Kanaani ayr\u0131ca, \u2018\u2019 Almanya&#8217;n\u0131n insan ve kad\u0131n haklar\u0131n\u0131 savunma iddias\u0131 bariz bir ikiy\u00fczl\u00fcl\u00fckt\u00fcr ve ger\u00e7ekten utan\u00e7 vericidir.\u2019\u2019 diyerek, Berlin&#8217;in kendisine insan haklar\u0131n\u0131 talep etme ve onlara s\u00f6zde ba\u011fl\u0131l\u0131k g\u00f6sterme hakk\u0131n\u0131 nas\u0131l verebilece\u011fini ve Siyonist varl\u0131k ve ter\u00f6ristlere kimyasal silah dahil olmak \u00fczere silah tedarikinde \u00f6nemli bir rol oynayabilece\u011fini merak etti.<\/p>\n<p><a class=\"x1i10hfl xjbqb8w x6umtig x1b1mbwd xaqea5y xav7gou x9f619 x1ypdohk xt0psk2 xe8uvvx xdj266r x11i5rnm xat24cr x1mh8g0r xexx8yu x4uap5 x18d9i69 xkhd6sd x16tdsg8 x1hl2dhg xggy1nq x1a2a7pz xt0b8zv x1qq9wsj xo1l8bm\" tabindex=\"0\" role=\"link\" href=\"https:\/\/www.facebook.com\/hashtag\/telegram_kanal%C4%B1m%C4%B1z?__eep__=6&amp;__cft__[0]=AZWbGEG4krkmlR37HQdeRa_tm56Wm_RC0u1zo5iXDu5xV6XEJRwbLQFJC38G1tcWgZeX0p8zTSUd3uyeehoD7OhBF5QQI7DXPOTG-RSKBT0GYfKLZkWmnLBfVHBHy5SYz_aGgCq4tF1FyKaM3Ll7_puD3CQxRM61XsCjwkxuytTi1E9ZGHfz4-ZPSvnOSYFQ0KU&amp;__tn__=*NK-R\">#Telegram_Kanal\u0131m\u0131z<\/a>:\u00a0<a class=\"x1i10hfl xjbqb8w x6umtig x1b1mbwd xaqea5y xav7gou x9f619 x1ypdohk xt0psk2 xe8uvvx xdj266r x11i5rnm xat24cr x1mh8g0r xexx8yu x4uap5 x18d9i69 xkhd6sd x16tdsg8 x1hl2dhg xggy1nq x1a2a7pz xt0b8zv x1fey0fg\" tabindex=\"0\" role=\"link\" href=\"https:\/\/t.me\/SuriyeArapHaberAjans%C4%B1?fbclid=IwAR1mjgJbN7oiCUhCmbkxYbE3Yf-NwYxepsBh4WXMfHRx1gYI0RRefa-kvPs\" target=\"_blank\" rel=\"nofollow noopener\">https:\/\/t.me\/SuriyeArapHaberAjans\u0131<\/a><\/p>\n","protected":false},"excerpt":{"rendered":"<p>TAHRAN &#8211; \u0130ran D\u0131\u015fi\u015fleri Bakanl\u0131\u011f\u0131 s\u00f6zc\u00fcs\u00fc Nasser Kanaani, insan haklar\u0131n\u0131 savunduklar\u0131n\u0131 iddia edenlerin i\u015fgal alt\u0131ndaki Filistin&#8217;de ter\u00f6rizmi ve Siyonist varl\u0131\u011f\u0131 destekleyenler oldu\u011funu vurgulad\u0131. Kanaani, bug\u00fcn Twitter&#8217;da payla\u015ft\u0131\u011f\u0131 tweet&#8217;te, d\u00fcn Bat\u0131 \u015eeria&#8217;da Siyonist askerlerin kur\u015funlar\u0131yla 5 Filistinlinin \u00f6ld\u00fcr\u00fcld\u00fc\u011f\u00fcne dikkat \u00e7ekerek, \u2018\u2019 Sahte insan haklar\u0131 savunucular\u0131, yaln\u0131zca a\u011f\u0131r insan haklar\u0131 ihlalleri yapmakla kalmayan, ayn\u0131 zamanda Filistin halk\u0131na &hellip;<\/p>\n","protected":false},"author":41,"featured_media":268182,"comment_status":"closed","ping_status":"closed","sticky":false,"template":"","format":"standard","meta":{"footnotes":""},"categories":[458,459,17988],"tags":[],"class_list":["post-268181","post","type-post","status-publish","format-standard","has-post-thumbnail","","category-dunya1","category-haberler-arap-uluslararasi-politika","category-son-haberler"],"_links":{"self":[{"href":"https:\/\/archive.sana.sy\/tr\/index.php?rest_route=\/wp\/v2\/posts\/268181","targetHints":{"allow":["GET"]}}],"collection":[{"href":"https:\/\/archive.sana.sy\/tr\/index.php?rest_route=\/wp\/v2\/posts"}],"about":[{"href":"https:\/\/archive.sana.sy\/tr\/index.php?rest_route=\/wp\/v2\/types\/post"}],"author":[{"embeddable":true,"href":"https:\/\/archive.sana.sy\/tr\/index.php?rest_route=\/wp\/v2\/users\/41"}],"replies":[{"embeddable":true,"href":"https:\/\/archive.sana.sy\/tr\/index.php?rest_route=%2Fwp%2Fv2%2Fcomments&post=268181"}],"version-history":[{"count":0,"href":"https:\/\/archive.sana.sy\/tr\/index.php?rest_route=\/wp\/v2\/posts\/268181\/revisions"}],"wp:featuredmedia":[{"embeddable":true,"href":"https:\/\/archive.sana.sy\/tr\/index.php?rest_route=\/wp\/v2\/media\/268182"}],"wp:attachment":[{"href":"https:\/\/archive.sana.sy\/tr\/index.php?rest_route=%2Fwp%2Fv2%2Fmedia&parent=268181"}],"wp:term":[{"taxonomy":"category","embeddable":true,"href":"https:\/\/archive.sana.sy\/tr\/index.php?rest_route=%2Fwp%2Fv2%2Fcategories&post=268181"},{"taxonomy":"post_tag","embeddable":true,"href":"https:\/\/archive.sana.sy\/tr\/index.php?rest_route=%2Fwp%2Fv2%2Ftags&post=268181"}],"curies":[{"name":"wp","href":"https:\/\/api.w.org\/{rel}","templated":true}]}}