{"id":268195,"date":"2022-11-30T12:00:30","date_gmt":"2022-11-30T10:00:30","guid":{"rendered":"http:\/\/107.6.182.27\/tr\/?p=268195"},"modified":"2022-12-01T07:13:36","modified_gmt":"2022-12-01T05:13:36","slug":"rus-istihbarati-polonyayi-bati-ukraynade-bazi-topraklarin-koparilmasinin-girisimleri-konusunda-uyardi","status":"publish","type":"post","link":"https:\/\/archive.sana.sy\/tr\/?p=268195","title":{"rendered":"Rus \u0130stihbarat\u0131 Polonya&#8217;y\u0131 Bat\u0131 Ukrayna\u2019de Baz\u0131 Topraklar\u0131n Kopar\u0131lmas\u0131n\u0131n Giri\u015fimleri Konusunda Uyard\u0131"},"content":{"rendered":"<p>MOSKOVA &#8211; Rusya D\u0131\u015f \u0130stihbarat Te\u015fkilat\u0131 Direkt\u00f6r\u00fc Sergei Naryshkin, Polonya liderli\u011fini Bat\u0131 Ukrayna topraklar\u0131n\u0131 soyma ve Ukrayna topraklar\u0131 \u00fczerindeki iddias\u0131n\u0131 hakl\u0131 \u00e7\u0131karmak i\u00e7in referandum d\u00fczenleme giri\u015fimlerine kar\u015f\u0131 uyard\u0131.<\/p>\n<p>Sputnik, Naryshkin&#8217;in bug\u00fcn bir bas\u0131n a\u00e7\u0131klamas\u0131nda: \u2018\u2019Polonyal\u0131lar\u0131 yanl\u0131\u015f ve aceleci kar\u015f\u0131la\u015ft\u0131rmalar yapmamalar\u0131 konusunda \u015fimdiden uyar\u0131yor ve kendi tarihlerini daha kapsaml\u0131 bir \u015fekilde incelemeye davet ediyoruz.\u2019\u2019 ifadelerini aktard\u0131.<\/p>\n<p>Naryshkin, planlanan arazi sat\u0131n al\u0131mlar\u0131n\u0131 me\u015frula\u015ft\u0131rmak i\u00e7in, Polonya liderli\u011finin ba\u015far\u0131l\u0131 Rus deneyimini atalar\u0131n topraklar\u0131n\u0131 referandumlar d\u00fczenleyerek iade etmek i\u00e7in kullanmaya karar verdi\u011fini de s\u00f6zlerine ekleyerek, Polonya \u00f6zel servislerinin, Ukrayna&#8217;n\u0131n Lvov b\u00f6lgesinde Polonya&#8217;ya kat\u0131l\u0131m konusunda bir referandum haz\u0131rland\u0131\u011f\u0131 iddias\u0131yla ilgili bilgileri deneysel bir balon olarak Ukrayna medyas\u0131na s\u0131zd\u0131rd\u0131\u011f\u0131n\u0131 belirtti.<\/p>\n<p>Naryshkin ayr\u0131ca, CIA Ba\u015fkan\u0131 William Burns ile g\u00f6r\u00fc\u015ft\u00fc\u011f\u00fcn\u00fc ve n\u00fckleer g\u00fcvenlik konular\u0131 ile Ukrayna meselesini g\u00f6r\u00fc\u015ft\u00fcklerine dikkat \u00e7ekti.<\/p>\n<p><a class=\"x1i10hfl xjbqb8w x6umtig x1b1mbwd xaqea5y xav7gou x9f619 x1ypdohk xt0psk2 xe8uvvx xdj266r x11i5rnm xat24cr x1mh8g0r xexx8yu x4uap5 x18d9i69 xkhd6sd x16tdsg8 x1hl2dhg xggy1nq x1a2a7pz xt0b8zv x1qq9wsj xo1l8bm\" tabindex=\"0\" role=\"link\" href=\"https:\/\/www.facebook.com\/hashtag\/telegram_kanal%C4%B1m%C4%B1z?__eep__=6&amp;__cft__[0]=AZWbGEG4krkmlR37HQdeRa_tm56Wm_RC0u1zo5iXDu5xV6XEJRwbLQFJC38G1tcWgZeX0p8zTSUd3uyeehoD7OhBF5QQI7DXPOTG-RSKBT0GYfKLZkWmnLBfVHBHy5SYz_aGgCq4tF1FyKaM3Ll7_puD3CQxRM61XsCjwkxuytTi1E9ZGHfz4-ZPSvnOSYFQ0KU&amp;__tn__=*NK-R\">#Telegram_Kanal\u0131m\u0131z<\/a>:\u00a0<a class=\"x1i10hfl xjbqb8w x6umtig x1b1mbwd xaqea5y xav7gou x9f619 x1ypdohk xt0psk2 xe8uvvx xdj266r x11i5rnm xat24cr x1mh8g0r xexx8yu x4uap5 x18d9i69 xkhd6sd x16tdsg8 x1hl2dhg xggy1nq x1a2a7pz xt0b8zv x1fey0fg\" tabindex=\"0\" role=\"link\" href=\"https:\/\/t.me\/SuriyeArapHaberAjans%C4%B1?fbclid=IwAR1mjgJbN7oiCUhCmbkxYbE3Yf-NwYxepsBh4WXMfHRx1gYI0RRefa-kvPs\" target=\"_blank\" rel=\"nofollow noopener\">https:\/\/t.me\/SuriyeArapHaberAjans\u0131<\/a><\/p>\n","protected":false},"excerpt":{"rendered":"<p>MOSKOVA &#8211; Rusya D\u0131\u015f \u0130stihbarat Te\u015fkilat\u0131 Direkt\u00f6r\u00fc Sergei Naryshkin, Polonya liderli\u011fini Bat\u0131 Ukrayna topraklar\u0131n\u0131 soyma ve Ukrayna topraklar\u0131 \u00fczerindeki iddias\u0131n\u0131 hakl\u0131 \u00e7\u0131karmak i\u00e7in referandum d\u00fczenleme giri\u015fimlerine kar\u015f\u0131 uyard\u0131. Sputnik, Naryshkin&#8217;in bug\u00fcn bir bas\u0131n a\u00e7\u0131klamas\u0131nda: \u2018\u2019Polonyal\u0131lar\u0131 yanl\u0131\u015f ve aceleci kar\u015f\u0131la\u015ft\u0131rmalar yapmamalar\u0131 konusunda \u015fimdiden uyar\u0131yor ve kendi tarihlerini daha kapsaml\u0131 bir \u015fekilde incelemeye davet ediyoruz.\u2019\u2019 ifadelerini aktard\u0131. &hellip;<\/p>\n","protected":false},"author":41,"featured_media":268196,"comment_status":"closed","ping_status":"closed","sticky":false,"template":"","format":"standard","meta":{"footnotes":""},"categories":[458,459,17988],"tags":[],"class_list":["post-268195","post","type-post","status-publish","format-standard","has-post-thumbnail","","category-dunya1","category-haberler-arap-uluslararasi-politika","category-son-haberler"],"_links":{"self":[{"href":"https:\/\/archive.sana.sy\/tr\/index.php?rest_route=\/wp\/v2\/posts\/268195","targetHints":{"allow":["GET"]}}],"collection":[{"href":"https:\/\/archive.sana.sy\/tr\/index.php?rest_route=\/wp\/v2\/posts"}],"about":[{"href":"https:\/\/archive.sana.sy\/tr\/index.php?rest_route=\/wp\/v2\/types\/post"}],"author":[{"embeddable":true,"href":"https:\/\/archive.sana.sy\/tr\/index.php?rest_route=\/wp\/v2\/users\/41"}],"replies":[{"embeddable":true,"href":"https:\/\/archive.sana.sy\/tr\/index.php?rest_route=%2Fwp%2Fv2%2Fcomments&post=268195"}],"version-history":[{"count":0,"href":"https:\/\/archive.sana.sy\/tr\/index.php?rest_route=\/wp\/v2\/posts\/268195\/revisions"}],"wp:featuredmedia":[{"embeddable":true,"href":"https:\/\/archive.sana.sy\/tr\/index.php?rest_route=\/wp\/v2\/media\/268196"}],"wp:attachment":[{"href":"https:\/\/archive.sana.sy\/tr\/index.php?rest_route=%2Fwp%2Fv2%2Fmedia&parent=268195"}],"wp:term":[{"taxonomy":"category","embeddable":true,"href":"https:\/\/archive.sana.sy\/tr\/index.php?rest_route=%2Fwp%2Fv2%2Fcategories&post=268195"},{"taxonomy":"post_tag","embeddable":true,"href":"https:\/\/archive.sana.sy\/tr\/index.php?rest_route=%2Fwp%2Fv2%2Ftags&post=268195"}],"curies":[{"name":"wp","href":"https:\/\/api.w.org\/{rel}","templated":true}]}}