{"id":268198,"date":"2022-11-30T16:34:17","date_gmt":"2022-11-30T14:34:17","guid":{"rendered":"http:\/\/107.6.182.27\/tr\/?p=268198"},"modified":"2022-12-01T07:13:56","modified_gmt":"2022-12-01T05:13:56","slug":"abhaz-hukumeti-suriye-ile-bir-anlasmayi-imzalamak-icin-bir-karar-taslagini-onayladi","status":"publish","type":"post","link":"https:\/\/archive.sana.sy\/tr\/?p=268198","title":{"rendered":"Abhaz H\u00fck\u00fcmeti, Suriye \u0130le Bir Anla\u015fmay\u0131 \u0130mzalamak \u0130\u00e7in Bir Karar Tasla\u011f\u0131n\u0131 Onaylad\u0131"},"content":{"rendered":"<p>SOHUM &#8211; Abhaz h\u00fck\u00fcmeti bug\u00fcn, Ekonomi Bakanl\u0131\u011f\u0131 taraf\u0131ndan sunulan Suriye ile her iki \u00fclkede iki ticari temsilcilik a\u00e7\u0131lmas\u0131 konusunda bir anla\u015fma yap\u0131lmas\u0131 ve bu konuda Suriye taraf\u0131yla g\u00f6r\u00fc\u015fmek \u00fczere karar tasla\u011f\u0131n\u0131 onaylad\u0131.<\/p>\n<p>Anla\u015fma tasala\u011f\u0131na g\u00f6re, Abhaz ba\u015fkentinde Suriye ticari temsilcili\u011fi, \u015eam&#8217;da Abhaz ticari temsilcili\u011fi a\u00e7\u0131lacak ve D\u0131\u015f ekonomik alanda i\u015fbirli\u011fi ve koordinasyonu geli\u015ftirmek amac\u0131yla \u015eam&#8217;da bir Abhaz ticaret temsilcili\u011fi de a\u00e7\u0131lacak.<\/p>\n<p>Anla\u015fma tasla\u011f\u0131, iki ticaret temsilciliklerinin iki \u00fclke aras\u0131ndaki ekonomik ve ticari ili\u015fkilerin geli\u015ftirilmesine katk\u0131da bulunmaya ve ticari, ekonomik ve bilimsel-teknik alanlarda anla\u015fmalar\u0131n yap\u0131lmas\u0131na, ortak i\u015fletmelerin kurulmas\u0131na ve di\u011fer ekonomik faaliyet bi\u00e7imlerinin geli\u015ftirilmesine yard\u0131m etmeye davetli olduklar\u0131n\u0131 \u00f6ng\u00fcrmektedir.<\/p>\n<p><a class=\"x1i10hfl xjbqb8w x6umtig x1b1mbwd xaqea5y xav7gou x9f619 x1ypdohk xt0psk2 xe8uvvx xdj266r x11i5rnm xat24cr x1mh8g0r xexx8yu x4uap5 x18d9i69 xkhd6sd x16tdsg8 x1hl2dhg xggy1nq x1a2a7pz xt0b8zv x1qq9wsj xo1l8bm\" tabindex=\"0\" role=\"link\" href=\"https:\/\/www.facebook.com\/hashtag\/telegram_kanal%C4%B1m%C4%B1z?__eep__=6&amp;__cft__[0]=AZWbGEG4krkmlR37HQdeRa_tm56Wm_RC0u1zo5iXDu5xV6XEJRwbLQFJC38G1tcWgZeX0p8zTSUd3uyeehoD7OhBF5QQI7DXPOTG-RSKBT0GYfKLZkWmnLBfVHBHy5SYz_aGgCq4tF1FyKaM3Ll7_puD3CQxRM61XsCjwkxuytTi1E9ZGHfz4-ZPSvnOSYFQ0KU&amp;__tn__=*NK-R\">#Telegram_Kanal\u0131m\u0131z<\/a>:\u00a0<a class=\"x1i10hfl xjbqb8w x6umtig x1b1mbwd xaqea5y xav7gou x9f619 x1ypdohk xt0psk2 xe8uvvx xdj266r x11i5rnm xat24cr x1mh8g0r xexx8yu x4uap5 x18d9i69 xkhd6sd x16tdsg8 x1hl2dhg xggy1nq x1a2a7pz xt0b8zv x1fey0fg\" tabindex=\"0\" role=\"link\" href=\"https:\/\/t.me\/SuriyeArapHaberAjans%C4%B1?fbclid=IwAR1mjgJbN7oiCUhCmbkxYbE3Yf-NwYxepsBh4WXMfHRx1gYI0RRefa-kvPs\" target=\"_blank\" rel=\"nofollow noopener\">https:\/\/t.me\/SuriyeArapHaberAjans\u0131<\/a><\/p>\n","protected":false},"excerpt":{"rendered":"<p>SOHUM &#8211; Abhaz h\u00fck\u00fcmeti bug\u00fcn, Ekonomi Bakanl\u0131\u011f\u0131 taraf\u0131ndan sunulan Suriye ile her iki \u00fclkede iki ticari temsilcilik a\u00e7\u0131lmas\u0131 konusunda bir anla\u015fma yap\u0131lmas\u0131 ve bu konuda Suriye taraf\u0131yla g\u00f6r\u00fc\u015fmek \u00fczere karar tasla\u011f\u0131n\u0131 onaylad\u0131. Anla\u015fma tasala\u011f\u0131na g\u00f6re, Abhaz ba\u015fkentinde Suriye ticari temsilcili\u011fi, \u015eam&#8217;da Abhaz ticari temsilcili\u011fi a\u00e7\u0131lacak ve D\u0131\u015f ekonomik alanda i\u015fbirli\u011fi ve koordinasyonu geli\u015ftirmek amac\u0131yla \u015eam&#8217;da &hellip;<\/p>\n","protected":false},"author":41,"featured_media":268199,"comment_status":"closed","ping_status":"closed","sticky":false,"template":"","format":"standard","meta":{"footnotes":""},"categories":[479,17988,478],"tags":[],"class_list":["post-268198","post","type-post","status-publish","format-standard","has-post-thumbnail","","category-haberler-yerel","category-son-haberler","category-yerel"],"_links":{"self":[{"href":"https:\/\/archive.sana.sy\/tr\/index.php?rest_route=\/wp\/v2\/posts\/268198","targetHints":{"allow":["GET"]}}],"collection":[{"href":"https:\/\/archive.sana.sy\/tr\/index.php?rest_route=\/wp\/v2\/posts"}],"about":[{"href":"https:\/\/archive.sana.sy\/tr\/index.php?rest_route=\/wp\/v2\/types\/post"}],"author":[{"embeddable":true,"href":"https:\/\/archive.sana.sy\/tr\/index.php?rest_route=\/wp\/v2\/users\/41"}],"replies":[{"embeddable":true,"href":"https:\/\/archive.sana.sy\/tr\/index.php?rest_route=%2Fwp%2Fv2%2Fcomments&post=268198"}],"version-history":[{"count":0,"href":"https:\/\/archive.sana.sy\/tr\/index.php?rest_route=\/wp\/v2\/posts\/268198\/revisions"}],"wp:featuredmedia":[{"embeddable":true,"href":"https:\/\/archive.sana.sy\/tr\/index.php?rest_route=\/wp\/v2\/media\/268199"}],"wp:attachment":[{"href":"https:\/\/archive.sana.sy\/tr\/index.php?rest_route=%2Fwp%2Fv2%2Fmedia&parent=268198"}],"wp:term":[{"taxonomy":"category","embeddable":true,"href":"https:\/\/archive.sana.sy\/tr\/index.php?rest_route=%2Fwp%2Fv2%2Fcategories&post=268198"},{"taxonomy":"post_tag","embeddable":true,"href":"https:\/\/archive.sana.sy\/tr\/index.php?rest_route=%2Fwp%2Fv2%2Ftags&post=268198"}],"curies":[{"name":"wp","href":"https:\/\/api.w.org\/{rel}","templated":true}]}}