{"id":268202,"date":"2022-11-30T16:45:49","date_gmt":"2022-11-30T14:45:49","guid":{"rendered":"http:\/\/107.6.182.27\/tr\/?p=268202"},"modified":"2022-12-02T08:33:12","modified_gmt":"2022-12-02T06:33:12","slug":"rusya-disisleri-bakanligi-suriyedeki-tarihi-eserlerin-restorasyonu-icin-onumuzdeki-ay-uluslararasi-bir-forum-kurulacak","status":"publish","type":"post","link":"https:\/\/archive.sana.sy\/tr\/?p=268202","title":{"rendered":"Rusya D\u0131\u015fi\u015fleri Bakanl\u0131\u011f\u0131: Suriye&#8217;deki Tarihi Eserlerin Restorasyonu \u0130\u00e7in \u00d6n\u00fcm\u00fczdeki Ay Uluslararas\u0131 Bir Forum Kurulacak"},"content":{"rendered":"<p>MOSKOVA- Rusya D\u0131\u015fi\u015fleri Bakanl\u0131\u011f\u0131, D\u00fcnya K\u00fclt\u00fcrel ve Do\u011fal Miras\u0131n\u0131n Korunmas\u0131na \u0130li\u015fkin S\u00f6zle\u015fmenin 50. Y\u0131ld\u00f6n\u00fcm\u00fc m\u00fcnasebetiyle, Tataristan Cumhuriyeti&#8217;nin ba\u015fkenti Kazan kentinde, 5-8 Aral\u0131k tarihleri \u200b\u200baras\u0131nda Suriye&#8217;deki eski eserlerin restorasyonu konusunu g\u00f6r\u00fc\u015fmek \u00fczere uluslararas\u0131 bir forum d\u00fczenlenece\u011fini duyrurdu.<\/p>\n<p>Rusya UNESCO Komitesi Sekreteri ve D\u0131\u015fi\u015fleri Bakanl\u0131\u011f\u0131 M\u00fcste\u015far\u0131 Grigory Orgo Nikidze bug\u00fcn yapt\u0131\u011f\u0131 a\u00e7\u0131klamada: \u2018\u2019 Forumun g\u00fcndemindeki konular aras\u0131nda B\u00fcy\u00fck \u0130pek Yolu&#8217;nun tart\u0131\u015f\u0131lmas\u0131 ve ba\u015fta Palmyra olmak \u00fczere Suriye antik eserlerinin restorasyonu yer al\u0131yor.\u2019\u2019 dedi.<\/p>\n<p>Rus yetkili ay\u0131rca: \u2018\u2019 &#8220;Suriye K\u00fclt\u00fcr Bakan\u0131&#8217;n\u0131n forum \u00e7al\u0131\u015fmalar\u0131na kat\u0131lmas\u0131 planlan\u0131yor.&#8221; ifadelerini kulland\u0131.<\/p>\n<p><a class=\"x1i10hfl xjbqb8w x6umtig x1b1mbwd xaqea5y xav7gou x9f619 x1ypdohk xt0psk2 xe8uvvx xdj266r x11i5rnm xat24cr x1mh8g0r xexx8yu x4uap5 x18d9i69 xkhd6sd x16tdsg8 x1hl2dhg xggy1nq x1a2a7pz xt0b8zv x1qq9wsj xo1l8bm\" tabindex=\"0\" role=\"link\" href=\"https:\/\/www.facebook.com\/hashtag\/telegram_kanal%C4%B1m%C4%B1z?__eep__=6&amp;__cft__[0]=AZWbGEG4krkmlR37HQdeRa_tm56Wm_RC0u1zo5iXDu5xV6XEJRwbLQFJC38G1tcWgZeX0p8zTSUd3uyeehoD7OhBF5QQI7DXPOTG-RSKBT0GYfKLZkWmnLBfVHBHy5SYz_aGgCq4tF1FyKaM3Ll7_puD3CQxRM61XsCjwkxuytTi1E9ZGHfz4-ZPSvnOSYFQ0KU&amp;__tn__=*NK-R\">#Telegram_Kanal\u0131m\u0131z<\/a>:\u00a0<a class=\"x1i10hfl xjbqb8w x6umtig x1b1mbwd xaqea5y xav7gou x9f619 x1ypdohk xt0psk2 xe8uvvx xdj266r x11i5rnm xat24cr x1mh8g0r xexx8yu x4uap5 x18d9i69 xkhd6sd x16tdsg8 x1hl2dhg xggy1nq x1a2a7pz xt0b8zv x1fey0fg\" tabindex=\"0\" role=\"link\" href=\"https:\/\/t.me\/SuriyeArapHaberAjans%C4%B1?fbclid=IwAR1mjgJbN7oiCUhCmbkxYbE3Yf-NwYxepsBh4WXMfHRx1gYI0RRefa-kvPs\" target=\"_blank\" rel=\"nofollow noopener\">https:\/\/t.me\/SuriyeArapHaberAjans\u0131<\/a><\/p>\n","protected":false},"excerpt":{"rendered":"<p>MOSKOVA- Rusya D\u0131\u015fi\u015fleri Bakanl\u0131\u011f\u0131, D\u00fcnya K\u00fclt\u00fcrel ve Do\u011fal Miras\u0131n\u0131n Korunmas\u0131na \u0130li\u015fkin S\u00f6zle\u015fmenin 50. Y\u0131ld\u00f6n\u00fcm\u00fc m\u00fcnasebetiyle, Tataristan Cumhuriyeti&#8217;nin ba\u015fkenti Kazan kentinde, 5-8 Aral\u0131k tarihleri \u200b\u200baras\u0131nda Suriye&#8217;deki eski eserlerin restorasyonu konusunu g\u00f6r\u00fc\u015fmek \u00fczere uluslararas\u0131 bir forum d\u00fczenlenece\u011fini duyrurdu. Rusya UNESCO Komitesi Sekreteri ve D\u0131\u015fi\u015fleri Bakanl\u0131\u011f\u0131 M\u00fcste\u015far\u0131 Grigory Orgo Nikidze bug\u00fcn yapt\u0131\u011f\u0131 a\u00e7\u0131klamada: \u2018\u2019 Forumun g\u00fcndemindeki konular aras\u0131nda &hellip;<\/p>\n","protected":false},"author":41,"featured_media":268203,"comment_status":"closed","ping_status":"closed","sticky":false,"template":"","format":"standard","meta":{"footnotes":""},"categories":[458,459,17988],"tags":[],"class_list":["post-268202","post","type-post","status-publish","format-standard","has-post-thumbnail","","category-dunya1","category-haberler-arap-uluslararasi-politika","category-son-haberler"],"_links":{"self":[{"href":"https:\/\/archive.sana.sy\/tr\/index.php?rest_route=\/wp\/v2\/posts\/268202","targetHints":{"allow":["GET"]}}],"collection":[{"href":"https:\/\/archive.sana.sy\/tr\/index.php?rest_route=\/wp\/v2\/posts"}],"about":[{"href":"https:\/\/archive.sana.sy\/tr\/index.php?rest_route=\/wp\/v2\/types\/post"}],"author":[{"embeddable":true,"href":"https:\/\/archive.sana.sy\/tr\/index.php?rest_route=\/wp\/v2\/users\/41"}],"replies":[{"embeddable":true,"href":"https:\/\/archive.sana.sy\/tr\/index.php?rest_route=%2Fwp%2Fv2%2Fcomments&post=268202"}],"version-history":[{"count":0,"href":"https:\/\/archive.sana.sy\/tr\/index.php?rest_route=\/wp\/v2\/posts\/268202\/revisions"}],"wp:featuredmedia":[{"embeddable":true,"href":"https:\/\/archive.sana.sy\/tr\/index.php?rest_route=\/wp\/v2\/media\/268203"}],"wp:attachment":[{"href":"https:\/\/archive.sana.sy\/tr\/index.php?rest_route=%2Fwp%2Fv2%2Fmedia&parent=268202"}],"wp:term":[{"taxonomy":"category","embeddable":true,"href":"https:\/\/archive.sana.sy\/tr\/index.php?rest_route=%2Fwp%2Fv2%2Fcategories&post=268202"},{"taxonomy":"post_tag","embeddable":true,"href":"https:\/\/archive.sana.sy\/tr\/index.php?rest_route=%2Fwp%2Fv2%2Ftags&post=268202"}],"curies":[{"name":"wp","href":"https:\/\/api.w.org\/{rel}","templated":true}]}}