{"id":268237,"date":"2022-12-01T12:41:45","date_gmt":"2022-12-01T10:41:45","guid":{"rendered":"http:\/\/107.6.182.27\/tr\/?p=268237"},"modified":"2022-12-02T08:33:37","modified_gmt":"2022-12-02T06:33:37","slug":"amerikan-isgali-calinti-suriye-petrolu-tasiyan-yeni-bir-konvoy-iraka-dogru-cikardi-8","status":"publish","type":"post","link":"https:\/\/archive.sana.sy\/tr\/?p=268237","title":{"rendered":"Amerikan \u0130\u015fgali \u00c7al\u0131nt\u0131 Suriye Petrol\u00fc Ta\u015f\u0131yan Yeni Bir Konvoy Irak\u2019a Do\u011fru \u00c7\u0131kard\u0131"},"content":{"rendered":"<p>HASEKE \u2013 Amerikan i\u015fgali, Suriye\u2019nin El Cezire b\u00f6lgesinde i\u015fgal etti\u011fi b\u00f6lgelerde Suriye zenginliklerini ya\u011fmalamaya devam ederek, bug\u00fcn Haseke k\u0131rsal\u0131ndan \u00e7al\u0131nan petrol y\u00fckl\u00fc d\u00fczinelerce tanker i\u00e7eren yeni bir konvoyu \u00e7ald\u0131.<\/p>\n<p>Haseke k\u0131rsal\u0131ndaki El Yarubiye k\u0131rsal\u0131ndan yerel kaynaklar SANA muhabirine, \u00e7al\u0131nt\u0131 petrol y\u00fckl\u00fc 54 Amerikan i\u015fgal tankerinden olu\u015fan bir konvoyun, Haseke vilayetinden gruplar halinde yasad\u0131\u015f\u0131 El Mahmudiye ge\u00e7idinden Irak topraklar\u0131ndaki i\u015fgal \u00fcslerine do\u011fru yola \u00e7\u0131kt\u0131\u011f\u0131n\u0131 s\u00f6yledi.<\/p>\n<p><span style=\"color: #0000ff;\">#Telegram_Kanal\u0131m\u0131z: https:\/\/t.me\/SuriyeArapHaberAjans\u0131<\/span><\/p>\n<div id='gallery-1' class='gallery galleryid-268237 gallery-columns-1 gallery-size-full'><figure class='gallery-item'>\n\t\t\t<div class='gallery-icon landscape'>\n\t\t\t\t<a href='https:\/\/archive.sana.sy\/tr\/wp-content\/uploads\/2022\/12\/photo_2022-12-01_12-02-51.jpg'><img loading=\"lazy\" decoding=\"async\" width=\"660\" height=\"400\" src=\"https:\/\/archive.sana.sy\/tr\/wp-content\/uploads\/2022\/12\/photo_2022-12-01_12-02-51.jpg\" class=\"attachment-full size-full\" alt=\"\" srcset=\"https:\/\/archive.sana.sy\/tr\/wp-content\/uploads\/2022\/12\/photo_2022-12-01_12-02-51.jpg 660w, https:\/\/archive.sana.sy\/tr\/wp-content\/uploads\/2022\/12\/photo_2022-12-01_12-02-51-300x182.jpg 300w, https:\/\/archive.sana.sy\/tr\/wp-content\/uploads\/2022\/12\/photo_2022-12-01_12-02-51-150x91.jpg 150w\" sizes=\"auto, (max-width: 660px) 100vw, 660px\" \/><\/a>\n\t\t\t<\/div><\/figure><figure class='gallery-item'>\n\t\t\t<div class='gallery-icon landscape'>\n\t\t\t\t<a href='https:\/\/archive.sana.sy\/tr\/wp-content\/uploads\/2022\/12\/photo_2022-12-01_12-02-52.jpg'><img loading=\"lazy\" decoding=\"async\" width=\"660\" height=\"407\" src=\"https:\/\/archive.sana.sy\/tr\/wp-content\/uploads\/2022\/12\/photo_2022-12-01_12-02-52.jpg\" class=\"attachment-full size-full\" alt=\"\" srcset=\"https:\/\/archive.sana.sy\/tr\/wp-content\/uploads\/2022\/12\/photo_2022-12-01_12-02-52.jpg 660w, https:\/\/archive.sana.sy\/tr\/wp-content\/uploads\/2022\/12\/photo_2022-12-01_12-02-52-300x185.jpg 300w, https:\/\/archive.sana.sy\/tr\/wp-content\/uploads\/2022\/12\/photo_2022-12-01_12-02-52-150x93.jpg 150w\" sizes=\"auto, (max-width: 660px) 100vw, 660px\" \/><\/a>\n\t\t\t<\/div><\/figure>\n\t\t<\/div>\n\n","protected":false},"excerpt":{"rendered":"<p>HASEKE \u2013 Amerikan i\u015fgali, Suriye\u2019nin El Cezire b\u00f6lgesinde i\u015fgal etti\u011fi b\u00f6lgelerde Suriye zenginliklerini ya\u011fmalamaya devam ederek, bug\u00fcn Haseke k\u0131rsal\u0131ndan \u00e7al\u0131nan petrol y\u00fckl\u00fc d\u00fczinelerce tanker i\u00e7eren yeni bir konvoyu \u00e7ald\u0131. Haseke k\u0131rsal\u0131ndaki El Yarubiye k\u0131rsal\u0131ndan yerel kaynaklar SANA muhabirine, \u00e7al\u0131nt\u0131 petrol y\u00fckl\u00fc 54 Amerikan i\u015fgal tankerinden olu\u015fan bir konvoyun, Haseke vilayetinden gruplar halinde yasad\u0131\u015f\u0131 El Mahmudiye &hellip;<\/p>\n","protected":false},"author":36,"featured_media":268241,"comment_status":"closed","ping_status":"closed","sticky":false,"template":"","format":"standard","meta":{"footnotes":""},"categories":[596,479,575,17988,478],"tags":[],"class_list":["post-268237","post","type-post","status-publish","format-standard","has-post-thumbnail","","category-fotografli-raporlar","category-haberler-yerel","category-olaylar-ve-gercekler","category-son-haberler","category-yerel"],"_links":{"self":[{"href":"https:\/\/archive.sana.sy\/tr\/index.php?rest_route=\/wp\/v2\/posts\/268237","targetHints":{"allow":["GET"]}}],"collection":[{"href":"https:\/\/archive.sana.sy\/tr\/index.php?rest_route=\/wp\/v2\/posts"}],"about":[{"href":"https:\/\/archive.sana.sy\/tr\/index.php?rest_route=\/wp\/v2\/types\/post"}],"author":[{"embeddable":true,"href":"https:\/\/archive.sana.sy\/tr\/index.php?rest_route=\/wp\/v2\/users\/36"}],"replies":[{"embeddable":true,"href":"https:\/\/archive.sana.sy\/tr\/index.php?rest_route=%2Fwp%2Fv2%2Fcomments&post=268237"}],"version-history":[{"count":0,"href":"https:\/\/archive.sana.sy\/tr\/index.php?rest_route=\/wp\/v2\/posts\/268237\/revisions"}],"wp:featuredmedia":[{"embeddable":true,"href":"https:\/\/archive.sana.sy\/tr\/index.php?rest_route=\/wp\/v2\/media\/268241"}],"wp:attachment":[{"href":"https:\/\/archive.sana.sy\/tr\/index.php?rest_route=%2Fwp%2Fv2%2Fmedia&parent=268237"}],"wp:term":[{"taxonomy":"category","embeddable":true,"href":"https:\/\/archive.sana.sy\/tr\/index.php?rest_route=%2Fwp%2Fv2%2Fcategories&post=268237"},{"taxonomy":"post_tag","embeddable":true,"href":"https:\/\/archive.sana.sy\/tr\/index.php?rest_route=%2Fwp%2Fv2%2Ftags&post=268237"}],"curies":[{"name":"wp","href":"https:\/\/api.w.org\/{rel}","templated":true}]}}