{"id":268242,"date":"2022-12-01T12:51:54","date_gmt":"2022-12-01T10:51:54","guid":{"rendered":"http:\/\/107.6.182.27\/tr\/?p=268242"},"modified":"2022-12-02T08:33:40","modified_gmt":"2022-12-02T06:33:40","slug":"mahluf-birlesmis-milletler-kalkinma-programi-ve-birlesmis-milletler-multeciler-yuksek-komiserligi-ile-isbirligi-projelerini-gorustu","status":"publish","type":"post","link":"https:\/\/archive.sana.sy\/tr\/?p=268242","title":{"rendered":"Mahluf, Birle\u015fmi\u015f Milletler Kalk\u0131nma Program\u0131 ve Birle\u015fmi\u015f Milletler M\u00fclteciler Y\u00fcksek Komiserli\u011fi \u0130le \u0130\u015fbirli\u011fi Projelerini G\u00f6r\u00fc\u015ft\u00fc"},"content":{"rendered":"<p>\u015eAM \u2013 Yard\u0131mdan Sorumlu Y\u00fcksek Komite Ba\u015fkan\u0131, Yerel Y\u00f6netim ve \u00c7evre Bakan\u0131 H\u00fcseyin Mahluf, Birle\u015fmi\u015f Milletler M\u00fclteciler Y\u00fcksek Komiserli\u011fi \u201cBMMYK\u201d Daimi Temsilcisi Sivanka Archa Danapala ile Bakanl\u0131k, BMMYK ve Birle\u015fmi\u015f Milletler Kalk\u0131nma Program\u0131 aras\u0131ndaki mevcut i\u015fbirli\u011fi projelerini g\u00f6r\u00fc\u015ft\u00fc.<\/p>\n<p><img loading=\"lazy\" decoding=\"async\" class=\"size-medium wp-image-268243 alignright\" src=\"http:\/\/107.6.182.27\/tr\/wp-content\/uploads\/2022\/12\/4-300x196.jpg\" alt=\"\" width=\"300\" height=\"196\" srcset=\"https:\/\/archive.sana.sy\/tr\/wp-content\/uploads\/2022\/12\/4-300x196.jpg 300w, https:\/\/archive.sana.sy\/tr\/wp-content\/uploads\/2022\/12\/4-150x98.jpg 150w, https:\/\/archive.sana.sy\/tr\/wp-content\/uploads\/2022\/12\/4.jpg 660w\" sizes=\"auto, (max-width: 300px) 100vw, 300px\" \/>Bakan Mahluf, af kararlar\u0131n\u0131n yerinden edilenlerin anavatanlar\u0131na d\u00f6nmelerine yard\u0131mc\u0131 oldu\u011funu, altyap\u0131, okul, hastane gibi hizmetlerin g\u00fcvence alt\u0131na al\u0131nmas\u0131 i\u00e7in s\u00fcrd\u00fcr\u00fclen \u00e7al\u0131\u015fmalar\u0131n yan\u0131 s\u0131ra yerel y\u00f6netim hizmetlerinin g\u00fc\u00e7lendirilmesine ve meclislerin kaynaklar\u0131n\u0131 y\u00f6netme yeteneklerinin geli\u015ftirilmesine katk\u0131da bulunan projelerin uygulanmas\u0131na yard\u0131mc\u0131 oldu\u011funu belirtirken, 26 Ekim ve 5 Kas\u0131m tarihlerinde L\u00fcbnan&#8217;dan d\u00f6nen konvoylardaki t\u00fcm geri d\u00f6nenlere a\u015f\u0131 ve sa\u011fl\u0131k hizmeti verildi\u011fine i\u015faret etti.<\/p>\n<p>Mahluf, program temsilcilerini ve BMMYK&#8217;y\u0131, h\u00fck\u00fcmetin yerinden edilmi\u015f ki\u015filerin anavatana g\u00fcvenli ve g\u00f6n\u00fcll\u00fc olarak geri d\u00f6n\u00fc\u015f\u00fcn\u00fc te\u015fvik etme \u00e7abalar\u0131n\u0131 desteklemeye \u00e7a\u011f\u0131rd\u0131.<\/p>\n<p>Mahluf, Suriye&#8217;ye uygulanan tek tarafl\u0131 zorlay\u0131c\u0131 tedbirler, yapt\u0131r\u0131mlar ve abluka yasalar\u0131n\u0131n yerinden edilenlerin geri d\u00f6n\u00fc\u015f\u00fcn\u00fcn \u00f6n\u00fcndeki en \u00f6nemli engellerden biri olarak g\u00f6r\u00fcld\u00fc\u011f\u00fcne i\u015faret etti.<\/p>\n<p>Buna kar\u015f\u0131l\u0131k Danapala, BMMYK&#8217;nin \u00e7al\u0131\u015fmalar\u0131ndan istenen sonu\u00e7lar\u0131n elde edilmesini sa\u011flamak ve yerinden edilmi\u015f ki\u015filerin anavatanlar\u0131na d\u00f6n\u00fc\u015f\u00fc i\u00e7in ko\u015fullar yaratmak amac\u0131yla Suriye h\u00fck\u00fcmeti ile koordinasyon ve i\u015fbirli\u011fine devam edilmesi gerekti\u011fine i\u015faret etti.<\/p>\n<p><span style=\"color: #0000ff;\">#Telegram_Kanal\u0131m\u0131z: https:\/\/t.me\/SuriyeArapHaberAjans\u0131<\/span><\/p>\n","protected":false},"excerpt":{"rendered":"<p>\u015eAM \u2013 Yard\u0131mdan Sorumlu Y\u00fcksek Komite Ba\u015fkan\u0131, Yerel Y\u00f6netim ve \u00c7evre Bakan\u0131 H\u00fcseyin Mahluf, Birle\u015fmi\u015f Milletler M\u00fclteciler Y\u00fcksek Komiserli\u011fi \u201cBMMYK\u201d Daimi Temsilcisi Sivanka Archa Danapala ile Bakanl\u0131k, BMMYK ve Birle\u015fmi\u015f Milletler Kalk\u0131nma Program\u0131 aras\u0131ndaki mevcut i\u015fbirli\u011fi projelerini g\u00f6r\u00fc\u015ft\u00fc. Bakan Mahluf, af kararlar\u0131n\u0131n yerinden edilenlerin anavatanlar\u0131na d\u00f6nmelerine yard\u0131mc\u0131 oldu\u011funu, altyap\u0131, okul, hastane gibi hizmetlerin g\u00fcvence alt\u0131na &hellip;<\/p>\n","protected":false},"author":36,"featured_media":268244,"comment_status":"closed","ping_status":"closed","sticky":false,"template":"","format":"standard","meta":{"footnotes":""},"categories":[479,17988,478],"tags":[],"class_list":["post-268242","post","type-post","status-publish","format-standard","has-post-thumbnail","","category-haberler-yerel","category-son-haberler","category-yerel"],"_links":{"self":[{"href":"https:\/\/archive.sana.sy\/tr\/index.php?rest_route=\/wp\/v2\/posts\/268242","targetHints":{"allow":["GET"]}}],"collection":[{"href":"https:\/\/archive.sana.sy\/tr\/index.php?rest_route=\/wp\/v2\/posts"}],"about":[{"href":"https:\/\/archive.sana.sy\/tr\/index.php?rest_route=\/wp\/v2\/types\/post"}],"author":[{"embeddable":true,"href":"https:\/\/archive.sana.sy\/tr\/index.php?rest_route=\/wp\/v2\/users\/36"}],"replies":[{"embeddable":true,"href":"https:\/\/archive.sana.sy\/tr\/index.php?rest_route=%2Fwp%2Fv2%2Fcomments&post=268242"}],"version-history":[{"count":0,"href":"https:\/\/archive.sana.sy\/tr\/index.php?rest_route=\/wp\/v2\/posts\/268242\/revisions"}],"wp:featuredmedia":[{"embeddable":true,"href":"https:\/\/archive.sana.sy\/tr\/index.php?rest_route=\/wp\/v2\/media\/268244"}],"wp:attachment":[{"href":"https:\/\/archive.sana.sy\/tr\/index.php?rest_route=%2Fwp%2Fv2%2Fmedia&parent=268242"}],"wp:term":[{"taxonomy":"category","embeddable":true,"href":"https:\/\/archive.sana.sy\/tr\/index.php?rest_route=%2Fwp%2Fv2%2Fcategories&post=268242"},{"taxonomy":"post_tag","embeddable":true,"href":"https:\/\/archive.sana.sy\/tr\/index.php?rest_route=%2Fwp%2Fv2%2Ftags&post=268242"}],"curies":[{"name":"wp","href":"https:\/\/api.w.org\/{rel}","templated":true}]}}