{"id":268250,"date":"2022-12-01T23:13:17","date_gmt":"2022-12-01T21:13:17","guid":{"rendered":"http:\/\/107.6.182.27\/tr\/?p=268250"},"modified":"2022-12-02T12:27:22","modified_gmt":"2022-12-02T10:27:22","slug":"el-mikdad-el-ahmad-ile-gorusmesinde-suriye-filistin-halkini-desteklemeye-devam-edecek","status":"publish","type":"post","link":"https:\/\/archive.sana.sy\/tr\/?p=268250","title":{"rendered":"El Mikdad, El Ahmad ile g\u00f6r\u00fc\u015fmesinde: Suriye, Filistin Halk\u0131n\u0131 Desteklemeye Devam Edecek"},"content":{"rendered":"<p>\u015eAM \u2013 D\u0131\u015fi\u015fleri ve Gurbet\u00e7iler Bakan\u0131 Faysel El Mikdad, Suriye ve Filistin halk\u0131na y\u00f6nelik \u015fiddetli sald\u0131r\u0131n\u0131n, Arap haklar\u0131n\u0131 ve Suriye ve Filistin halklar\u0131n\u0131n kararl\u0131l\u0131\u011f\u0131n\u0131 tasfiye etmeyi ve Filistin halk\u0131n\u0131n geri d\u00f6nme ve ba\u011f\u0131ms\u0131z bir devlet in\u015fa etme hakk\u0131n\u0131 sona erdirmeyi ama\u00e7lad\u0131\u011f\u0131n\u0131 belirtti.<\/p>\n<p><img loading=\"lazy\" decoding=\"async\" class=\"size-medium wp-image-268251 alignright\" src=\"http:\/\/107.6.182.27\/tr\/wp-content\/uploads\/2022\/12\/1-1-300x123.jpg\" alt=\"\" width=\"300\" height=\"123\" srcset=\"https:\/\/archive.sana.sy\/tr\/wp-content\/uploads\/2022\/12\/1-1-300x123.jpg 300w, https:\/\/archive.sana.sy\/tr\/wp-content\/uploads\/2022\/12\/1-1-150x62.jpg 150w, https:\/\/archive.sana.sy\/tr\/wp-content\/uploads\/2022\/12\/1-1.jpg 660w\" sizes=\"auto, (max-width: 300px) 100vw, 300px\" \/>Filistin Kurtulu\u015f \u00d6rg\u00fct\u00fc Y\u00fcr\u00fctme Komitesi \u00fcyesi Azzam El Ahmad ve beraberindeki heyet ile yapt\u0131\u011f\u0131 g\u00f6r\u00fc\u015fmede Bakan Mikdad, \u201cFilistin sorunu, Filistin halk\u0131n\u0131, onlar\u0131n kesin ve devredilemez kendi kaderini tayin hakk\u0131n\u0131, ba\u015fkenti Kud\u00fcs olan kendi ulusal topraklar\u0131nda ba\u011f\u0131ms\u0131z devletlerini kurmas\u0131n\u0131 desteklemeye devam edecek olan Suriye&#8217;nin ana sorunu olmaya devam edecek\u201d dedi.<\/p>\n<p>El Mikdad ayn\u0131 zamanda i\u015fgalin Filistin topraklar\u0131nda durmayan yerle\u015fim planlar\u0131n\u0131, yerle\u015fimcilerin ve yerle\u015fimcilerin Bat\u0131l\u0131 \u00fclkelerden ald\u0131\u011f\u0131 deste\u011fi de k\u0131nad\u0131.<\/p>\n<p>El Ahmad ise Filistin davas\u0131n\u0131n i\u00e7inde bulundu\u011fu zor durum, Filistin halk\u0131n\u0131n \u0130srail katliamlar\u0131 kar\u015f\u0131s\u0131nda verdi\u011fi m\u00fccadele ve i\u015fgalcilerin a\u015f\u0131r\u0131 \u0131rk\u00e7\u0131 politikalar\u0131 hakk\u0131nda bir sunum yaparak, Suriye&#8217;nin, me\u015fru ve devredilemez haklar\u0131n\u0131 elde etmek i\u00e7in Filistin halk\u0131n\u0131n davas\u0131n\u0131 destekleyen sa\u011flam konumundan asla vazge\u00e7medi\u011fine i\u015faret etti.<\/p>\n<p>El Ahmad ayr\u0131ca Suriye&#8217;nin Filistin&#8217;in yan\u0131nda sars\u0131lmaz bir kale oldu\u011funu ve hala da \u00f6yle oldu\u011funu ve Filistin davas\u0131n\u0131n yan\u0131nda durman\u0131n a\u011f\u0131r bir bedel \u00f6dedi\u011fini belirtti.<\/p>\n<p><span style=\"color: #0000ff;\">#Telegram_Kanal\u0131m\u0131z: https:\/\/t.me\/SuriyeArapHaberAjans\u0131<\/span><\/p>\n","protected":false},"excerpt":{"rendered":"<p>\u015eAM \u2013 D\u0131\u015fi\u015fleri ve Gurbet\u00e7iler Bakan\u0131 Faysel El Mikdad, Suriye ve Filistin halk\u0131na y\u00f6nelik \u015fiddetli sald\u0131r\u0131n\u0131n, Arap haklar\u0131n\u0131 ve Suriye ve Filistin halklar\u0131n\u0131n kararl\u0131l\u0131\u011f\u0131n\u0131 tasfiye etmeyi ve Filistin halk\u0131n\u0131n geri d\u00f6nme ve ba\u011f\u0131ms\u0131z bir devlet in\u015fa etme hakk\u0131n\u0131 sona erdirmeyi ama\u00e7lad\u0131\u011f\u0131n\u0131 belirtti. Filistin Kurtulu\u015f \u00d6rg\u00fct\u00fc Y\u00fcr\u00fctme Komitesi \u00fcyesi Azzam El Ahmad ve beraberindeki heyet ile &hellip;<\/p>\n","protected":false},"author":36,"featured_media":268252,"comment_status":"closed","ping_status":"closed","sticky":false,"template":"","format":"standard","meta":{"footnotes":""},"categories":[479,17988,478],"tags":[],"class_list":["post-268250","post","type-post","status-publish","format-standard","has-post-thumbnail","","category-haberler-yerel","category-son-haberler","category-yerel"],"_links":{"self":[{"href":"https:\/\/archive.sana.sy\/tr\/index.php?rest_route=\/wp\/v2\/posts\/268250","targetHints":{"allow":["GET"]}}],"collection":[{"href":"https:\/\/archive.sana.sy\/tr\/index.php?rest_route=\/wp\/v2\/posts"}],"about":[{"href":"https:\/\/archive.sana.sy\/tr\/index.php?rest_route=\/wp\/v2\/types\/post"}],"author":[{"embeddable":true,"href":"https:\/\/archive.sana.sy\/tr\/index.php?rest_route=\/wp\/v2\/users\/36"}],"replies":[{"embeddable":true,"href":"https:\/\/archive.sana.sy\/tr\/index.php?rest_route=%2Fwp%2Fv2%2Fcomments&post=268250"}],"version-history":[{"count":0,"href":"https:\/\/archive.sana.sy\/tr\/index.php?rest_route=\/wp\/v2\/posts\/268250\/revisions"}],"wp:featuredmedia":[{"embeddable":true,"href":"https:\/\/archive.sana.sy\/tr\/index.php?rest_route=\/wp\/v2\/media\/268252"}],"wp:attachment":[{"href":"https:\/\/archive.sana.sy\/tr\/index.php?rest_route=%2Fwp%2Fv2%2Fmedia&parent=268250"}],"wp:term":[{"taxonomy":"category","embeddable":true,"href":"https:\/\/archive.sana.sy\/tr\/index.php?rest_route=%2Fwp%2Fv2%2Fcategories&post=268250"},{"taxonomy":"post_tag","embeddable":true,"href":"https:\/\/archive.sana.sy\/tr\/index.php?rest_route=%2Fwp%2Fv2%2Ftags&post=268250"}],"curies":[{"name":"wp","href":"https:\/\/api.w.org\/{rel}","templated":true}]}}