{"id":268254,"date":"2022-12-01T23:24:11","date_gmt":"2022-12-01T21:24:11","guid":{"rendered":"http:\/\/107.6.182.27\/tr\/?p=268254"},"modified":"2022-12-03T08:45:18","modified_gmt":"2022-12-03T06:45:18","slug":"suriye-abnin-kimyasal-silahlarla-ilgili-aciklamasini-elestirdi","status":"publish","type":"post","link":"https:\/\/archive.sana.sy\/tr\/?p=268254","title":{"rendered":"Suriye, AB&#8217;nin Kimyasal Silahlarla \u0130lgili A\u00e7\u0131klamas\u0131n\u0131 Ele\u015ftirdi"},"content":{"rendered":"<p>\u015eAM \u2013 D\u0131\u015fi\u015fleri ve Gurbet\u00e7iler Bakanl\u0131\u011f\u0131, Avrupa Birli\u011fi D\u0131\u015f \u0130li\u015fkiler ve G\u00fcvenlik Politikas\u0131 Y\u00fcksek Temsilcisi&#8217;nin kimyasal silahlarla ilgili yapt\u0131\u011f\u0131 a\u00e7\u0131klaman\u0131n uluslararas\u0131 toplumu yan\u0131ltma giri\u015fimi oldu\u011funu teyit ederek, Suriye&#8217;nin tarihinde bu t\u00fcr silahlar\u0131 kullanmad\u0131\u011f\u0131n\u0131 ve kullanmayaca\u011f\u0131n\u0131 yineledi.<\/p>\n<p>D\u0131\u015fi\u015fleri ve Gurbet\u00e7iler Bakanl\u0131ktan yap\u0131lan a\u00e7\u0131klamada, &#8220;Baz\u0131 Bat\u0131l\u0131 \u00fclkeler ve Avrupa Birli\u011fi temsilcileri, bu iki devletin imaj\u0131n\u0131 bozmak amac\u0131yla, Suriye ve Rusya gibi \u00fclkelerin kimyasal silah kulland\u0131\u011f\u0131 konusunda uluslararas\u0131 toplumu kand\u0131rmakta \u0131srar ediyor&#8221; dedi.<\/p>\n<p>Bakanl\u0131k, \u201cbu t\u00fcr silahlar Avrupa&#8217;da icat edilmi\u015f ve baz\u0131 Avrupa \u00fclkeleri ile ABD taraf\u0131ndan d\u00fcnyan\u0131n bir\u00e7ok yerinde kullan\u0131lm\u0131\u015ft\u0131r ve Avrupa Birli\u011fi temsilcileri bu silahlar ve genel olarak da n\u00fckleer silahlar\u0131n d\u00fcnyan\u0131n \u00e7e\u015fitli yerlerinde kullanmalar\u0131 ger\u00e7ekleri \u00e7arp\u0131tt\u0131klar\u0131n\u0131 ortaya koymaktad\u0131r\u201d dedi.<\/p>\n<p>D\u0131\u015fi\u015fleri Bakanl\u0131\u011f\u0131 \u201cSuriye, tarihinde bu t\u00fcr silahlar\u0131 kullanmad\u0131\u011f\u0131n\u0131 ve kullanmayaca\u011f\u0131n\u0131 ve Suriye&#8217;de bunlar\u0131 kullananlar\u0131n ter\u00f6rist gruplar ve Bat\u0131l\u0131 istihbarat te\u015fkilatlar\u0131 oldu\u011funu teyit ederek, bu silahlar\u0131 her yerde ve her zaman kullanmay\u0131 reddetti\u011fini de belirtti.<\/p>\n<p><span style=\"color: #0000ff;\">#Telegram_Kanal\u0131m\u0131z: https:\/\/t.me\/SuriyeArapHaberAjans\u0131<\/span><\/p>\n","protected":false},"excerpt":{"rendered":"<p>\u015eAM \u2013 D\u0131\u015fi\u015fleri ve Gurbet\u00e7iler Bakanl\u0131\u011f\u0131, Avrupa Birli\u011fi D\u0131\u015f \u0130li\u015fkiler ve G\u00fcvenlik Politikas\u0131 Y\u00fcksek Temsilcisi&#8217;nin kimyasal silahlarla ilgili yapt\u0131\u011f\u0131 a\u00e7\u0131klaman\u0131n uluslararas\u0131 toplumu yan\u0131ltma giri\u015fimi oldu\u011funu teyit ederek, Suriye&#8217;nin tarihinde bu t\u00fcr silahlar\u0131 kullanmad\u0131\u011f\u0131n\u0131 ve kullanmayaca\u011f\u0131n\u0131 yineledi. D\u0131\u015fi\u015fleri ve Gurbet\u00e7iler Bakanl\u0131ktan yap\u0131lan a\u00e7\u0131klamada, &#8220;Baz\u0131 Bat\u0131l\u0131 \u00fclkeler ve Avrupa Birli\u011fi temsilcileri, bu iki devletin imaj\u0131n\u0131 bozmak amac\u0131yla, &hellip;<\/p>\n","protected":false},"author":36,"featured_media":268255,"comment_status":"closed","ping_status":"closed","sticky":false,"template":"","format":"standard","meta":{"footnotes":""},"categories":[479,17988,478],"tags":[],"class_list":["post-268254","post","type-post","status-publish","format-standard","has-post-thumbnail","","category-haberler-yerel","category-son-haberler","category-yerel"],"_links":{"self":[{"href":"https:\/\/archive.sana.sy\/tr\/index.php?rest_route=\/wp\/v2\/posts\/268254","targetHints":{"allow":["GET"]}}],"collection":[{"href":"https:\/\/archive.sana.sy\/tr\/index.php?rest_route=\/wp\/v2\/posts"}],"about":[{"href":"https:\/\/archive.sana.sy\/tr\/index.php?rest_route=\/wp\/v2\/types\/post"}],"author":[{"embeddable":true,"href":"https:\/\/archive.sana.sy\/tr\/index.php?rest_route=\/wp\/v2\/users\/36"}],"replies":[{"embeddable":true,"href":"https:\/\/archive.sana.sy\/tr\/index.php?rest_route=%2Fwp%2Fv2%2Fcomments&post=268254"}],"version-history":[{"count":0,"href":"https:\/\/archive.sana.sy\/tr\/index.php?rest_route=\/wp\/v2\/posts\/268254\/revisions"}],"wp:featuredmedia":[{"embeddable":true,"href":"https:\/\/archive.sana.sy\/tr\/index.php?rest_route=\/wp\/v2\/media\/268255"}],"wp:attachment":[{"href":"https:\/\/archive.sana.sy\/tr\/index.php?rest_route=%2Fwp%2Fv2%2Fmedia&parent=268254"}],"wp:term":[{"taxonomy":"category","embeddable":true,"href":"https:\/\/archive.sana.sy\/tr\/index.php?rest_route=%2Fwp%2Fv2%2Fcategories&post=268254"},{"taxonomy":"post_tag","embeddable":true,"href":"https:\/\/archive.sana.sy\/tr\/index.php?rest_route=%2Fwp%2Fv2%2Ftags&post=268254"}],"curies":[{"name":"wp","href":"https:\/\/api.w.org\/{rel}","templated":true}]}}