{"id":268257,"date":"2022-12-01T16:32:11","date_gmt":"2022-12-01T14:32:11","guid":{"rendered":"http:\/\/107.6.182.27\/tr\/?p=268257"},"modified":"2022-12-04T07:10:01","modified_gmt":"2022-12-04T05:10:01","slug":"katna-ve-sayyar-suriye-ile-bahreyn-arasindaki-tarimsal-isbirliginin-gelistirilmesini-gorustu","status":"publish","type":"post","link":"https:\/\/archive.sana.sy\/tr\/?p=268257","title":{"rendered":"Katna ve Sayyar, Suriye ile Bahreyn Aras\u0131ndaki Tar\u0131msal \u0130\u015fbirli\u011finin Geli\u015ftirilmesini G\u00f6r\u00fc\u015ft\u00fc"},"content":{"rendered":"<p>\u015eAM \u2013 Tar\u0131m ve Tar\u0131m Reformu Bakan\u0131 M\u00fch. Muhammed Hassan Katana, Bahreyn Krall\u0131\u011f\u0131&#8217;n\u0131n Suriye B\u00fcy\u00fckel\u00e7isi Vahid Mubarak Sayyar ile iki \u00fclke aras\u0131ndaki tar\u0131msal i\u015fbirli\u011finin geli\u015ftirilmesini g\u00f6r\u00fc\u015ft\u00fc.<\/p>\n<p>Bakanl\u0131k binas\u0131nda ger\u00e7ekle\u015fen g\u00f6r\u00fc\u015fmede Bakan Katna, Suriye ile Bahreyn aras\u0131nda tar\u0131m \u00fcr\u00fcnleri ticareti alan\u0131nda ili\u015fkilerin g\u00fc\u00e7lendirilmesi, tar\u0131msal ara\u015ft\u0131rmalar ve modern teknolojiler alan\u0131nda iki \u00fclkenin deneyimlerinden yararlan\u0131lmas\u0131 gerekti\u011fini vurgulad\u0131.<\/p>\n<p><img loading=\"lazy\" decoding=\"async\" class=\"size-medium wp-image-268259 alignright\" src=\"http:\/\/107.6.182.27\/tr\/wp-content\/uploads\/2022\/12\/4-1-300x168.jpg\" alt=\"\" width=\"300\" height=\"168\" srcset=\"https:\/\/archive.sana.sy\/tr\/wp-content\/uploads\/2022\/12\/4-1-300x168.jpg 300w, https:\/\/archive.sana.sy\/tr\/wp-content\/uploads\/2022\/12\/4-1-150x84.jpg 150w, https:\/\/archive.sana.sy\/tr\/wp-content\/uploads\/2022\/12\/4-1.jpg 660w\" sizes=\"auto, (max-width: 300px) 100vw, 300px\" \/>Katana, \u00f6zellikle ormanlar, rezervler, orman ve verimli a\u011fa\u00e7land\u0131rma ve \u015fehir i\u00e7i bah\u00e7eler alan\u0131nda imzalanan anla\u015fmalar\u0131n y\u00fcr\u00fctme program\u0131n\u0131n her iki \u00fclkenin \u00e7\u0131karlar\u0131na hizmet edecek \u015fekilde geli\u015ftirilmesinin \u00f6nemine i\u015faret etti.<\/p>\n<p>Bakan, Suriye&#8217;nin baz\u0131 tar\u0131m \u00fcr\u00fcnlerini ve \u0130vesi koyunlar\u0131n\u0131 ihra\u00e7 etme iste\u011fine i\u015faret etti.<\/p>\n<p>B\u00fcy\u00fckel\u00e7i Sayyar da iki \u00fclke aras\u0131ndaki i\u015fbirli\u011fini her alanda geli\u015ftirmenin \u00f6nemine i\u015faret ederek, yak\u0131nda d\u00fczenlenecek Uluslararas\u0131 Bahreyn Bah\u00e7e Fuar\u0131\u2019na Suriyeli \u00fcreticileri de kat\u0131lmaya \u00e7a\u011f\u0131rd\u0131.<\/p>\n<p><span style=\"color: #0000ff;\">#Telegram_Kanal\u0131m\u0131z: https:\/\/t.me\/SuriyeArapHaberAjans\u0131<\/span><\/p>\n","protected":false},"excerpt":{"rendered":"<p>\u015eAM \u2013 Tar\u0131m ve Tar\u0131m Reformu Bakan\u0131 M\u00fch. Muhammed Hassan Katana, Bahreyn Krall\u0131\u011f\u0131&#8217;n\u0131n Suriye B\u00fcy\u00fckel\u00e7isi Vahid Mubarak Sayyar ile iki \u00fclke aras\u0131ndaki tar\u0131msal i\u015fbirli\u011finin geli\u015ftirilmesini g\u00f6r\u00fc\u015ft\u00fc. Bakanl\u0131k binas\u0131nda ger\u00e7ekle\u015fen g\u00f6r\u00fc\u015fmede Bakan Katna, Suriye ile Bahreyn aras\u0131nda tar\u0131m \u00fcr\u00fcnleri ticareti alan\u0131nda ili\u015fkilerin g\u00fc\u00e7lendirilmesi, tar\u0131msal ara\u015ft\u0131rmalar ve modern teknolojiler alan\u0131nda iki \u00fclkenin deneyimlerinden yararlan\u0131lmas\u0131 gerekti\u011fini vurgulad\u0131. Katana, &hellip;<\/p>\n","protected":false},"author":36,"featured_media":268258,"comment_status":"closed","ping_status":"closed","sticky":false,"template":"","format":"standard","meta":{"footnotes":""},"categories":[479,17988,478],"tags":[],"class_list":["post-268257","post","type-post","status-publish","format-standard","has-post-thumbnail","","category-haberler-yerel","category-son-haberler","category-yerel"],"_links":{"self":[{"href":"https:\/\/archive.sana.sy\/tr\/index.php?rest_route=\/wp\/v2\/posts\/268257","targetHints":{"allow":["GET"]}}],"collection":[{"href":"https:\/\/archive.sana.sy\/tr\/index.php?rest_route=\/wp\/v2\/posts"}],"about":[{"href":"https:\/\/archive.sana.sy\/tr\/index.php?rest_route=\/wp\/v2\/types\/post"}],"author":[{"embeddable":true,"href":"https:\/\/archive.sana.sy\/tr\/index.php?rest_route=\/wp\/v2\/users\/36"}],"replies":[{"embeddable":true,"href":"https:\/\/archive.sana.sy\/tr\/index.php?rest_route=%2Fwp%2Fv2%2Fcomments&post=268257"}],"version-history":[{"count":0,"href":"https:\/\/archive.sana.sy\/tr\/index.php?rest_route=\/wp\/v2\/posts\/268257\/revisions"}],"wp:featuredmedia":[{"embeddable":true,"href":"https:\/\/archive.sana.sy\/tr\/index.php?rest_route=\/wp\/v2\/media\/268258"}],"wp:attachment":[{"href":"https:\/\/archive.sana.sy\/tr\/index.php?rest_route=%2Fwp%2Fv2%2Fmedia&parent=268257"}],"wp:term":[{"taxonomy":"category","embeddable":true,"href":"https:\/\/archive.sana.sy\/tr\/index.php?rest_route=%2Fwp%2Fv2%2Fcategories&post=268257"},{"taxonomy":"post_tag","embeddable":true,"href":"https:\/\/archive.sana.sy\/tr\/index.php?rest_route=%2Fwp%2Fv2%2Ftags&post=268257"}],"curies":[{"name":"wp","href":"https:\/\/api.w.org\/{rel}","templated":true}]}}