{"id":268281,"date":"2022-12-02T20:29:34","date_gmt":"2022-12-02T18:29:34","guid":{"rendered":"http:\/\/107.6.182.27\/tr\/?p=268281"},"modified":"2022-12-04T07:08:54","modified_gmt":"2022-12-04T05:08:54","slug":"derada-aracina-duzenlenen-saldirida-taybe-belediye-baskani-sehit-dustu","status":"publish","type":"post","link":"https:\/\/archive.sana.sy\/tr\/?p=268281","title":{"rendered":"Dera&#8217;da Arac\u0131na D\u00fczenlenen Sald\u0131r\u0131da Taybe Belediye Ba\u015fkan\u0131 \u015eehit D\u00fc\u015ft\u00fc"},"content":{"rendered":"<p>DERA \u2013 Dera k\u0131rsal\u0131n\u0131n g\u00fcneydo\u011fundaki El Taybe beldesi yak\u0131nlar\u0131nda ter\u00f6ristlerin araca ate\u015f a\u00e7mas\u0131 sonucu biri muhtar olan iki vatanda\u015f hayat\u0131n\u0131 kaybetti.<\/p>\n<p>El Taybe beldesinden yerel bir kaynak SANA muhabirine yapt\u0131\u011f\u0131 a\u00e7\u0131klamada, \u201cter\u00f6ristler, Dera&#8217;n\u0131n do\u011fusundaki El Taybe beldesi yak\u0131nlar\u0131nda bir araca ate\u015f a\u00e7arak beldenin belediye ba\u015fkan\u0131 Muhammed Abdul Rahman El Ho\u015fan ve refakat\u00e7ilerinden birini an\u0131nda \u00f6ld\u00fcrd\u00fc\u201d dedi.<\/p>\n<p><a class=\"x1i10hfl xjbqb8w x6umtig x1b1mbwd xaqea5y xav7gou x9f619 x1ypdohk xt0psk2 xe8uvvx xdj266r x11i5rnm xat24cr x1mh8g0r xexx8yu x4uap5 x18d9i69 xkhd6sd x16tdsg8 x1hl2dhg xggy1nq x1a2a7pz xt0b8zv x1qq9wsj xo1l8bm\" tabindex=\"0\" role=\"link\" href=\"https:\/\/www.facebook.com\/hashtag\/telegram_kanal%C4%B1m%C4%B1z?__eep__=6&amp;__cft__[0]=AZWbGEG4krkmlR37HQdeRa_tm56Wm_RC0u1zo5iXDu5xV6XEJRwbLQFJC38G1tcWgZeX0p8zTSUd3uyeehoD7OhBF5QQI7DXPOTG-RSKBT0GYfKLZkWmnLBfVHBHy5SYz_aGgCq4tF1FyKaM3Ll7_puD3CQxRM61XsCjwkxuytTi1E9ZGHfz4-ZPSvnOSYFQ0KU&amp;__tn__=*NK-R\">#Telegram_Kanal\u0131m\u0131z<\/a>:\u00a0<a class=\"x1i10hfl xjbqb8w x6umtig x1b1mbwd xaqea5y xav7gou x9f619 x1ypdohk xt0psk2 xe8uvvx xdj266r x11i5rnm xat24cr x1mh8g0r xexx8yu x4uap5 x18d9i69 xkhd6sd x16tdsg8 x1hl2dhg xggy1nq x1a2a7pz xt0b8zv x1fey0fg\" tabindex=\"0\" role=\"link\" href=\"https:\/\/t.me\/SuriyeArapHaberAjans%C4%B1?fbclid=IwAR1mjgJbN7oiCUhCmbkxYbE3Yf-NwYxepsBh4WXMfHRx1gYI0RRefa-kvPs\" target=\"_blank\" rel=\"nofollow noopener\">https:\/\/t.me\/SuriyeArapHaberAjans\u0131<\/a><\/p>\n","protected":false},"excerpt":{"rendered":"<p>DERA \u2013 Dera k\u0131rsal\u0131n\u0131n g\u00fcneydo\u011fundaki El Taybe beldesi yak\u0131nlar\u0131nda ter\u00f6ristlerin araca ate\u015f a\u00e7mas\u0131 sonucu biri muhtar olan iki vatanda\u015f hayat\u0131n\u0131 kaybetti. El Taybe beldesinden yerel bir kaynak SANA muhabirine yapt\u0131\u011f\u0131 a\u00e7\u0131klamada, \u201cter\u00f6ristler, Dera&#8217;n\u0131n do\u011fusundaki El Taybe beldesi yak\u0131nlar\u0131nda bir araca ate\u015f a\u00e7arak beldenin belediye ba\u015fkan\u0131 Muhammed Abdul Rahman El Ho\u015fan ve refakat\u00e7ilerinden birini an\u0131nda \u00f6ld\u00fcrd\u00fc\u201d &hellip;<\/p>\n","protected":false},"author":36,"featured_media":268282,"comment_status":"closed","ping_status":"closed","sticky":false,"template":"","format":"standard","meta":{"footnotes":""},"categories":[479,575,17988,478],"tags":[],"class_list":["post-268281","post","type-post","status-publish","format-standard","has-post-thumbnail","","category-haberler-yerel","category-olaylar-ve-gercekler","category-son-haberler","category-yerel"],"_links":{"self":[{"href":"https:\/\/archive.sana.sy\/tr\/index.php?rest_route=\/wp\/v2\/posts\/268281","targetHints":{"allow":["GET"]}}],"collection":[{"href":"https:\/\/archive.sana.sy\/tr\/index.php?rest_route=\/wp\/v2\/posts"}],"about":[{"href":"https:\/\/archive.sana.sy\/tr\/index.php?rest_route=\/wp\/v2\/types\/post"}],"author":[{"embeddable":true,"href":"https:\/\/archive.sana.sy\/tr\/index.php?rest_route=\/wp\/v2\/users\/36"}],"replies":[{"embeddable":true,"href":"https:\/\/archive.sana.sy\/tr\/index.php?rest_route=%2Fwp%2Fv2%2Fcomments&post=268281"}],"version-history":[{"count":0,"href":"https:\/\/archive.sana.sy\/tr\/index.php?rest_route=\/wp\/v2\/posts\/268281\/revisions"}],"wp:featuredmedia":[{"embeddable":true,"href":"https:\/\/archive.sana.sy\/tr\/index.php?rest_route=\/wp\/v2\/media\/268282"}],"wp:attachment":[{"href":"https:\/\/archive.sana.sy\/tr\/index.php?rest_route=%2Fwp%2Fv2%2Fmedia&parent=268281"}],"wp:term":[{"taxonomy":"category","embeddable":true,"href":"https:\/\/archive.sana.sy\/tr\/index.php?rest_route=%2Fwp%2Fv2%2Fcategories&post=268281"},{"taxonomy":"post_tag","embeddable":true,"href":"https:\/\/archive.sana.sy\/tr\/index.php?rest_route=%2Fwp%2Fv2%2Ftags&post=268281"}],"curies":[{"name":"wp","href":"https:\/\/api.w.org\/{rel}","templated":true}]}}