{"id":268284,"date":"2022-12-03T08:43:12","date_gmt":"2022-12-03T06:43:12","guid":{"rendered":"http:\/\/107.6.182.27\/tr\/?p=268284"},"modified":"2022-12-04T07:09:02","modified_gmt":"2022-12-04T05:09:02","slug":"bae-buyukelciligi-birlik-gununun-51-yildonumunde-resepsiyon-duzenledi","status":"publish","type":"post","link":"https:\/\/archive.sana.sy\/tr\/?p=268284","title":{"rendered":"BAE B\u00fcy\u00fckel\u00e7ili\u011fi, Birlik G\u00fcn\u00fc&#8217;n\u00fcn 51. Y\u0131ld\u00f6n\u00fcm\u00fcnde Resepsiyon D\u00fczenledi"},"content":{"rendered":"<p>\u015eAM \u2013 Birle\u015fik Arap Emirlikleri&#8217;nin \u015eam B\u00fcy\u00fckel\u00e7ili\u011fi, BAE&#8217;nin Birlik G\u00fcn\u00fc\u2019n\u00fcn 51. y\u0131l d\u00f6n\u00fcm\u00fc m\u00fcnasebetiyle bu ak\u015fam Dar El Esad K\u00fclt\u00fcr ve Sanat merkezinde bir resepsiyon d\u00fczenledi.<\/p>\n<p><img loading=\"lazy\" decoding=\"async\" class=\"size-medium wp-image-268286 alignright\" src=\"http:\/\/107.6.182.27\/tr\/wp-content\/uploads\/2022\/12\/3-3-300x205.jpg\" alt=\"\" width=\"300\" height=\"205\" srcset=\"https:\/\/archive.sana.sy\/tr\/wp-content\/uploads\/2022\/12\/3-3-300x205.jpg 300w, https:\/\/archive.sana.sy\/tr\/wp-content\/uploads\/2022\/12\/3-3-150x103.jpg 150w, https:\/\/archive.sana.sy\/tr\/wp-content\/uploads\/2022\/12\/3-3-110x75.jpg 110w, https:\/\/archive.sana.sy\/tr\/wp-content\/uploads\/2022\/12\/3-3.jpg 660w\" sizes=\"auto, (max-width: 300px) 100vw, 300px\" \/>BAE&#8217;nin \u015eam B\u00fcy\u00fckel\u00e7ili\u011fi Maslahatg\u00fczar\u0131 M\u00fcste\u015far Abdul Hakim \u0130brahim El Nuaimi t\u00f6rende yapt\u0131\u011f\u0131 konu\u015fmada, Suriye ile BAE ve halklar\u0131n\u0131 birbirine ba\u011flayan karde\u015flik ili\u015fkilerinin \u00f6nemini ve g\u00fcc\u00fcn\u00fc vurgularken, tarih boyunca onlarca medeniyet kuran Suriye halk\u0131n\u0131n bu \u00e7ileden g\u00fc\u00e7lenerek \u00e7\u0131kaca\u011f\u0131na ve medeniyetlerin be\u015fi\u011fi Suriye&#8217;ye yak\u0131\u015f\u0131r yeni bir ileri medeniyet kuraca\u011f\u0131na olan inanc\u0131n\u0131 dile getirdi.<\/p>\n<p>K\u00fclt\u00fcr Bakan\u0131 Dr. Lubana Mu\u015favvah t\u00f6rende yapt\u0131\u011f\u0131 konu\u015fmada, iki \u00fclke aras\u0131nda k\u00f6kl\u00fc tarihe dayanan sayg\u0131 ve kar\u015f\u0131l\u0131kl\u0131 takdire dayal\u0131 karde\u015flik ili\u015fkilerine dikkat \u00e7ekti.<\/p>\n<p><img loading=\"lazy\" decoding=\"async\" class=\"size-medium wp-image-268285 alignright\" src=\"http:\/\/107.6.182.27\/tr\/wp-content\/uploads\/2022\/12\/4-2-300x199.jpg\" alt=\"\" width=\"300\" height=\"199\" srcset=\"https:\/\/archive.sana.sy\/tr\/wp-content\/uploads\/2022\/12\/4-2-300x199.jpg 300w, https:\/\/archive.sana.sy\/tr\/wp-content\/uploads\/2022\/12\/4-2-150x99.jpg 150w, https:\/\/archive.sana.sy\/tr\/wp-content\/uploads\/2022\/12\/4-2-310x205.jpg 310w, https:\/\/archive.sana.sy\/tr\/wp-content\/uploads\/2022\/12\/4-2.jpg 660w\" sizes=\"auto, (max-width: 300px) 100vw, 300px\" \/>Bakan Mu\u015favvah, Suriye ile BAE aras\u0131ndaki k\u00fclt\u00fcrel i\u015fbirli\u011finin ve \u00e7e\u015fitli alanlarda deneyim al\u0131\u015fveri\u015finin \u00f6nemine i\u015faret etti.<\/p>\n<p>Cumhurba\u015fkanl\u0131\u011f\u0131 \u00d6zel Dan\u0131\u015fman\u0131 Dr. Buseyna \u015eaaban SANA muhabirine yapt\u0131\u011f\u0131 a\u00e7\u0131klamada, Suriye-BAE ili\u015fkilerinin tarih boyunca belirgin oldu\u011funu belirtirken, bu ili\u015fkilerin, Arap ulusunun \u00e7\u0131kar\u0131na olan ortak Arap eylemi i\u00e7in bir g\u00fc\u00e7 olu\u015fturmas\u0131 y\u00f6n\u00fcndeki umudunu dile getirdi.<\/p>\n<p><a class=\"x1i10hfl xjbqb8w x6umtig x1b1mbwd xaqea5y xav7gou x9f619 x1ypdohk xt0psk2 xe8uvvx xdj266r x11i5rnm xat24cr x1mh8g0r xexx8yu x4uap5 x18d9i69 xkhd6sd x16tdsg8 x1hl2dhg xggy1nq x1a2a7pz xt0b8zv x1qq9wsj xo1l8bm\" tabindex=\"0\" role=\"link\" href=\"https:\/\/www.facebook.com\/hashtag\/telegram_kanal%C4%B1m%C4%B1z?__eep__=6&amp;__cft__[0]=AZWbGEG4krkmlR37HQdeRa_tm56Wm_RC0u1zo5iXDu5xV6XEJRwbLQFJC38G1tcWgZeX0p8zTSUd3uyeehoD7OhBF5QQI7DXPOTG-RSKBT0GYfKLZkWmnLBfVHBHy5SYz_aGgCq4tF1FyKaM3Ll7_puD3CQxRM61XsCjwkxuytTi1E9ZGHfz4-ZPSvnOSYFQ0KU&amp;__tn__=*NK-R\">#Telegram_Kanal\u0131m\u0131z<\/a>:\u00a0<a class=\"x1i10hfl xjbqb8w x6umtig x1b1mbwd xaqea5y xav7gou x9f619 x1ypdohk xt0psk2 xe8uvvx xdj266r x11i5rnm xat24cr x1mh8g0r xexx8yu x4uap5 x18d9i69 xkhd6sd x16tdsg8 x1hl2dhg xggy1nq x1a2a7pz xt0b8zv x1fey0fg\" tabindex=\"0\" role=\"link\" href=\"https:\/\/t.me\/SuriyeArapHaberAjans%C4%B1?fbclid=IwAR1mjgJbN7oiCUhCmbkxYbE3Yf-NwYxepsBh4WXMfHRx1gYI0RRefa-kvPs\" target=\"_blank\" rel=\"nofollow noopener\">https:\/\/t.me\/SuriyeArapHaberAjans\u0131<\/a><\/p>\n<div id='gallery-1' class='gallery galleryid-268284 gallery-columns-1 gallery-size-full'><figure class='gallery-item'>\n\t\t\t<div class='gallery-icon landscape'>\n\t\t\t\t<a href='https:\/\/archive.sana.sy\/tr\/wp-content\/uploads\/2022\/12\/5-3.jpg'><img loading=\"lazy\" decoding=\"async\" width=\"660\" height=\"495\" src=\"https:\/\/archive.sana.sy\/tr\/wp-content\/uploads\/2022\/12\/5-3.jpg\" class=\"attachment-full size-full\" alt=\"\" srcset=\"https:\/\/archive.sana.sy\/tr\/wp-content\/uploads\/2022\/12\/5-3.jpg 660w, https:\/\/archive.sana.sy\/tr\/wp-content\/uploads\/2022\/12\/5-3-300x225.jpg 300w, https:\/\/archive.sana.sy\/tr\/wp-content\/uploads\/2022\/12\/5-3-150x113.jpg 150w\" sizes=\"auto, (max-width: 660px) 100vw, 660px\" \/><\/a>\n\t\t\t<\/div><\/figure><figure class='gallery-item'>\n\t\t\t<div class='gallery-icon landscape'>\n\t\t\t\t<a href='https:\/\/archive.sana.sy\/tr\/wp-content\/uploads\/2022\/12\/DSC_6196.jpg'><img loading=\"lazy\" decoding=\"async\" width=\"660\" height=\"425\" src=\"https:\/\/archive.sana.sy\/tr\/wp-content\/uploads\/2022\/12\/DSC_6196.jpg\" class=\"attachment-full size-full\" alt=\"\" srcset=\"https:\/\/archive.sana.sy\/tr\/wp-content\/uploads\/2022\/12\/DSC_6196.jpg 660w, https:\/\/archive.sana.sy\/tr\/wp-content\/uploads\/2022\/12\/DSC_6196-300x193.jpg 300w, https:\/\/archive.sana.sy\/tr\/wp-content\/uploads\/2022\/12\/DSC_6196-150x97.jpg 150w\" sizes=\"auto, (max-width: 660px) 100vw, 660px\" \/><\/a>\n\t\t\t<\/div><\/figure><figure class='gallery-item'>\n\t\t\t<div class='gallery-icon landscape'>\n\t\t\t\t<a href='https:\/\/archive.sana.sy\/tr\/wp-content\/uploads\/2022\/12\/DSC_6307.jpg'><img loading=\"lazy\" decoding=\"async\" width=\"660\" height=\"437\" src=\"https:\/\/archive.sana.sy\/tr\/wp-content\/uploads\/2022\/12\/DSC_6307.jpg\" class=\"attachment-full size-full\" alt=\"\" srcset=\"https:\/\/archive.sana.sy\/tr\/wp-content\/uploads\/2022\/12\/DSC_6307.jpg 660w, https:\/\/archive.sana.sy\/tr\/wp-content\/uploads\/2022\/12\/DSC_6307-300x199.jpg 300w, https:\/\/archive.sana.sy\/tr\/wp-content\/uploads\/2022\/12\/DSC_6307-150x99.jpg 150w, https:\/\/archive.sana.sy\/tr\/wp-content\/uploads\/2022\/12\/DSC_6307-310x205.jpg 310w\" sizes=\"auto, (max-width: 660px) 100vw, 660px\" \/><\/a>\n\t\t\t<\/div><\/figure><figure class='gallery-item'>\n\t\t\t<div class='gallery-icon landscape'>\n\t\t\t\t<a href='https:\/\/archive.sana.sy\/tr\/wp-content\/uploads\/2022\/12\/DSC_6314.jpg'><img loading=\"lazy\" decoding=\"async\" width=\"660\" height=\"394\" src=\"https:\/\/archive.sana.sy\/tr\/wp-content\/uploads\/2022\/12\/DSC_6314.jpg\" class=\"attachment-full size-full\" alt=\"\" srcset=\"https:\/\/archive.sana.sy\/tr\/wp-content\/uploads\/2022\/12\/DSC_6314.jpg 660w, https:\/\/archive.sana.sy\/tr\/wp-content\/uploads\/2022\/12\/DSC_6314-300x179.jpg 300w, https:\/\/archive.sana.sy\/tr\/wp-content\/uploads\/2022\/12\/DSC_6314-150x90.jpg 150w\" sizes=\"auto, (max-width: 660px) 100vw, 660px\" \/><\/a>\n\t\t\t<\/div><\/figure>\n\t\t<\/div>\n\n","protected":false},"excerpt":{"rendered":"<p>\u015eAM \u2013 Birle\u015fik Arap Emirlikleri&#8217;nin \u015eam B\u00fcy\u00fckel\u00e7ili\u011fi, BAE&#8217;nin Birlik G\u00fcn\u00fc\u2019n\u00fcn 51. y\u0131l d\u00f6n\u00fcm\u00fc m\u00fcnasebetiyle bu ak\u015fam Dar El Esad K\u00fclt\u00fcr ve Sanat merkezinde bir resepsiyon d\u00fczenledi. BAE&#8217;nin \u015eam B\u00fcy\u00fckel\u00e7ili\u011fi Maslahatg\u00fczar\u0131 M\u00fcste\u015far Abdul Hakim \u0130brahim El Nuaimi t\u00f6rende yapt\u0131\u011f\u0131 konu\u015fmada, Suriye ile BAE ve halklar\u0131n\u0131 birbirine ba\u011flayan karde\u015flik ili\u015fkilerinin \u00f6nemini ve g\u00fcc\u00fcn\u00fc vurgularken, tarih boyunca onlarca &hellip;<\/p>\n","protected":false},"author":36,"featured_media":268292,"comment_status":"closed","ping_status":"closed","sticky":false,"template":"","format":"standard","meta":{"footnotes":""},"categories":[596,479,17988,478],"tags":[],"class_list":["post-268284","post","type-post","status-publish","format-standard","has-post-thumbnail","","category-fotografli-raporlar","category-haberler-yerel","category-son-haberler","category-yerel"],"_links":{"self":[{"href":"https:\/\/archive.sana.sy\/tr\/index.php?rest_route=\/wp\/v2\/posts\/268284","targetHints":{"allow":["GET"]}}],"collection":[{"href":"https:\/\/archive.sana.sy\/tr\/index.php?rest_route=\/wp\/v2\/posts"}],"about":[{"href":"https:\/\/archive.sana.sy\/tr\/index.php?rest_route=\/wp\/v2\/types\/post"}],"author":[{"embeddable":true,"href":"https:\/\/archive.sana.sy\/tr\/index.php?rest_route=\/wp\/v2\/users\/36"}],"replies":[{"embeddable":true,"href":"https:\/\/archive.sana.sy\/tr\/index.php?rest_route=%2Fwp%2Fv2%2Fcomments&post=268284"}],"version-history":[{"count":0,"href":"https:\/\/archive.sana.sy\/tr\/index.php?rest_route=\/wp\/v2\/posts\/268284\/revisions"}],"wp:featuredmedia":[{"embeddable":true,"href":"https:\/\/archive.sana.sy\/tr\/index.php?rest_route=\/wp\/v2\/media\/268292"}],"wp:attachment":[{"href":"https:\/\/archive.sana.sy\/tr\/index.php?rest_route=%2Fwp%2Fv2%2Fmedia&parent=268284"}],"wp:term":[{"taxonomy":"category","embeddable":true,"href":"https:\/\/archive.sana.sy\/tr\/index.php?rest_route=%2Fwp%2Fv2%2Fcategories&post=268284"},{"taxonomy":"post_tag","embeddable":true,"href":"https:\/\/archive.sana.sy\/tr\/index.php?rest_route=%2Fwp%2Fv2%2Ftags&post=268284"}],"curies":[{"name":"wp","href":"https:\/\/api.w.org\/{rel}","templated":true}]}}