{"id":268315,"date":"2022-12-03T10:06:42","date_gmt":"2022-12-03T08:06:42","guid":{"rendered":"http:\/\/107.6.182.27\/tr\/?p=268315"},"modified":"2022-12-04T07:09:16","modified_gmt":"2022-12-04T05:09:16","slug":"ohrik-suriyedeki-amerikan-askeri-varliginin-hicbir-mesruiyeti-yoktur","status":"publish","type":"post","link":"https:\/\/archive.sana.sy\/tr\/?p=268315","title":{"rendered":"Ohrik: Suriye&#8217;deki Amerikan Askeri Varl\u0131\u011f\u0131n\u0131n Hi\u00e7bir Me\u015fruiyeti Yoktur"},"content":{"rendered":"<p>PRAG \u2013 Avrupa Parlamentosu&#8217;nun Slovakya \u00fcyesi ve Cumhuriyet Partisi ba\u015fkan\u0131 Milan Ohrik, Suriye&#8217;deki Amerikan askeri varl\u0131\u011f\u0131n\u0131n me\u015fruiyetten yoksun oldu\u011funu belirtirken, ABD g\u00fc\u00e7lerinin, topraklar\u0131nda \u00fcsler bulundurarak Suriye egemenli\u011fini ihlal etmekle yetinmedi\u011fini, bunun yerine ayr\u0131l\u0131k\u00e7\u0131 milisleri destekledi\u011fini ve petrol ve do\u011fal kaynaklar\u0131 \u00e7ald\u0131\u011f\u0131n\u0131 vurgulad\u0131.<\/p>\n<p>Ohrik, Br\u00fcksel&#8217;deki Suriye b\u00fcy\u00fckel\u00e7ili\u011fini ziyaretinin ard\u0131ndan: &#8220;b\u00fct\u00fcn bu sald\u0131rgan uygulamalara ra\u011fmen Bat\u0131 medyas\u0131 bunlara g\u00f6z yumuyor ve sessiz kal\u0131yor&#8221; diyerek, Suriye&#8217;nin, esas olarak sivil n\u00fcfusu etkileyen Amerikan i\u015fgali ve Bat\u0131&#8217;n\u0131n zorlay\u0131c\u0131 yapt\u0131r\u0131mlar\u0131yla kar\u015f\u0131 kar\u015f\u0131ya oldu\u011funa i\u015faret etti.<\/p>\n<p>Ohrik, Suriye temsilcileriyle g\u00f6r\u00fc\u015fmekten duydu\u011fu mutlulu\u011fu dile getirerek, kendisinin ve partisinin, tek yanl\u0131l\u0131ktan ve hegemonyadan uzak, farkl\u0131 halklar ve \u00fclkeler aras\u0131nda diyalog ve bar\u0131\u015ftan her zaman yana olduklar\u0131n\u0131 belirtti.<\/p>\n<p><a class=\"x1i10hfl xjbqb8w x6umtig x1b1mbwd xaqea5y xav7gou x9f619 x1ypdohk xt0psk2 xe8uvvx xdj266r x11i5rnm xat24cr x1mh8g0r xexx8yu x4uap5 x18d9i69 xkhd6sd x16tdsg8 x1hl2dhg xggy1nq x1a2a7pz xt0b8zv x1qq9wsj xo1l8bm\" tabindex=\"0\" role=\"link\" href=\"https:\/\/www.facebook.com\/hashtag\/telegram_kanal%C4%B1m%C4%B1z?__eep__=6&amp;__cft__[0]=AZWbGEG4krkmlR37HQdeRa_tm56Wm_RC0u1zo5iXDu5xV6XEJRwbLQFJC38G1tcWgZeX0p8zTSUd3uyeehoD7OhBF5QQI7DXPOTG-RSKBT0GYfKLZkWmnLBfVHBHy5SYz_aGgCq4tF1FyKaM3Ll7_puD3CQxRM61XsCjwkxuytTi1E9ZGHfz4-ZPSvnOSYFQ0KU&amp;__tn__=*NK-R\">#Telegram_Kanal\u0131m\u0131z<\/a>:\u00a0<a class=\"x1i10hfl xjbqb8w x6umtig x1b1mbwd xaqea5y xav7gou x9f619 x1ypdohk xt0psk2 xe8uvvx xdj266r x11i5rnm xat24cr x1mh8g0r xexx8yu x4uap5 x18d9i69 xkhd6sd x16tdsg8 x1hl2dhg xggy1nq x1a2a7pz xt0b8zv x1fey0fg\" tabindex=\"0\" role=\"link\" href=\"https:\/\/t.me\/SuriyeArapHaberAjans%C4%B1?fbclid=IwAR1mjgJbN7oiCUhCmbkxYbE3Yf-NwYxepsBh4WXMfHRx1gYI0RRefa-kvPs\" target=\"_blank\" rel=\"nofollow noopener\">https:\/\/t.me\/SuriyeArapHaberAjans\u0131<\/a><\/p>\n","protected":false},"excerpt":{"rendered":"<p>PRAG \u2013 Avrupa Parlamentosu&#8217;nun Slovakya \u00fcyesi ve Cumhuriyet Partisi ba\u015fkan\u0131 Milan Ohrik, Suriye&#8217;deki Amerikan askeri varl\u0131\u011f\u0131n\u0131n me\u015fruiyetten yoksun oldu\u011funu belirtirken, ABD g\u00fc\u00e7lerinin, topraklar\u0131nda \u00fcsler bulundurarak Suriye egemenli\u011fini ihlal etmekle yetinmedi\u011fini, bunun yerine ayr\u0131l\u0131k\u00e7\u0131 milisleri destekledi\u011fini ve petrol ve do\u011fal kaynaklar\u0131 \u00e7ald\u0131\u011f\u0131n\u0131 vurgulad\u0131. Ohrik, Br\u00fcksel&#8217;deki Suriye b\u00fcy\u00fckel\u00e7ili\u011fini ziyaretinin ard\u0131ndan: &#8220;b\u00fct\u00fcn bu sald\u0131rgan uygulamalara ra\u011fmen Bat\u0131 medyas\u0131 &hellip;<\/p>\n","protected":false},"author":36,"featured_media":268316,"comment_status":"closed","ping_status":"closed","sticky":false,"template":"","format":"standard","meta":{"footnotes":""},"categories":[458,459,17988],"tags":[],"class_list":["post-268315","post","type-post","status-publish","format-standard","has-post-thumbnail","","category-dunya1","category-haberler-arap-uluslararasi-politika","category-son-haberler"],"_links":{"self":[{"href":"https:\/\/archive.sana.sy\/tr\/index.php?rest_route=\/wp\/v2\/posts\/268315","targetHints":{"allow":["GET"]}}],"collection":[{"href":"https:\/\/archive.sana.sy\/tr\/index.php?rest_route=\/wp\/v2\/posts"}],"about":[{"href":"https:\/\/archive.sana.sy\/tr\/index.php?rest_route=\/wp\/v2\/types\/post"}],"author":[{"embeddable":true,"href":"https:\/\/archive.sana.sy\/tr\/index.php?rest_route=\/wp\/v2\/users\/36"}],"replies":[{"embeddable":true,"href":"https:\/\/archive.sana.sy\/tr\/index.php?rest_route=%2Fwp%2Fv2%2Fcomments&post=268315"}],"version-history":[{"count":0,"href":"https:\/\/archive.sana.sy\/tr\/index.php?rest_route=\/wp\/v2\/posts\/268315\/revisions"}],"wp:featuredmedia":[{"embeddable":true,"href":"https:\/\/archive.sana.sy\/tr\/index.php?rest_route=\/wp\/v2\/media\/268316"}],"wp:attachment":[{"href":"https:\/\/archive.sana.sy\/tr\/index.php?rest_route=%2Fwp%2Fv2%2Fmedia&parent=268315"}],"wp:term":[{"taxonomy":"category","embeddable":true,"href":"https:\/\/archive.sana.sy\/tr\/index.php?rest_route=%2Fwp%2Fv2%2Fcategories&post=268315"},{"taxonomy":"post_tag","embeddable":true,"href":"https:\/\/archive.sana.sy\/tr\/index.php?rest_route=%2Fwp%2Fv2%2Ftags&post=268315"}],"curies":[{"name":"wp","href":"https:\/\/api.w.org\/{rel}","templated":true}]}}