{"id":268319,"date":"2022-12-03T09:09:34","date_gmt":"2022-12-03T07:09:34","guid":{"rendered":"http:\/\/107.6.182.27\/tr\/?p=268319"},"modified":"2022-12-04T07:09:09","modified_gmt":"2022-12-04T05:09:09","slug":"donetsk-ukraynadaki-bombali-saldirida-5-sivil-oldu","status":"publish","type":"post","link":"https:\/\/archive.sana.sy\/tr\/?p=268319","title":{"rendered":"Donetsk: Ukrayna&#8217;daki Bombal\u0131 Sald\u0131r\u0131da 5 Sivil \u00d6ld\u00fc"},"content":{"rendered":"<p>DONETSK \u2013 Donetsk Halk Cumhuriyeti B\u00f6lgesel Savunma Komutanl\u0131\u011f\u0131 bug\u00fcn, Ukrayna g\u00fc\u00e7lerinin son 24 saat i\u00e7inde Cumhuriyet topraklar\u0131n\u0131 bombalamas\u0131 sonucunda be\u015f sivilin \u00f6ld\u00fcr\u00fcld\u00fc\u011f\u00fcn\u00fc ilan etti.<\/p>\n<p>RUSYA BUG\u00dcN internet sitesi, Komutanl\u0131\u011f\u0131n bug\u00fcn yapt\u0131\u011f\u0131 a\u00e7\u0131klamada: &#8220;Ukrayna g\u00fc\u00e7leri taraf\u0131ndan son saatlerde Donetsk&#8217;teki yerle\u015fim yerlerinin bombalanmas\u0131, be\u015f sivilin \u00f6l\u00fcm\u00fcne ve 14 ki\u015finin yaralanmas\u0131na neden oldu&#8221; dedi.<\/p>\n<p><a class=\"x1i10hfl xjbqb8w x6umtig x1b1mbwd xaqea5y xav7gou x9f619 x1ypdohk xt0psk2 xe8uvvx xdj266r x11i5rnm xat24cr x1mh8g0r xexx8yu x4uap5 x18d9i69 xkhd6sd x16tdsg8 x1hl2dhg xggy1nq x1a2a7pz xt0b8zv x1qq9wsj xo1l8bm\" tabindex=\"0\" role=\"link\" href=\"https:\/\/www.facebook.com\/hashtag\/telegram_kanal%C4%B1m%C4%B1z?__eep__=6&amp;__cft__[0]=AZWbGEG4krkmlR37HQdeRa_tm56Wm_RC0u1zo5iXDu5xV6XEJRwbLQFJC38G1tcWgZeX0p8zTSUd3uyeehoD7OhBF5QQI7DXPOTG-RSKBT0GYfKLZkWmnLBfVHBHy5SYz_aGgCq4tF1FyKaM3Ll7_puD3CQxRM61XsCjwkxuytTi1E9ZGHfz4-ZPSvnOSYFQ0KU&amp;__tn__=*NK-R\">#Telegram_Kanal\u0131m\u0131z<\/a>:\u00a0<a class=\"x1i10hfl xjbqb8w x6umtig x1b1mbwd xaqea5y xav7gou x9f619 x1ypdohk xt0psk2 xe8uvvx xdj266r x11i5rnm xat24cr x1mh8g0r xexx8yu x4uap5 x18d9i69 xkhd6sd x16tdsg8 x1hl2dhg xggy1nq x1a2a7pz xt0b8zv x1fey0fg\" tabindex=\"0\" role=\"link\" href=\"https:\/\/t.me\/SuriyeArapHaberAjans%C4%B1?fbclid=IwAR1mjgJbN7oiCUhCmbkxYbE3Yf-NwYxepsBh4WXMfHRx1gYI0RRefa-kvPs\" target=\"_blank\" rel=\"nofollow noopener\">https:\/\/t.me\/SuriyeArapHaberAjans\u0131<\/a><\/p>\n","protected":false},"excerpt":{"rendered":"<p>DONETSK \u2013 Donetsk Halk Cumhuriyeti B\u00f6lgesel Savunma Komutanl\u0131\u011f\u0131 bug\u00fcn, Ukrayna g\u00fc\u00e7lerinin son 24 saat i\u00e7inde Cumhuriyet topraklar\u0131n\u0131 bombalamas\u0131 sonucunda be\u015f sivilin \u00f6ld\u00fcr\u00fcld\u00fc\u011f\u00fcn\u00fc ilan etti. RUSYA BUG\u00dcN internet sitesi, Komutanl\u0131\u011f\u0131n bug\u00fcn yapt\u0131\u011f\u0131 a\u00e7\u0131klamada: &#8220;Ukrayna g\u00fc\u00e7leri taraf\u0131ndan son saatlerde Donetsk&#8217;teki yerle\u015fim yerlerinin bombalanmas\u0131, be\u015f sivilin \u00f6l\u00fcm\u00fcne ve 14 ki\u015finin yaralanmas\u0131na neden oldu&#8221; dedi. #Telegram_Kanal\u0131m\u0131z:\u00a0https:\/\/t.me\/SuriyeArapHaberAjans\u0131<\/p>\n","protected":false},"author":36,"featured_media":268320,"comment_status":"closed","ping_status":"closed","sticky":false,"template":"","format":"standard","meta":{"footnotes":""},"categories":[458,459,17988],"tags":[],"class_list":["post-268319","post","type-post","status-publish","format-standard","has-post-thumbnail","","category-dunya1","category-haberler-arap-uluslararasi-politika","category-son-haberler"],"_links":{"self":[{"href":"https:\/\/archive.sana.sy\/tr\/index.php?rest_route=\/wp\/v2\/posts\/268319","targetHints":{"allow":["GET"]}}],"collection":[{"href":"https:\/\/archive.sana.sy\/tr\/index.php?rest_route=\/wp\/v2\/posts"}],"about":[{"href":"https:\/\/archive.sana.sy\/tr\/index.php?rest_route=\/wp\/v2\/types\/post"}],"author":[{"embeddable":true,"href":"https:\/\/archive.sana.sy\/tr\/index.php?rest_route=\/wp\/v2\/users\/36"}],"replies":[{"embeddable":true,"href":"https:\/\/archive.sana.sy\/tr\/index.php?rest_route=%2Fwp%2Fv2%2Fcomments&post=268319"}],"version-history":[{"count":0,"href":"https:\/\/archive.sana.sy\/tr\/index.php?rest_route=\/wp\/v2\/posts\/268319\/revisions"}],"wp:featuredmedia":[{"embeddable":true,"href":"https:\/\/archive.sana.sy\/tr\/index.php?rest_route=\/wp\/v2\/media\/268320"}],"wp:attachment":[{"href":"https:\/\/archive.sana.sy\/tr\/index.php?rest_route=%2Fwp%2Fv2%2Fmedia&parent=268319"}],"wp:term":[{"taxonomy":"category","embeddable":true,"href":"https:\/\/archive.sana.sy\/tr\/index.php?rest_route=%2Fwp%2Fv2%2Fcategories&post=268319"},{"taxonomy":"post_tag","embeddable":true,"href":"https:\/\/archive.sana.sy\/tr\/index.php?rest_route=%2Fwp%2Fv2%2Ftags&post=268319"}],"curies":[{"name":"wp","href":"https:\/\/api.w.org\/{rel}","templated":true}]}}