{"id":268322,"date":"2022-12-03T09:10:16","date_gmt":"2022-12-03T07:10:16","guid":{"rendered":"http:\/\/107.6.182.27\/tr\/?p=268322"},"modified":"2022-12-04T07:09:12","modified_gmt":"2022-12-04T05:09:12","slug":"pekin-avrupa-amerikanin-suriye-afganistan-ve-irakta-biraktigi-kaosun-izlerini-silmeye-devam-ediyor","status":"publish","type":"post","link":"https:\/\/archive.sana.sy\/tr\/?p=268322","title":{"rendered":"Pekin: Avrupa, Amerika&#8217;n\u0131n Suriye, Afganistan ve Irak&#8217;ta B\u0131rakt\u0131\u011f\u0131 Kaosun \u0130zlerini Silmeye Devam Ediyor"},"content":{"rendered":"<p>PEK\u0130N \u2013 \u00c7in, ABD&#8217;nin krizlerin bedelini m\u00fcttefiki Avrupa&#8217;ya \u00f6detti\u011fini ve Avrupa&#8217;n\u0131n bug\u00fcn bile Amerika&#8217;n\u0131n Suriye, Afganistan ve Irak&#8217;ta geride b\u0131rakt\u0131\u011f\u0131 kaosun izlerini silmeye \u00e7al\u0131\u015ft\u0131\u011f\u0131n\u0131 belirtti.<\/p>\n<p>\u00c7in D\u0131\u015fi\u015fleri Bakanl\u0131\u011f\u0131 s\u00f6zc\u00fcs\u00fc Zhao Lijian&#8217;\u0131n bir bas\u0131n toplant\u0131s\u0131nda yapt\u0131\u011f\u0131 a\u00e7\u0131klamada: &#8220;ABD&#8217;nin \u00e7\u0131karlar\u0131na hizmet etmek i\u00e7in tasarlanan iki ABD yasas\u0131, ABD&#8217;nin m\u00fcttefikleri ve ortaklar\u0131 olarak adland\u0131rd\u0131\u011f\u0131 \u00fclkeler de dahil olmak \u00fczere di\u011fer \u00fclkeleri hi\u00e7e say\u0131yor&#8221; dedi.<\/p>\n<p>Zhao, \u201cABD Avrupa&#8217;y\u0131 \u00f6nemli bir m\u00fcttefik olarak tan\u0131ml\u0131yor ama asl\u0131nda Amerika krizlerin bedelini Avrupa&#8217;ya \u00f6detiyor\u201d diyerek, ABD, Ukrayna krizinden yararlan\u0131rken, Avrupa&#8217;n\u0131n y\u00fcksek enflasyon ve y\u00fcksek enerji fiyatlar\u0131ndan b\u00fcy\u00fck zarar g\u00f6rd\u00fc\u011f\u00fcne dikkat \u00e7ekti.<\/p>\n<p>Zhao, Avrupa, ABD&#8217;nin Suriye, Afganistan ve Irak&#8217;ta b\u0131rakt\u0131\u011f\u0131 kaosun izlerini silmeye devam ediyor&#8221; dedi.<\/p>\n<p><a class=\"x1i10hfl xjbqb8w x6umtig x1b1mbwd xaqea5y xav7gou x9f619 x1ypdohk xt0psk2 xe8uvvx xdj266r x11i5rnm xat24cr x1mh8g0r xexx8yu x4uap5 x18d9i69 xkhd6sd x16tdsg8 x1hl2dhg xggy1nq x1a2a7pz xt0b8zv x1qq9wsj xo1l8bm\" tabindex=\"0\" role=\"link\" href=\"https:\/\/www.facebook.com\/hashtag\/telegram_kanal%C4%B1m%C4%B1z?__eep__=6&amp;__cft__[0]=AZWbGEG4krkmlR37HQdeRa_tm56Wm_RC0u1zo5iXDu5xV6XEJRwbLQFJC38G1tcWgZeX0p8zTSUd3uyeehoD7OhBF5QQI7DXPOTG-RSKBT0GYfKLZkWmnLBfVHBHy5SYz_aGgCq4tF1FyKaM3Ll7_puD3CQxRM61XsCjwkxuytTi1E9ZGHfz4-ZPSvnOSYFQ0KU&amp;__tn__=*NK-R\">#Telegram_Kanal\u0131m\u0131z<\/a>:\u00a0<a class=\"x1i10hfl xjbqb8w x6umtig x1b1mbwd xaqea5y xav7gou x9f619 x1ypdohk xt0psk2 xe8uvvx xdj266r x11i5rnm xat24cr x1mh8g0r xexx8yu x4uap5 x18d9i69 xkhd6sd x16tdsg8 x1hl2dhg xggy1nq x1a2a7pz xt0b8zv x1fey0fg\" tabindex=\"0\" role=\"link\" href=\"https:\/\/t.me\/SuriyeArapHaberAjans%C4%B1?fbclid=IwAR1mjgJbN7oiCUhCmbkxYbE3Yf-NwYxepsBh4WXMfHRx1gYI0RRefa-kvPs\" target=\"_blank\" rel=\"nofollow noopener\">https:\/\/t.me\/SuriyeArapHaberAjans\u0131<\/a><\/p>\n","protected":false},"excerpt":{"rendered":"<p>PEK\u0130N \u2013 \u00c7in, ABD&#8217;nin krizlerin bedelini m\u00fcttefiki Avrupa&#8217;ya \u00f6detti\u011fini ve Avrupa&#8217;n\u0131n bug\u00fcn bile Amerika&#8217;n\u0131n Suriye, Afganistan ve Irak&#8217;ta geride b\u0131rakt\u0131\u011f\u0131 kaosun izlerini silmeye \u00e7al\u0131\u015ft\u0131\u011f\u0131n\u0131 belirtti. \u00c7in D\u0131\u015fi\u015fleri Bakanl\u0131\u011f\u0131 s\u00f6zc\u00fcs\u00fc Zhao Lijian&#8217;\u0131n bir bas\u0131n toplant\u0131s\u0131nda yapt\u0131\u011f\u0131 a\u00e7\u0131klamada: &#8220;ABD&#8217;nin \u00e7\u0131karlar\u0131na hizmet etmek i\u00e7in tasarlanan iki ABD yasas\u0131, ABD&#8217;nin m\u00fcttefikleri ve ortaklar\u0131 olarak adland\u0131rd\u0131\u011f\u0131 \u00fclkeler de dahil olmak &hellip;<\/p>\n","protected":false},"author":36,"featured_media":268323,"comment_status":"closed","ping_status":"closed","sticky":false,"template":"","format":"standard","meta":{"footnotes":""},"categories":[458,459,17988],"tags":[],"class_list":["post-268322","post","type-post","status-publish","format-standard","has-post-thumbnail","","category-dunya1","category-haberler-arap-uluslararasi-politika","category-son-haberler"],"_links":{"self":[{"href":"https:\/\/archive.sana.sy\/tr\/index.php?rest_route=\/wp\/v2\/posts\/268322","targetHints":{"allow":["GET"]}}],"collection":[{"href":"https:\/\/archive.sana.sy\/tr\/index.php?rest_route=\/wp\/v2\/posts"}],"about":[{"href":"https:\/\/archive.sana.sy\/tr\/index.php?rest_route=\/wp\/v2\/types\/post"}],"author":[{"embeddable":true,"href":"https:\/\/archive.sana.sy\/tr\/index.php?rest_route=\/wp\/v2\/users\/36"}],"replies":[{"embeddable":true,"href":"https:\/\/archive.sana.sy\/tr\/index.php?rest_route=%2Fwp%2Fv2%2Fcomments&post=268322"}],"version-history":[{"count":0,"href":"https:\/\/archive.sana.sy\/tr\/index.php?rest_route=\/wp\/v2\/posts\/268322\/revisions"}],"wp:featuredmedia":[{"embeddable":true,"href":"https:\/\/archive.sana.sy\/tr\/index.php?rest_route=\/wp\/v2\/media\/268323"}],"wp:attachment":[{"href":"https:\/\/archive.sana.sy\/tr\/index.php?rest_route=%2Fwp%2Fv2%2Fmedia&parent=268322"}],"wp:term":[{"taxonomy":"category","embeddable":true,"href":"https:\/\/archive.sana.sy\/tr\/index.php?rest_route=%2Fwp%2Fv2%2Fcategories&post=268322"},{"taxonomy":"post_tag","embeddable":true,"href":"https:\/\/archive.sana.sy\/tr\/index.php?rest_route=%2Fwp%2Fv2%2Ftags&post=268322"}],"curies":[{"name":"wp","href":"https:\/\/api.w.org\/{rel}","templated":true}]}}