{"id":268329,"date":"2022-12-03T13:58:49","date_gmt":"2022-12-03T11:58:49","guid":{"rendered":"http:\/\/107.6.182.27\/tr\/?p=268329"},"modified":"2022-12-03T14:02:02","modified_gmt":"2022-12-03T12:02:02","slug":"cin-disisleri-bakanligi-abd-muttefiki-avrupaya-krizlerin-bedelini-odetiyor","status":"publish","type":"post","link":"https:\/\/archive.sana.sy\/tr\/?p=268329","title":{"rendered":"\u00c7in D\u0131\u015fi\u015fleri Bakanl\u0131\u011f\u0131: ABD, M\u00fcttefiki Avrupa&#8217;ya Krizlerin Bedelini \u00d6detiyor"},"content":{"rendered":"<p>PEK\u0130N &#8211; \u00c7in, ABD&#8217;nin Avrupal\u0131 \u200b\u200bm\u00fcttefikine krizlerin bedelini \u00f6detti\u011fini vurgulad\u0131.<\/p>\n<p>Xinhua, \u00c7in D\u0131\u015fi\u015fleri Bakanl\u0131\u011f\u0131 s\u00f6zc\u00fcs\u00fc Zhao Lijian&#8217;\u0131n d\u00fcn d\u00fczenledi\u011fi bas\u0131n toplant\u0131s\u0131nda Fransa Cumhurba\u015fkan\u0131 Emmanuel Macron&#8217;a y\u00f6nelik ele\u015ftiriler hakk\u0131nda yapt\u0131\u011f\u0131 yorumda: \u2018\u2019 Amerikan \u00e7\u0131karlar\u0131na hizmet etmek i\u00e7in tasarlanm\u0131\u015f iki Amerikan yasas\u0131, di\u011fer \u00fclkeleri, hatta ABD&#8217;nin m\u00fcttefikleri ve ortaklar\u0131 dedi\u011fi \u00fclkeleri bile dikkate alm\u0131yor.\u2019\u2019ifadelerini aktard\u0131.<\/p>\n<p>Zhao ayr\u0131ca, Amerika Birle\u015fik Devletleri Avrupa&#8217;y\u0131 \u00f6nemli bir m\u00fcttefik olarak tan\u0131ml\u0131yor, ancak ger\u00e7ekte Amerika Avrupa&#8217;ya krizlerin bedelini \u00f6detti\u011fini belirterek, ABD, Ukrayna krizinden yararlan\u0131rken, Avrupa&#8217;n\u0131n y\u00fcksek enflasyon ve y\u00fcksek enerji fiyatlar\u0131ndan b\u00fcy\u00fck zarar g\u00f6rd\u00fc\u011f\u00fcne dikkat \u00e7ekti.<\/p>\n<p>Zhao, Amerika\u2019n\u0131n, geride b\u0131rakt\u0131\u011f\u0131 krizlere Avrupa&#8217;y\u0131 dahil etmeye bug\u00fcn de devam etti\u011fini de s\u00f6zlerine ekledi.<\/p>\n<p><a class=\"x1i10hfl xjbqb8w x6umtig x1b1mbwd xaqea5y xav7gou x9f619 x1ypdohk xt0psk2 xe8uvvx xdj266r x11i5rnm xat24cr x1mh8g0r xexx8yu x4uap5 x18d9i69 xkhd6sd x16tdsg8 x1hl2dhg xggy1nq x1a2a7pz xt0b8zv x1qq9wsj xo1l8bm\" tabindex=\"0\" role=\"link\" href=\"https:\/\/www.facebook.com\/hashtag\/telegram_kanal%C4%B1m%C4%B1z?__eep__=6&amp;__cft__[0]=AZWbGEG4krkmlR37HQdeRa_tm56Wm_RC0u1zo5iXDu5xV6XEJRwbLQFJC38G1tcWgZeX0p8zTSUd3uyeehoD7OhBF5QQI7DXPOTG-RSKBT0GYfKLZkWmnLBfVHBHy5SYz_aGgCq4tF1FyKaM3Ll7_puD3CQxRM61XsCjwkxuytTi1E9ZGHfz4-ZPSvnOSYFQ0KU&amp;__tn__=*NK-R\">#Telegram_Kanal\u0131m\u0131z<\/a>:\u00a0<a class=\"x1i10hfl xjbqb8w x6umtig x1b1mbwd xaqea5y xav7gou x9f619 x1ypdohk xt0psk2 xe8uvvx xdj266r x11i5rnm xat24cr x1mh8g0r xexx8yu x4uap5 x18d9i69 xkhd6sd x16tdsg8 x1hl2dhg xggy1nq x1a2a7pz xt0b8zv x1fey0fg\" tabindex=\"0\" role=\"link\" href=\"https:\/\/t.me\/SuriyeArapHaberAjans%C4%B1?fbclid=IwAR1mjgJbN7oiCUhCmbkxYbE3Yf-NwYxepsBh4WXMfHRx1gYI0RRefa-kvPs\" target=\"_blank\" rel=\"nofollow noopener\">https:\/\/t.me\/SuriyeArapHaberAjans\u0131<\/a><\/p>\n","protected":false},"excerpt":{"rendered":"<p>PEK\u0130N &#8211; \u00c7in, ABD&#8217;nin Avrupal\u0131 \u200b\u200bm\u00fcttefikine krizlerin bedelini \u00f6detti\u011fini vurgulad\u0131. Xinhua, \u00c7in D\u0131\u015fi\u015fleri Bakanl\u0131\u011f\u0131 s\u00f6zc\u00fcs\u00fc Zhao Lijian&#8217;\u0131n d\u00fcn d\u00fczenledi\u011fi bas\u0131n toplant\u0131s\u0131nda Fransa Cumhurba\u015fkan\u0131 Emmanuel Macron&#8217;a y\u00f6nelik ele\u015ftiriler hakk\u0131nda yapt\u0131\u011f\u0131 yorumda: \u2018\u2019 Amerikan \u00e7\u0131karlar\u0131na hizmet etmek i\u00e7in tasarlanm\u0131\u015f iki Amerikan yasas\u0131, di\u011fer \u00fclkeleri, hatta ABD&#8217;nin m\u00fcttefikleri ve ortaklar\u0131 dedi\u011fi \u00fclkeleri bile dikkate alm\u0131yor.\u2019\u2019ifadelerini aktard\u0131. Zhao ayr\u0131ca, &hellip;<\/p>\n","protected":false},"author":41,"featured_media":268330,"comment_status":"closed","ping_status":"closed","sticky":false,"template":"","format":"standard","meta":{"footnotes":""},"categories":[1],"tags":[],"class_list":["post-268329","post","type-post","status-publish","format-standard","has-post-thumbnail","","category-news-not-sorted"],"_links":{"self":[{"href":"https:\/\/archive.sana.sy\/tr\/index.php?rest_route=\/wp\/v2\/posts\/268329","targetHints":{"allow":["GET"]}}],"collection":[{"href":"https:\/\/archive.sana.sy\/tr\/index.php?rest_route=\/wp\/v2\/posts"}],"about":[{"href":"https:\/\/archive.sana.sy\/tr\/index.php?rest_route=\/wp\/v2\/types\/post"}],"author":[{"embeddable":true,"href":"https:\/\/archive.sana.sy\/tr\/index.php?rest_route=\/wp\/v2\/users\/41"}],"replies":[{"embeddable":true,"href":"https:\/\/archive.sana.sy\/tr\/index.php?rest_route=%2Fwp%2Fv2%2Fcomments&post=268329"}],"version-history":[{"count":0,"href":"https:\/\/archive.sana.sy\/tr\/index.php?rest_route=\/wp\/v2\/posts\/268329\/revisions"}],"wp:featuredmedia":[{"embeddable":true,"href":"https:\/\/archive.sana.sy\/tr\/index.php?rest_route=\/wp\/v2\/media\/268330"}],"wp:attachment":[{"href":"https:\/\/archive.sana.sy\/tr\/index.php?rest_route=%2Fwp%2Fv2%2Fmedia&parent=268329"}],"wp:term":[{"taxonomy":"category","embeddable":true,"href":"https:\/\/archive.sana.sy\/tr\/index.php?rest_route=%2Fwp%2Fv2%2Fcategories&post=268329"},{"taxonomy":"post_tag","embeddable":true,"href":"https:\/\/archive.sana.sy\/tr\/index.php?rest_route=%2Fwp%2Fv2%2Ftags&post=268329"}],"curies":[{"name":"wp","href":"https:\/\/api.w.org\/{rel}","templated":true}]}}