{"id":268332,"date":"2022-12-03T14:09:12","date_gmt":"2022-12-03T12:09:12","guid":{"rendered":"http:\/\/107.6.182.27\/tr\/?p=268332"},"modified":"2022-12-04T09:33:32","modified_gmt":"2022-12-04T07:33:32","slug":"isgalci-turkiye-rakkanin-kuzey-kirsalini-agir-toplarla-hedef-aliyor","status":"publish","type":"post","link":"https:\/\/archive.sana.sy\/tr\/?p=268332","title":{"rendered":"\u0130\u015fgalci T\u00fcrkiye, Rakka&#8217;n\u0131n Kuzey K\u0131rsal\u0131n\u0131 A\u011f\u0131r Toplarla Hedef Al\u0131yor"},"content":{"rendered":"<p>RAKKA \u2013 \u0130\u015fgalci T\u00fcrkiye g\u00fc\u00e7leri, Rakka&#8217;n\u0131n kuzey k\u0131rsal\u0131na ba\u011fl\u0131 Tel Abyad \u00e7evresindeki g\u00fcvenli b\u00f6lgelere y\u00f6nelik a\u011f\u0131r top\u00e7u sald\u0131r\u0131lar\u0131n\u0131 yeniledi.<\/p>\n<p>Yerel kaynaklar SANA muhabirine yapt\u0131\u011f\u0131 a\u00e7\u0131klamada, i\u015fgalci T\u00fcrkiye\u2019nin destekledi\u011fi ter\u00f6r \u00f6rg\u00fctlerinin, ge\u00e7ti\u011fimiz saatlerde Tel Abyad kentinin bat\u0131 k\u0131rsal\u0131na ba\u011fl\u0131 Sulaibi ve Bir El Arab k\u00f6ylerindeki yerle\u015fim yerlerini a\u011f\u0131r top at\u0131\u015flar\u0131yla hedef ald\u0131\u011f\u0131n\u0131 ve sald\u0131r\u0131lar\u0131n\u0131n\u00a0 baz\u0131 evlerde ve alt\u0131yap\u0131larda maddi hasara yol a\u00e7t\u0131\u011f\u0131n\u0131 belirtti.<\/p>\n<p><a class=\"x1i10hfl xjbqb8w x6umtig x1b1mbwd xaqea5y xav7gou x9f619 x1ypdohk xt0psk2 xe8uvvx xdj266r x11i5rnm xat24cr x1mh8g0r xexx8yu x4uap5 x18d9i69 xkhd6sd x16tdsg8 x1hl2dhg xggy1nq x1a2a7pz xt0b8zv x1qq9wsj xo1l8bm\" tabindex=\"0\" role=\"link\" href=\"https:\/\/www.facebook.com\/hashtag\/telegram_kanal%C4%B1m%C4%B1z?__eep__=6&amp;__cft__[0]=AZWbGEG4krkmlR37HQdeRa_tm56Wm_RC0u1zo5iXDu5xV6XEJRwbLQFJC38G1tcWgZeX0p8zTSUd3uyeehoD7OhBF5QQI7DXPOTG-RSKBT0GYfKLZkWmnLBfVHBHy5SYz_aGgCq4tF1FyKaM3Ll7_puD3CQxRM61XsCjwkxuytTi1E9ZGHfz4-ZPSvnOSYFQ0KU&amp;__tn__=*NK-R\">#Telegram_Kanal\u0131m\u0131z<\/a>:\u00a0<a class=\"x1i10hfl xjbqb8w x6umtig x1b1mbwd xaqea5y xav7gou x9f619 x1ypdohk xt0psk2 xe8uvvx xdj266r x11i5rnm xat24cr x1mh8g0r xexx8yu x4uap5 x18d9i69 xkhd6sd x16tdsg8 x1hl2dhg xggy1nq x1a2a7pz xt0b8zv x1fey0fg\" tabindex=\"0\" role=\"link\" href=\"https:\/\/t.me\/SuriyeArapHaberAjans%C4%B1?fbclid=IwAR1mjgJbN7oiCUhCmbkxYbE3Yf-NwYxepsBh4WXMfHRx1gYI0RRefa-kvPs\" target=\"_blank\" rel=\"nofollow noopener\">https:\/\/t.me\/SuriyeArapHaberAjans\u0131<\/a><\/p>\n<p>&nbsp;<\/p>\n","protected":false},"excerpt":{"rendered":"<p>RAKKA \u2013 \u0130\u015fgalci T\u00fcrkiye g\u00fc\u00e7leri, Rakka&#8217;n\u0131n kuzey k\u0131rsal\u0131na ba\u011fl\u0131 Tel Abyad \u00e7evresindeki g\u00fcvenli b\u00f6lgelere y\u00f6nelik a\u011f\u0131r top\u00e7u sald\u0131r\u0131lar\u0131n\u0131 yeniledi. Yerel kaynaklar SANA muhabirine yapt\u0131\u011f\u0131 a\u00e7\u0131klamada, i\u015fgalci T\u00fcrkiye\u2019nin destekledi\u011fi ter\u00f6r \u00f6rg\u00fctlerinin, ge\u00e7ti\u011fimiz saatlerde Tel Abyad kentinin bat\u0131 k\u0131rsal\u0131na ba\u011fl\u0131 Sulaibi ve Bir El Arab k\u00f6ylerindeki yerle\u015fim yerlerini a\u011f\u0131r top at\u0131\u015flar\u0131yla hedef ald\u0131\u011f\u0131n\u0131 ve sald\u0131r\u0131lar\u0131n\u0131n\u00a0 baz\u0131 evlerde &hellip;<\/p>\n","protected":false},"author":41,"featured_media":268333,"comment_status":"closed","ping_status":"closed","sticky":false,"template":"","format":"standard","meta":{"footnotes":""},"categories":[479,575,17988,2554,2555,478],"tags":[],"class_list":["post-268332","post","type-post","status-publish","format-standard","has-post-thumbnail","","category-haberler-yerel","category-olaylar-ve-gercekler","category-son-haberler","category-suriye-ve-dunya","category-suriye-ve-turkiye","category-yerel"],"_links":{"self":[{"href":"https:\/\/archive.sana.sy\/tr\/index.php?rest_route=\/wp\/v2\/posts\/268332","targetHints":{"allow":["GET"]}}],"collection":[{"href":"https:\/\/archive.sana.sy\/tr\/index.php?rest_route=\/wp\/v2\/posts"}],"about":[{"href":"https:\/\/archive.sana.sy\/tr\/index.php?rest_route=\/wp\/v2\/types\/post"}],"author":[{"embeddable":true,"href":"https:\/\/archive.sana.sy\/tr\/index.php?rest_route=\/wp\/v2\/users\/41"}],"replies":[{"embeddable":true,"href":"https:\/\/archive.sana.sy\/tr\/index.php?rest_route=%2Fwp%2Fv2%2Fcomments&post=268332"}],"version-history":[{"count":0,"href":"https:\/\/archive.sana.sy\/tr\/index.php?rest_route=\/wp\/v2\/posts\/268332\/revisions"}],"wp:featuredmedia":[{"embeddable":true,"href":"https:\/\/archive.sana.sy\/tr\/index.php?rest_route=\/wp\/v2\/media\/268333"}],"wp:attachment":[{"href":"https:\/\/archive.sana.sy\/tr\/index.php?rest_route=%2Fwp%2Fv2%2Fmedia&parent=268332"}],"wp:term":[{"taxonomy":"category","embeddable":true,"href":"https:\/\/archive.sana.sy\/tr\/index.php?rest_route=%2Fwp%2Fv2%2Fcategories&post=268332"},{"taxonomy":"post_tag","embeddable":true,"href":"https:\/\/archive.sana.sy\/tr\/index.php?rest_route=%2Fwp%2Fv2%2Ftags&post=268332"}],"curies":[{"name":"wp","href":"https:\/\/api.w.org\/{rel}","templated":true}]}}