{"id":268338,"date":"2022-12-03T14:53:01","date_gmt":"2022-12-03T12:53:01","guid":{"rendered":"http:\/\/107.6.182.27\/tr\/?p=268338"},"modified":"2022-12-05T07:35:07","modified_gmt":"2022-12-05T05:35:07","slug":"derada-guvenlik-kaynagi-isid-tarafindan-olduruldugu-aciklanan-kuresi-terorist-casimdeki-guvenlik-operasyonunda-oldurulen-abdulrahman-el-iraki-ile-aynidir","status":"publish","type":"post","link":"https:\/\/archive.sana.sy\/tr\/?p=268338","title":{"rendered":"Dera\u2019da G\u00fcvenlik Kayna\u011f\u0131: I\u015e\u0130D Taraf\u0131ndan \u00d6ld\u00fcr\u00fcld\u00fc\u011f\u00fc A\u00e7\u0131klanan Kure\u015fi Ter\u00f6rist,\u00a0 Casim&#8217;deki G\u00fcvenlik Operasyonunda \u00d6ld\u00fcr\u00fclen Abdulrahman El Iraki \u0130le Ayn\u0131d\u0131r"},"content":{"rendered":"<p>DERA &#8211; Dera&#8217;daki bir g\u00fcvenlik kayna\u011f\u0131, \u00f6rg\u00fct\u00fcn birka\u00e7 g\u00fcn \u00f6nce \u00f6ld\u00fc\u011f\u00fcn\u00fc duyurdu\u011fu &#8220;Ebu El Hasan El Ha\u015fimi El Kure\u015fi&#8221; adl\u0131 ter\u00f6r \u00f6rg\u00fct\u00fcn\u00fcn (I\u015e\u0130D) liderinin Abdurrahman El Iraki \u00a0ad\u0131yla bilinenle ayn\u0131 ki\u015fi oldu\u011funu vurgulad\u0131. Ter\u00f6rist, Suriye Arap Ordusu&#8217;nun bu y\u0131l\u0131n 15 Ekim&#8217;inde Dera&#8217;n\u0131n kuzey k\u0131rsal\u0131na ba\u011fl\u0131 Casim kentinde I\u015e\u0130D&#8217;e kar\u015f\u0131 yerel ve sivil gruplar\u0131n deste\u011fiyle d\u00fczenledi\u011fi g\u00fcvenlik operasyonu s\u0131ras\u0131nda etkisiz halet getirilmi\u015fti.<\/p>\n<p>G\u00fcvenlik kayna\u011f\u0131 SANA muhabirine verdi\u011fi demet\u00e7te, \u2018\u2019 Seyif Ba\u011fdat\u2019\u2019 ad\u0131yla bilinen \u2018\u2019Ebu El Hasan El Ha\u015fimi El Kure\u015fi\u2019\u2019 adl\u0131 ter\u00f6ristin, \u00a0I\u015e\u0130D \u00f6\u011frg\u00fct\u00fcn\u00fcn g\u00fcney b\u00f6lgedeki \u00a0\u2018\u2019 Genel Emiri\u2019\u2019 olarak say\u0131ld\u0131\u011f\u0131n\u0131 ve Dera k\u0131rsal\u0131ndaki Casim \u015fehrinin kuzey mahallesindeki karargah\u0131n\u0131 hedef ald\u0131ktan sonra grubunun t\u00fcm \u00fcyeleriyle birlikte \u00f6ld\u00fcr\u00fcld\u00fc\u011f\u00fcn\u00fc ve bu haberin o s\u0131rada Suriye medyas\u0131 arac\u0131l\u0131\u011f\u0131yla duyuruldu\u011funu a\u00e7\u0131klad\u0131.<\/p>\n<p>Kaynak, Irak uyruklu olan ter\u00f6rist El Kure\u015fi\u2019nin, \u00dcrd\u00fcn, Irak ve Suriye topraklar\u0131na n\u00fcfuzunun geni\u015fletilmesini organize etme ve denetleme operasyonlar\u0131n\u0131 y\u00f6neti\u011fini ve Dera Valili\u011fi&#8217;nin kuzey b\u00f6lgesinde y\u00fcr\u00fct\u00fclen suikast operasyonlar\u0131n\u0131n planlanmas\u0131ndan birinci derecede sorumlu oldu\u011funu kaydetti.<\/p>\n<p>Kaynak ayr\u0131ca, Ter\u00f6rist El Kure\u015fi, suikastlar\u0131 \u00f6rg\u00fct i\u00e7indeki bir grup lider arac\u0131l\u0131\u011f\u0131yla y\u00f6neti\u011fini ve burada g\u00fcvenlik g\u00fc\u00e7leri yerel gruplar\u0131n deste\u011fiyle Tafas kentinden ka\u00e7t\u0131ktan sonra \u00f6ld\u00fcr\u00fclen Ebu Sali El Iraki gibi \u00a0baz\u0131lar\u0131n\u0131 daha \u00f6nce \u00f6ld\u00fcrmay\u0131 \u00a0ba\u015fard\u0131\u011f\u0131n\u0131 ifade etti.<\/p>\n<p><a class=\"x1i10hfl xjbqb8w x6umtig x1b1mbwd xaqea5y xav7gou x9f619 x1ypdohk xt0psk2 xe8uvvx xdj266r x11i5rnm xat24cr x1mh8g0r xexx8yu x4uap5 x18d9i69 xkhd6sd x16tdsg8 x1hl2dhg xggy1nq x1a2a7pz xt0b8zv x1qq9wsj xo1l8bm\" tabindex=\"0\" role=\"link\" href=\"https:\/\/www.facebook.com\/hashtag\/telegram_kanal%C4%B1m%C4%B1z?__eep__=6&amp;__cft__[0]=AZWbGEG4krkmlR37HQdeRa_tm56Wm_RC0u1zo5iXDu5xV6XEJRwbLQFJC38G1tcWgZeX0p8zTSUd3uyeehoD7OhBF5QQI7DXPOTG-RSKBT0GYfKLZkWmnLBfVHBHy5SYz_aGgCq4tF1FyKaM3Ll7_puD3CQxRM61XsCjwkxuytTi1E9ZGHfz4-ZPSvnOSYFQ0KU&amp;__tn__=*NK-R\">#Telegram_Kanal\u0131m\u0131z<\/a>:\u00a0<a class=\"x1i10hfl xjbqb8w x6umtig x1b1mbwd xaqea5y xav7gou x9f619 x1ypdohk xt0psk2 xe8uvvx xdj266r x11i5rnm xat24cr x1mh8g0r xexx8yu x4uap5 x18d9i69 xkhd6sd x16tdsg8 x1hl2dhg xggy1nq x1a2a7pz xt0b8zv x1fey0fg\" tabindex=\"0\" role=\"link\" href=\"https:\/\/t.me\/SuriyeArapHaberAjans%C4%B1?fbclid=IwAR1mjgJbN7oiCUhCmbkxYbE3Yf-NwYxepsBh4WXMfHRx1gYI0RRefa-kvPs\" target=\"_blank\" rel=\"nofollow noopener\">https:\/\/t.me\/SuriyeArapHaberAjans\u0131<\/a><\/p>\n","protected":false},"excerpt":{"rendered":"<p>DERA &#8211; Dera&#8217;daki bir g\u00fcvenlik kayna\u011f\u0131, \u00f6rg\u00fct\u00fcn birka\u00e7 g\u00fcn \u00f6nce \u00f6ld\u00fc\u011f\u00fcn\u00fc duyurdu\u011fu &#8220;Ebu El Hasan El Ha\u015fimi El Kure\u015fi&#8221; adl\u0131 ter\u00f6r \u00f6rg\u00fct\u00fcn\u00fcn (I\u015e\u0130D) liderinin Abdurrahman El Iraki \u00a0ad\u0131yla bilinenle ayn\u0131 ki\u015fi oldu\u011funu vurgulad\u0131. Ter\u00f6rist, Suriye Arap Ordusu&#8217;nun bu y\u0131l\u0131n 15 Ekim&#8217;inde Dera&#8217;n\u0131n kuzey k\u0131rsal\u0131na ba\u011fl\u0131 Casim kentinde I\u015e\u0130D&#8217;e kar\u015f\u0131 yerel ve sivil gruplar\u0131n deste\u011fiyle d\u00fczenledi\u011fi &hellip;<\/p>\n","protected":false},"author":41,"featured_media":268339,"comment_status":"closed","ping_status":"closed","sticky":false,"template":"","format":"standard","meta":{"footnotes":""},"categories":[479,17988,478],"tags":[],"class_list":["post-268338","post","type-post","status-publish","format-standard","has-post-thumbnail","","category-haberler-yerel","category-son-haberler","category-yerel"],"_links":{"self":[{"href":"https:\/\/archive.sana.sy\/tr\/index.php?rest_route=\/wp\/v2\/posts\/268338","targetHints":{"allow":["GET"]}}],"collection":[{"href":"https:\/\/archive.sana.sy\/tr\/index.php?rest_route=\/wp\/v2\/posts"}],"about":[{"href":"https:\/\/archive.sana.sy\/tr\/index.php?rest_route=\/wp\/v2\/types\/post"}],"author":[{"embeddable":true,"href":"https:\/\/archive.sana.sy\/tr\/index.php?rest_route=\/wp\/v2\/users\/41"}],"replies":[{"embeddable":true,"href":"https:\/\/archive.sana.sy\/tr\/index.php?rest_route=%2Fwp%2Fv2%2Fcomments&post=268338"}],"version-history":[{"count":0,"href":"https:\/\/archive.sana.sy\/tr\/index.php?rest_route=\/wp\/v2\/posts\/268338\/revisions"}],"wp:featuredmedia":[{"embeddable":true,"href":"https:\/\/archive.sana.sy\/tr\/index.php?rest_route=\/wp\/v2\/media\/268339"}],"wp:attachment":[{"href":"https:\/\/archive.sana.sy\/tr\/index.php?rest_route=%2Fwp%2Fv2%2Fmedia&parent=268338"}],"wp:term":[{"taxonomy":"category","embeddable":true,"href":"https:\/\/archive.sana.sy\/tr\/index.php?rest_route=%2Fwp%2Fv2%2Fcategories&post=268338"},{"taxonomy":"post_tag","embeddable":true,"href":"https:\/\/archive.sana.sy\/tr\/index.php?rest_route=%2Fwp%2Fv2%2Ftags&post=268338"}],"curies":[{"name":"wp","href":"https:\/\/api.w.org\/{rel}","templated":true}]}}