{"id":268371,"date":"2022-12-04T09:28:56","date_gmt":"2022-12-04T07:28:56","guid":{"rendered":"http:\/\/107.6.182.27\/tr\/?p=268371"},"modified":"2022-12-05T07:36:36","modified_gmt":"2022-12-05T05:36:36","slug":"slutsky-uzayda-rusya-ile-bati-arasinda-bir-carpisma-olasiligindan-uyardi","status":"publish","type":"post","link":"https:\/\/archive.sana.sy\/tr\/?p=268371","title":{"rendered":"Slutsky, Uzayda Rusya \u0130le Bat\u0131 Aras\u0131nda Bir \u00c7arp\u0131\u015fma Olas\u0131l\u0131\u011f\u0131ndan Uyard\u0131"},"content":{"rendered":"<p>MOSKOVA \u2013 Rusya Devlet Dumas\u0131 Uluslararas\u0131 \u0130li\u015fkiler Komitesi ba\u015fkan\u0131 Leonid Slutsky, Bat\u0131&#8217;n\u0131n Ukrayna krizine m\u00fcdahil olmas\u0131n\u0131n ve Rusya&#8217;n\u0131n uyar\u0131lar\u0131n\u0131 dikkate almamas\u0131n\u0131n askeri \u00e7at\u0131\u015fman\u0131n uzaya ta\u015f\u0131nmas\u0131na yol a\u00e7abilece\u011fini belirtti.<\/p>\n<p>Russia Today&#8217;in aktard\u0131\u011f\u0131na g\u00f6re Slutsky, &#8220;Yaln\u0131zca sava\u015f g\u00f6revleri y\u00fcr\u00fcten sivil ticari uydular da me\u015fru imha hedefleri haline gelebilir&#8221; dedi.<\/p>\n<p>Slutsky, &#8220;Rusya D\u0131\u015fi\u015fleri Bakanl\u0131\u011f\u0131 ge\u00e7ti\u011fimiz g\u00fcnlerde bu konuda uyar\u0131da bulundu ve e\u011fer Bat\u0131, t\u0131pk\u0131 Ukrayna&#8217;daki askeri operasyonunu ba\u015flamadan \u00f6nce g\u00fcvenlik taleplerimizi g\u00f6rmezden geldi\u011fi gibi, Rusya&#8217;n\u0131n uyar\u0131lar\u0131n\u0131 da g\u00f6rmezden gelmeye devam ederse, bu durum askeri \u00e7at\u0131\u015fman\u0131n uzaya ta\u015f\u0131nmas\u0131na yol a\u00e7abilir\u201d dedi.<\/p>\n<p>Rusya D\u0131\u015fi\u015fleri Bakanl\u0131\u011f\u0131&#8217;n\u0131n, uzay\u0131n askerile\u015ftirilmesini \u00f6nlemek i\u00e7in uluslararas\u0131 anla\u015fmalar\u0131 alenen ihlal ederek, Bat\u0131&#8217;n\u0131n Ukrayna kuvvetlerine veri iletmek i\u00e7in uydular\u0131 kulland\u0131\u011f\u0131na dair bilgisi oldu\u011funa dikkat \u00e7ekti.<\/p>\n<p><span style=\"color: #0000ff;\">#Telegram_Kanal\u0131m\u0131z: https:\/\/t.me\/SuriyeArapHaberAjansI<\/span><\/p>\n","protected":false},"excerpt":{"rendered":"<p>MOSKOVA \u2013 Rusya Devlet Dumas\u0131 Uluslararas\u0131 \u0130li\u015fkiler Komitesi ba\u015fkan\u0131 Leonid Slutsky, Bat\u0131&#8217;n\u0131n Ukrayna krizine m\u00fcdahil olmas\u0131n\u0131n ve Rusya&#8217;n\u0131n uyar\u0131lar\u0131n\u0131 dikkate almamas\u0131n\u0131n askeri \u00e7at\u0131\u015fman\u0131n uzaya ta\u015f\u0131nmas\u0131na yol a\u00e7abilece\u011fini belirtti. Russia Today&#8217;in aktard\u0131\u011f\u0131na g\u00f6re Slutsky, &#8220;Yaln\u0131zca sava\u015f g\u00f6revleri y\u00fcr\u00fcten sivil ticari uydular da me\u015fru imha hedefleri haline gelebilir&#8221; dedi. Slutsky, &#8220;Rusya D\u0131\u015fi\u015fleri Bakanl\u0131\u011f\u0131 ge\u00e7ti\u011fimiz g\u00fcnlerde bu konuda &hellip;<\/p>\n","protected":false},"author":36,"featured_media":268372,"comment_status":"closed","ping_status":"closed","sticky":false,"template":"","format":"standard","meta":{"footnotes":""},"categories":[458,459,17988],"tags":[],"class_list":["post-268371","post","type-post","status-publish","format-standard","has-post-thumbnail","","category-dunya1","category-haberler-arap-uluslararasi-politika","category-son-haberler"],"_links":{"self":[{"href":"https:\/\/archive.sana.sy\/tr\/index.php?rest_route=\/wp\/v2\/posts\/268371","targetHints":{"allow":["GET"]}}],"collection":[{"href":"https:\/\/archive.sana.sy\/tr\/index.php?rest_route=\/wp\/v2\/posts"}],"about":[{"href":"https:\/\/archive.sana.sy\/tr\/index.php?rest_route=\/wp\/v2\/types\/post"}],"author":[{"embeddable":true,"href":"https:\/\/archive.sana.sy\/tr\/index.php?rest_route=\/wp\/v2\/users\/36"}],"replies":[{"embeddable":true,"href":"https:\/\/archive.sana.sy\/tr\/index.php?rest_route=%2Fwp%2Fv2%2Fcomments&post=268371"}],"version-history":[{"count":0,"href":"https:\/\/archive.sana.sy\/tr\/index.php?rest_route=\/wp\/v2\/posts\/268371\/revisions"}],"wp:featuredmedia":[{"embeddable":true,"href":"https:\/\/archive.sana.sy\/tr\/index.php?rest_route=\/wp\/v2\/media\/268372"}],"wp:attachment":[{"href":"https:\/\/archive.sana.sy\/tr\/index.php?rest_route=%2Fwp%2Fv2%2Fmedia&parent=268371"}],"wp:term":[{"taxonomy":"category","embeddable":true,"href":"https:\/\/archive.sana.sy\/tr\/index.php?rest_route=%2Fwp%2Fv2%2Fcategories&post=268371"},{"taxonomy":"post_tag","embeddable":true,"href":"https:\/\/archive.sana.sy\/tr\/index.php?rest_route=%2Fwp%2Fv2%2Ftags&post=268371"}],"curies":[{"name":"wp","href":"https:\/\/api.w.org\/{rel}","templated":true}]}}