{"id":268387,"date":"2022-12-04T18:00:07","date_gmt":"2022-12-04T16:00:07","guid":{"rendered":"http:\/\/107.6.182.27\/tr\/?p=268387"},"modified":"2022-12-05T07:41:12","modified_gmt":"2022-12-05T05:41:12","slug":"mikdad-eski-cin-devlet-baskani-jiang-zeminin-vefati-nedeniyle-bassagligi-diledi","status":"publish","type":"post","link":"https:\/\/archive.sana.sy\/tr\/?p=268387","title":{"rendered":"Mikdad Ve \u015eaban, Eski \u00c7in Devlet Ba\u015fkan\u0131 Jiang Zemin&#8217;in Vefat\u0131 Nedeniyle Ba\u015fsa\u011fl\u0131\u011f\u0131 Dilediler"},"content":{"rendered":"<p>D\u0131\u015fi\u015fleri ve Gurbet\u00e7iler Bakan\u0131 Dr. Faysal Mikdad ve Ve Cumhurba\u015fkanl\u0131\u011f\u0131 \u00d6zel Dan\u0131\u015fman\u0131 Dr. Buseyna \u015eaban, bug\u00fcn \u00c7in Halk Cumhuriyeti&#8217;nin \u015eam&#8217;daki B\u00fcy\u00fckel\u00e7ili\u011fi karargah\u0131nda \u00c7in&#8217;in eski Devlet Ba\u015fkan\u0131 Jiang Zemin&#8217;in vefat\u0131 nedeniyle taziyelerini sundular.<\/p>\n<p><img loading=\"lazy\" decoding=\"async\" class=\" wp-image-268388 alignright\" src=\"http:\/\/107.6.182.27\/tr\/wp-content\/uploads\/2022\/12\/6-300x225.jpg\" alt=\"\" width=\"244\" height=\"183\" srcset=\"https:\/\/archive.sana.sy\/tr\/wp-content\/uploads\/2022\/12\/6-300x225.jpg 300w, https:\/\/archive.sana.sy\/tr\/wp-content\/uploads\/2022\/12\/6-150x113.jpg 150w, https:\/\/archive.sana.sy\/tr\/wp-content\/uploads\/2022\/12\/6.jpg 660w\" sizes=\"auto, (max-width: 244px) 100vw, 244px\" \/>Mikdad, taziye defterine bir s\u00f6z yazarak Ba\u015fkan Zemin&#8217;in vefat\u0131 nedeniyle \u00c7in halk\u0131na ve liderlerine en i\u00e7ten taziyelerini iletti.<\/p>\n<p>Mikdad Bas\u0131n mensuplar\u0131na yapt\u0131\u011f\u0131 a\u00e7\u0131klamada: \u2018\u2019 Ba\u015fkan Ximin&#8217;in vefat\u0131 sadece \u00c7in ve Suriye halk\u0131 i\u00e7in de\u011fil, t\u00fcm d\u00fcnya i\u00e7in b\u00fcy\u00fck bir kay\u0131pt\u0131r.\u2019\u2019\u00a0 ifadelerini kullanarak, merhumun elde etti\u011fi ba\u015far\u0131lara, i\u00e7 reformlara ve bug\u00fcn \u00c7in&#8217;in tan\u0131k oldu\u011fu ilerleme ve geli\u015fmeye ek olarak bug\u00fcn kar\u015f\u0131la\u015ft\u0131\u011f\u0131m\u0131z sorunlar\u0131 \u00e7\u00f6zmek i\u00e7in g\u00f6sterdi\u011fi \u00e7abalar\u0131 ve \u00e7al\u0131\u015fmalar\u0131na dikkat \u00e7ekti.<\/p>\n<p><img loading=\"lazy\" decoding=\"async\" class=\" wp-image-268419 alignright\" src=\"http:\/\/107.6.182.27\/tr\/wp-content\/uploads\/2022\/12\/AMR_1141-copy-300x192-1.jpg\" alt=\"\" width=\"248\" height=\"158\" srcset=\"https:\/\/archive.sana.sy\/tr\/wp-content\/uploads\/2022\/12\/AMR_1141-copy-300x192-1.jpg 300w, https:\/\/archive.sana.sy\/tr\/wp-content\/uploads\/2022\/12\/AMR_1141-copy-300x192-1-150x96.jpg 150w\" sizes=\"auto, (max-width: 248px) 100vw, 248px\" \/>Mikdad ayr\u0131ca, merhum cumhurba\u015fkan\u0131n\u0131n Suriye ile \u00c7in aras\u0131ndaki ili\u015fkilerin derinle\u015ftirilmesi i\u00e7in b\u00fcy\u00fck \u00e7aba sarf etti\u011fini, bilge bir lider ve d\u00fcnyan\u0131n en kalabal\u0131k insanlar\u0131n\u0131n temsilcisi oldu\u011funu kaydetti.<\/p>\n<p>Dr. \u015eaban taziye defterine, \u00c7in Halk Cumhuriyeti&#8217;nin onuru ve haysiyeti ve t\u00fcm insanl\u0131k i\u00e7in daha iyi bir gelece\u011fe ula\u015fmak i\u00e7in b\u00fcy\u00fck \u00e7aba sarf eden merhum cumhurba\u015fkan\u0131 i\u00e7in derin ba\u015fsa\u011fl\u0131\u011f\u0131 diledi\u011fi bir s\u00f6z de yazd\u0131.<\/p>\n<div id='gallery-1' class='gallery galleryid-268387 gallery-columns-3 gallery-size-medium'><figure class='gallery-item'>\n\t\t\t<div class='gallery-icon landscape'>\n\t\t\t\t<a href='https:\/\/archive.sana.sy\/tr\/?attachment_id=268420'><img loading=\"lazy\" decoding=\"async\" width=\"300\" height=\"200\" src=\"https:\/\/archive.sana.sy\/tr\/wp-content\/uploads\/2022\/12\/AMR_1093-copy-300x200.jpg\" class=\"attachment-medium size-medium\" alt=\"\" srcset=\"https:\/\/archive.sana.sy\/tr\/wp-content\/uploads\/2022\/12\/AMR_1093-copy-300x200.jpg 300w, https:\/\/archive.sana.sy\/tr\/wp-content\/uploads\/2022\/12\/AMR_1093-copy-150x100.jpg 150w, https:\/\/archive.sana.sy\/tr\/wp-content\/uploads\/2022\/12\/AMR_1093-copy.jpg 660w\" sizes=\"auto, (max-width: 300px) 100vw, 300px\" \/><\/a>\n\t\t\t<\/div><\/figure><figure class='gallery-item'>\n\t\t\t<div class='gallery-icon landscape'>\n\t\t\t\t<a href='https:\/\/archive.sana.sy\/tr\/?attachment_id=268421'><img loading=\"lazy\" decoding=\"async\" width=\"300\" height=\"200\" src=\"https:\/\/archive.sana.sy\/tr\/wp-content\/uploads\/2022\/12\/AMR_1090-copy-300x200.jpg\" class=\"attachment-medium size-medium\" alt=\"\" srcset=\"https:\/\/archive.sana.sy\/tr\/wp-content\/uploads\/2022\/12\/AMR_1090-copy-300x200.jpg 300w, https:\/\/archive.sana.sy\/tr\/wp-content\/uploads\/2022\/12\/AMR_1090-copy-150x100.jpg 150w, https:\/\/archive.sana.sy\/tr\/wp-content\/uploads\/2022\/12\/AMR_1090-copy.jpg 660w\" sizes=\"auto, (max-width: 300px) 100vw, 300px\" \/><\/a>\n\t\t\t<\/div><\/figure><figure class='gallery-item'>\n\t\t\t<div class='gallery-icon landscape'>\n\t\t\t\t<a href='https:\/\/archive.sana.sy\/tr\/?attachment_id=268422'><img loading=\"lazy\" decoding=\"async\" width=\"300\" height=\"200\" src=\"https:\/\/archive.sana.sy\/tr\/wp-content\/uploads\/2022\/12\/AMR_1063-copy-300x200.jpg\" class=\"attachment-medium size-medium\" alt=\"\" srcset=\"https:\/\/archive.sana.sy\/tr\/wp-content\/uploads\/2022\/12\/AMR_1063-copy-300x200.jpg 300w, https:\/\/archive.sana.sy\/tr\/wp-content\/uploads\/2022\/12\/AMR_1063-copy-150x100.jpg 150w, https:\/\/archive.sana.sy\/tr\/wp-content\/uploads\/2022\/12\/AMR_1063-copy.jpg 660w\" sizes=\"auto, (max-width: 300px) 100vw, 300px\" \/><\/a>\n\t\t\t<\/div><\/figure>\n\t\t<\/div>\n\n<p><a class=\"x1i10hfl xjbqb8w x6umtig x1b1mbwd xaqea5y xav7gou x9f619 x1ypdohk xt0psk2 xe8uvvx xdj266r x11i5rnm xat24cr x1mh8g0r xexx8yu x4uap5 x18d9i69 xkhd6sd x16tdsg8 x1hl2dhg xggy1nq x1a2a7pz xt0b8zv x1qq9wsj xo1l8bm\" tabindex=\"0\" role=\"link\" href=\"https:\/\/www.facebook.com\/hashtag\/telegram_kanal%C4%B1m%C4%B1z?__eep__=6&amp;__cft__[0]=AZWbGEG4krkmlR37HQdeRa_tm56Wm_RC0u1zo5iXDu5xV6XEJRwbLQFJC38G1tcWgZeX0p8zTSUd3uyeehoD7OhBF5QQI7DXPOTG-RSKBT0GYfKLZkWmnLBfVHBHy5SYz_aGgCq4tF1FyKaM3Ll7_puD3CQxRM61XsCjwkxuytTi1E9ZGHfz4-ZPSvnOSYFQ0KU&amp;__tn__=*NK-R\">#Telegram_Kanal\u0131m\u0131z<\/a>:\u00a0<a class=\"x1i10hfl xjbqb8w x6umtig x1b1mbwd xaqea5y xav7gou x9f619 x1ypdohk xt0psk2 xe8uvvx xdj266r x11i5rnm xat24cr x1mh8g0r xexx8yu x4uap5 x18d9i69 xkhd6sd x16tdsg8 x1hl2dhg xggy1nq x1a2a7pz xt0b8zv x1fey0fg\" tabindex=\"0\" role=\"link\" href=\"https:\/\/t.me\/SuriyeArapHaberAjans%C4%B1?fbclid=IwAR1mjgJbN7oiCUhCmbkxYbE3Yf-NwYxepsBh4WXMfHRx1gYI0RRefa-kvPs\" target=\"_blank\" rel=\"nofollow noopener\">https:\/\/t.me\/SuriyeArapHaberAjans\u0131<\/a><\/p>\n<p>&nbsp;<\/p>\n","protected":false},"excerpt":{"rendered":"<p>D\u0131\u015fi\u015fleri ve Gurbet\u00e7iler Bakan\u0131 Dr. Faysal Mikdad ve Ve Cumhurba\u015fkanl\u0131\u011f\u0131 \u00d6zel Dan\u0131\u015fman\u0131 Dr. Buseyna \u015eaban, bug\u00fcn \u00c7in Halk Cumhuriyeti&#8217;nin \u015eam&#8217;daki B\u00fcy\u00fckel\u00e7ili\u011fi karargah\u0131nda \u00c7in&#8217;in eski Devlet Ba\u015fkan\u0131 Jiang Zemin&#8217;in vefat\u0131 nedeniyle taziyelerini sundular. Mikdad, taziye defterine bir s\u00f6z yazarak Ba\u015fkan Zemin&#8217;in vefat\u0131 nedeniyle \u00c7in halk\u0131na ve liderlerine en i\u00e7ten taziyelerini iletti. Mikdad Bas\u0131n mensuplar\u0131na yapt\u0131\u011f\u0131 a\u00e7\u0131klamada: &hellip;<\/p>\n","protected":false},"author":36,"featured_media":268389,"comment_status":"closed","ping_status":"closed","sticky":false,"template":"","format":"standard","meta":{"footnotes":""},"categories":[479,17988,478],"tags":[],"class_list":["post-268387","post","type-post","status-publish","format-standard","has-post-thumbnail","","category-haberler-yerel","category-son-haberler","category-yerel"],"_links":{"self":[{"href":"https:\/\/archive.sana.sy\/tr\/index.php?rest_route=\/wp\/v2\/posts\/268387","targetHints":{"allow":["GET"]}}],"collection":[{"href":"https:\/\/archive.sana.sy\/tr\/index.php?rest_route=\/wp\/v2\/posts"}],"about":[{"href":"https:\/\/archive.sana.sy\/tr\/index.php?rest_route=\/wp\/v2\/types\/post"}],"author":[{"embeddable":true,"href":"https:\/\/archive.sana.sy\/tr\/index.php?rest_route=\/wp\/v2\/users\/36"}],"replies":[{"embeddable":true,"href":"https:\/\/archive.sana.sy\/tr\/index.php?rest_route=%2Fwp%2Fv2%2Fcomments&post=268387"}],"version-history":[{"count":0,"href":"https:\/\/archive.sana.sy\/tr\/index.php?rest_route=\/wp\/v2\/posts\/268387\/revisions"}],"wp:featuredmedia":[{"embeddable":true,"href":"https:\/\/archive.sana.sy\/tr\/index.php?rest_route=\/wp\/v2\/media\/268389"}],"wp:attachment":[{"href":"https:\/\/archive.sana.sy\/tr\/index.php?rest_route=%2Fwp%2Fv2%2Fmedia&parent=268387"}],"wp:term":[{"taxonomy":"category","embeddable":true,"href":"https:\/\/archive.sana.sy\/tr\/index.php?rest_route=%2Fwp%2Fv2%2Fcategories&post=268387"},{"taxonomy":"post_tag","embeddable":true,"href":"https:\/\/archive.sana.sy\/tr\/index.php?rest_route=%2Fwp%2Fv2%2Ftags&post=268387"}],"curies":[{"name":"wp","href":"https:\/\/api.w.org\/{rel}","templated":true}]}}