{"id":268415,"date":"2022-12-04T17:30:40","date_gmt":"2022-12-04T15:30:40","guid":{"rendered":"http:\/\/107.6.182.27\/tr\/?p=268415"},"modified":"2022-12-05T07:40:38","modified_gmt":"2022-12-05T05:40:38","slug":"maliye-bakani-bahreyn-buyukelcisi-ile-finans-ve-bankacilik-isbirligini-gelistirmenin-yollarini-gorusyor","status":"publish","type":"post","link":"https:\/\/archive.sana.sy\/tr\/?p=268415","title":{"rendered":"Maliye Bakan\u0131, Bahreyn B\u00fcy\u00fckel\u00e7isi \u0130le Finans Ve Bankac\u0131l\u0131k \u0130\u015fbirli\u011fini Geli\u015ftirmenin yollar\u0131n\u0131 G\u00f6r\u00fc\u015fyor"},"content":{"rendered":"<p>\u015eAM \u2013 Maliye Bakan\u0131 Dr. Kinan Ya\u011fi, Bahreyn Krall\u0131\u011f\u0131&#8217;n\u0131n \u015eam B\u00fcy\u00fckel\u00e7isi Velid M\u00fcbarek Seyyar ile iki \u00fclke aras\u0131ndaki finans, bankac\u0131l\u0131k ve g\u00fcmr\u00fck alanlar\u0131nda i\u015fbirli\u011fi ili\u015fkilerini geli\u015ftirme yollar\u0131n\u0131 g\u00f6r\u00fc\u015ft\u00fc.<\/p>\n<p>Bug\u00fcn Maliye Bakanl\u0131\u011f\u0131&#8217;n\u0131n \u015eam&#8217;daki merkezinde ger\u00e7ekle\u015ftirilen g\u00f6r\u00fc\u015fmede Bakan Ya\u011fi, iki taraf aras\u0131nda \u00e7ifte vergilendirmeyi ve vergi ka\u00e7ak\u00e7\u0131l\u0131\u011f\u0131n\u0131 \u00f6nleme alan\u0131nda ikili anla\u015fmaya i\u015faret ederek, g\u00fcmr\u00fck alan\u0131nda kar\u015f\u0131l\u0131kl\u0131 idari i\u015fbirli\u011fine y\u00f6nelik bir anla\u015fma tasla\u011f\u0131 oldu\u011funu belirtti.<\/p>\n<p>\u0130ki taraf, iki \u00fclke aras\u0131ndaki ikili anla\u015fmalar\u0131n etkinle\u015ftirilmesi ve \u00e7e\u015fitli i\u015fbirli\u011fi alanlar\u0131na ili\u015fkin koordinasyonun s\u00fcrd\u00fcr\u00fclmesi gere\u011fi konusunda anla\u015ft\u0131lar.<\/p>\n<p><a class=\"x1i10hfl xjbqb8w x6umtig x1b1mbwd xaqea5y xav7gou x9f619 x1ypdohk xt0psk2 xe8uvvx xdj266r x11i5rnm xat24cr x1mh8g0r xexx8yu x4uap5 x18d9i69 xkhd6sd x16tdsg8 x1hl2dhg xggy1nq x1a2a7pz xt0b8zv x1qq9wsj xo1l8bm\" tabindex=\"0\" role=\"link\" href=\"https:\/\/www.facebook.com\/hashtag\/telegram_kanal%C4%B1m%C4%B1z?__eep__=6&amp;__cft__[0]=AZWbGEG4krkmlR37HQdeRa_tm56Wm_RC0u1zo5iXDu5xV6XEJRwbLQFJC38G1tcWgZeX0p8zTSUd3uyeehoD7OhBF5QQI7DXPOTG-RSKBT0GYfKLZkWmnLBfVHBHy5SYz_aGgCq4tF1FyKaM3Ll7_puD3CQxRM61XsCjwkxuytTi1E9ZGHfz4-ZPSvnOSYFQ0KU&amp;__tn__=*NK-R\">#Telegram_Kanal\u0131m\u0131z<\/a>:\u00a0<a class=\"x1i10hfl xjbqb8w x6umtig x1b1mbwd xaqea5y xav7gou x9f619 x1ypdohk xt0psk2 xe8uvvx xdj266r x11i5rnm xat24cr x1mh8g0r xexx8yu x4uap5 x18d9i69 xkhd6sd x16tdsg8 x1hl2dhg xggy1nq x1a2a7pz xt0b8zv x1fey0fg\" tabindex=\"0\" role=\"link\" href=\"https:\/\/t.me\/SuriyeArapHaberAjans%C4%B1?fbclid=IwAR1mjgJbN7oiCUhCmbkxYbE3Yf-NwYxepsBh4WXMfHRx1gYI0RRefa-kvPs\" target=\"_blank\" rel=\"nofollow noopener\">https:\/\/t.me\/SuriyeArapHaberAjans\u0131<\/a><\/p>\n","protected":false},"excerpt":{"rendered":"<p>\u015eAM \u2013 Maliye Bakan\u0131 Dr. Kinan Ya\u011fi, Bahreyn Krall\u0131\u011f\u0131&#8217;n\u0131n \u015eam B\u00fcy\u00fckel\u00e7isi Velid M\u00fcbarek Seyyar ile iki \u00fclke aras\u0131ndaki finans, bankac\u0131l\u0131k ve g\u00fcmr\u00fck alanlar\u0131nda i\u015fbirli\u011fi ili\u015fkilerini geli\u015ftirme yollar\u0131n\u0131 g\u00f6r\u00fc\u015ft\u00fc. Bug\u00fcn Maliye Bakanl\u0131\u011f\u0131&#8217;n\u0131n \u015eam&#8217;daki merkezinde ger\u00e7ekle\u015ftirilen g\u00f6r\u00fc\u015fmede Bakan Ya\u011fi, iki taraf aras\u0131nda \u00e7ifte vergilendirmeyi ve vergi ka\u00e7ak\u00e7\u0131l\u0131\u011f\u0131n\u0131 \u00f6nleme alan\u0131nda ikili anla\u015fmaya i\u015faret ederek, g\u00fcmr\u00fck alan\u0131nda kar\u015f\u0131l\u0131kl\u0131 idari &hellip;<\/p>\n","protected":false},"author":41,"featured_media":268416,"comment_status":"closed","ping_status":"closed","sticky":false,"template":"","format":"standard","meta":{"footnotes":""},"categories":[485,486,479,17988,478],"tags":[],"class_list":["post-268415","post","type-post","status-publish","format-standard","has-post-thumbnail","","category-is-ve-sermaye","category-haberler-is-ve-sermaye","category-haberler-yerel","category-son-haberler","category-yerel"],"_links":{"self":[{"href":"https:\/\/archive.sana.sy\/tr\/index.php?rest_route=\/wp\/v2\/posts\/268415","targetHints":{"allow":["GET"]}}],"collection":[{"href":"https:\/\/archive.sana.sy\/tr\/index.php?rest_route=\/wp\/v2\/posts"}],"about":[{"href":"https:\/\/archive.sana.sy\/tr\/index.php?rest_route=\/wp\/v2\/types\/post"}],"author":[{"embeddable":true,"href":"https:\/\/archive.sana.sy\/tr\/index.php?rest_route=\/wp\/v2\/users\/41"}],"replies":[{"embeddable":true,"href":"https:\/\/archive.sana.sy\/tr\/index.php?rest_route=%2Fwp%2Fv2%2Fcomments&post=268415"}],"version-history":[{"count":0,"href":"https:\/\/archive.sana.sy\/tr\/index.php?rest_route=\/wp\/v2\/posts\/268415\/revisions"}],"wp:featuredmedia":[{"embeddable":true,"href":"https:\/\/archive.sana.sy\/tr\/index.php?rest_route=\/wp\/v2\/media\/268416"}],"wp:attachment":[{"href":"https:\/\/archive.sana.sy\/tr\/index.php?rest_route=%2Fwp%2Fv2%2Fmedia&parent=268415"}],"wp:term":[{"taxonomy":"category","embeddable":true,"href":"https:\/\/archive.sana.sy\/tr\/index.php?rest_route=%2Fwp%2Fv2%2Fcategories&post=268415"},{"taxonomy":"post_tag","embeddable":true,"href":"https:\/\/archive.sana.sy\/tr\/index.php?rest_route=%2Fwp%2Fv2%2Ftags&post=268415"}],"curies":[{"name":"wp","href":"https:\/\/api.w.org\/{rel}","templated":true}]}}